{"id":639391,"date":"2025-12-11T14:59:16","date_gmt":"2025-12-11T14:59:16","guid":{"rendered":"https:\/\/www.europesays.com\/de\/639391\/"},"modified":"2025-12-11T14:59:16","modified_gmt":"2025-12-11T14:59:16","slug":"eva-hoegl-wird-erste-innensenatorin-des-bundeslandes","status":"publish","type":"post","link":"https:\/\/www.europesays.com\/de\/639391\/","title":{"rendered":"Eva H\u00f6gl wird erste Innensenatorin des Bundeslandes"},"content":{"rendered":"<p>Historischer Moment in Bremen <\/p>\n<p>B\u00fcrgerschaft w\u00e4hlt erstmals Frau an die Spitze des Innenressorts<\/p>\n<p>11.12.2025 &#8211; 15:47 UhrLesedauer: 1 Min.<\/p>\n<p><a href=\"#focus-0\" class=\"transition-colors duration-200 block text-current relative\" data-sctrack=\"FocusGalleryImage.Reference\"><img fetchpriority=\"high\" data-testid=\"Opener.Image\" style=\"--lqipURL:url('https:\/\/images.t-online.de\/2025\/12\/eEcm9CqfK6h2\/0x0:2048x1152\/fit-in\/150x0\/filters:blur(25)\/die-bremische-buergerschaft-hat-eva-hoegl-als-senatsmitglied-gewaehlt-die-spd-politikerin-leistete-ihren-amtseid.jpg')\"   loading=\"eager\" src=\"https:\/\/www.europesays.com\/de\/wp-content\/uploads\/2025\/12\/die-bremische-buergerschaft-hat-eva-hoegl-als-senatsmitglied-gewaehlt-die-spd-politikerin-leistete-i.jpeg\" alt=\"Bremische B\u00fcrgerschaft - Wahl neues Senatsmitglied\" title=\"Bremische B\u00fcrgerschaft - Wahl neues Senatsmitglied\" width=\"2048\" height=\"1152\" class=\"bg-[url:var(--lqipURL)] bg-cover bg-center flex h-full w-full max-w-full\" decoding=\"async\"\/><img style=\"--width:32;--height:32\" loading=\"lazy\" src=\"https:\/\/bremen.t-online.de\/s\/paper\/_next\/static\/media\/zoom-in.f7dae02f.svg\" alt=\"Vergr\u00f6\u00dfern des Bildes\" title=\"Vergr\u00f6\u00dfern des Bildes\" class=\"block h-[calc(var(--height)_\/_16_*_1rem)] w-[calc(var(--width)_\/_16_*_1rem)] max-w-none absolute bottom-8 right-8 rounded-4 bg-snow p-8\" decoding=\"async\"\/><\/a><\/p>\n<p>Eva H\u00f6gl leistet den Amtseid: Die Bremische B\u00fcrgerschaft hat sie zum Senatsmitglied gew\u00e4hlt. (Quelle: Sina Schuldt\/dpa\/dpa-bilder)<\/p>\n<p class=\"font-bold text-18 leading-17\">Eva H\u00f6gl \u00fcbernimmt als neue Senatorin die Leitung des Bremer Innenressorts. Die SPD-Politikerin ist die erste Frau an der Spitze.<\/p>\n<p class=\"text-18 leading-17\">Die Bremische B\u00fcrgerschaft hat Eva H\u00f6gl zur ersten Innensenatorin in der Geschichte des Bundeslandes gew\u00e4hlt. Die 56-j\u00e4hrige SPD-Politikerin erhielt am Donnerstag 49 Ja-Stimmen bei 80 abgegebenen Stimmen. 29 Abgeordnete votierten gegen H\u00f6gl. Eine Stimme war ung\u00fcltig, es gab eine Enthaltung.<\/p>\n<p class=\"text-18 leading-17\">Nach der Wahl leistete H\u00f6gl ihren Amtseid vor der B\u00fcrgerschaft. Der Senat best\u00e4tigte anschlie\u00dfend ihre Ernennung zur Senatorin f\u00fcr Inneres und Sport. Sie folgt auf Ulrich M\u00e4urer (SPD). Der langj\u00e4hrige Innensenator begr\u00fcndete seinen R\u00fcckzug unter anderem mit seinem Alter.<\/p>\n<p class=\"text-18 leading-17\">H\u00f6gl verf\u00fcgt \u00fcber umfangreiche politische Erfahrung. Ihre Karriere begann 1999 im Bundesministerium f\u00fcr Arbeit und Soziales. Von 2009 bis 2020 geh\u00f6rte sie dem Bundestag an. In der SPD-Fraktion befasste sie sich mit Innen- und Rechtspolitik. Bis Mai 2025 diente sie als Wehrbeauftragte des Bundestages.<\/p>\n<p class=\"text-18 leading-17\">Die geb\u00fcrtige Osnabr\u00fcckerin gilt als eher linksliberal orientiert. Sie engagierte sich jahrelang als Mitglied bei der Fl\u00fcchtlingsorganisation &#8222;Pro Asyl&#8220;.<\/p>\n<p class=\"text-18 leading-17\">H\u00f6gls Wahl reiht sich in weitere personelle Ver\u00e4nderungen im Bremer Senat ein. Im Oktober \u00fcbernahm Mark Rackles (SPD) das Ressort f\u00fcr Kinder und Bildung. Seit November leitet Henrike M\u00fcller (Gr\u00fcne) das Amt der Senatorin f\u00fcr Umwelt, Klima und Wissenschaft.<\/p>\n<p class=\"text-18 leading-17\">Die n\u00e4chste regul\u00e4re Landtagswahl in Bremen findet im Fr\u00fchjahr 2027 statt.<\/p>\n","protected":false},"excerpt":{"rendered":"Historischer Moment in Bremen B\u00fcrgerschaft w\u00e4hlt erstmals Frau an die Spitze des Innenressorts 11.12.2025 &#8211; 15:47 UhrLesedauer: 1&hellip;\n","protected":false},"author":2,"featured_media":639392,"comment_status":"","ping_status":"","sticky":false,"template":"","format":"standard","meta":{"footnotes":""},"categories":[1824],"tags":[722,17161,150703,2420,59982,1180,4671,3364,29,102621,30,25624,184],"class_list":{"0":"post-639391","1":"post","2":"type-post","3":"status-publish","4":"format-standard","5":"has-post-thumbnail","7":"category-bremen","8":"tag-722","9":"tag-17161","10":"tag-amtseid","11":"tag-bremen","12":"tag-bremische-buergerschaft","13":"tag-bundestag","14":"tag-buergerschaft","15":"tag-de","16":"tag-deutschland","17":"tag-eva-hoegl","18":"tag-germany","19":"tag-innenressort","20":"tag-spd"},"share_on_mastodon":{"url":"https:\/\/pubeurope.com\/@de\/115701533216983111","error":""},"_links":{"self":[{"href":"https:\/\/www.europesays.com\/de\/wp-json\/wp\/v2\/posts\/639391","targetHints":{"allow":["GET"]}}],"collection":[{"href":"https:\/\/www.europesays.com\/de\/wp-json\/wp\/v2\/posts"}],"about":[{"href":"https:\/\/www.europesays.com\/de\/wp-json\/wp\/v2\/types\/post"}],"author":[{"embeddable":true,"href":"https:\/\/www.europesays.com\/de\/wp-json\/wp\/v2\/users\/2"}],"replies":[{"embeddable":true,"href":"https:\/\/www.europesays.com\/de\/wp-json\/wp\/v2\/comments?post=639391"}],"version-history":[{"count":0,"href":"https:\/\/www.europesays.com\/de\/wp-json\/wp\/v2\/posts\/639391\/revisions"}],"wp:featuredmedia":[{"embeddable":true,"href":"https:\/\/www.europesays.com\/de\/wp-json\/wp\/v2\/media\/639392"}],"wp:attachment":[{"href":"https:\/\/www.europesays.com\/de\/wp-json\/wp\/v2\/media?parent=639391"}],"wp:term":[{"taxonomy":"category","embeddable":true,"href":"https:\/\/www.europesays.com\/de\/wp-json\/wp\/v2\/categories?post=639391"},{"taxonomy":"post_tag","embeddable":true,"href":"https:\/\/www.europesays.com\/de\/wp-json\/wp\/v2\/tags?post=639391"}],"curies":[{"name":"wp","href":"https:\/\/api.w.org\/{rel}","templated":true}]}}