{"id":639397,"date":"2025-12-11T15:03:18","date_gmt":"2025-12-11T15:03:18","guid":{"rendered":"https:\/\/www.europesays.com\/de\/639397\/"},"modified":"2025-12-11T15:03:18","modified_gmt":"2025-12-11T15:03:18","slug":"ehepaar-eroeffnet-pizzeria-gusto-in-wellinghofen","status":"publish","type":"post","link":"https:\/\/www.europesays.com\/de\/639397\/","title":{"rendered":"Ehepaar er\u00f6ffnet Pizzeria Gusto in Wellinghofen"},"content":{"rendered":"<p>\t\tPizzeria f\u00fcllt Leerstand am Wellinghofer Marktplatz<br \/>\n\t\t\t\t\tEr\u00f6ffnung f\u00fcr Samstag geplant<\/p>\n<p>\t\t<img alt=\"\" src=\"https:\/\/www.europesays.com\/de\/wp-content\/uploads\/2025\/04\/630_0036_47905_.jpg\"  class=\"avatar avatar-36 photo avatar-default\" height=\"36\" width=\"36\" loading=\"eager\" decoding=\"async\"\/>\t\t<a class=\"article-author__name\" href=\"https:\/\/www.ruhrnachrichten.de\/author\/britta-linnhoff\/\" rel=\"author nofollow noopener\" target=\"_blank\">Britta Linnhoff<\/a><br \/>\n\t\tRedakteurin<\/p>\n<p>    <a href=\"https:\/\/www.ruhrnachrichten.de\/wp-content\/uploads\/2025\/12\/11\/13\/630_0900_5462700_-1648x824.jpg\" rel=\"nofollow noopener\" target=\"_blank\"><\/p>\n<p>            <img loading=\"lazy\" decoding=\"async\" src=\"https:\/\/www.europesays.com\/de\/wp-content\/uploads\/2025\/12\/630_0900_5462684_-640x428.jpg\" width=\"640\" height=\"428\"  alt=\"\"\/><\/p>\n<p>    <\/a><br \/>\n    Wassim Kassem und Handreen Mohammad er\u00f6ffnen am 13. Dezember um 14 Uhr direkt am Wellinghofer Markt ihr Schnellrestaurant. \u00a9 Britta Linnnhoff<\/p>\n<p class=\"article__teaser-text\">Ein neues Schnellrestaurant wird am Samstag (13.12.) im Wellinghofer Ortskern er\u00f6ffnet. Damit endet ein l\u00e4ngerer Leerstand am Marktplatz.<\/p>\n<p>1 Min Lesezeit<\/p>\n<p>Aus Syrien gekommen<\/p>\n","protected":false},"excerpt":{"rendered":"Pizzeria f\u00fcllt Leerstand am Wellinghofer Marktplatz Er\u00f6ffnung f\u00fcr Samstag geplant Britta Linnhoff Redakteurin Wassim Kassem und Handreen Mohammad&hellip;\n","protected":false},"author":2,"featured_media":639398,"comment_status":"","ping_status":"","sticky":false,"template":"","format":"standard","meta":{"footnotes":""},"categories":[1833],"tags":[3364,29,217,701,30,3893,1209],"class_list":{"0":"post-639397","1":"post","2":"type-post","3":"status-publish","4":"format-standard","5":"has-post-thumbnail","7":"category-dortmund","8":"tag-de","9":"tag-deutschland","10":"tag-dortmund","11":"tag-essen-trinken","12":"tag-germany","13":"tag-neueroeffnung","14":"tag-nordrhein-westfalen"},"share_on_mastodon":{"url":"https:\/\/pubeurope.com\/@de\/115701549268708858","error":""},"_links":{"self":[{"href":"https:\/\/www.europesays.com\/de\/wp-json\/wp\/v2\/posts\/639397","targetHints":{"allow":["GET"]}}],"collection":[{"href":"https:\/\/www.europesays.com\/de\/wp-json\/wp\/v2\/posts"}],"about":[{"href":"https:\/\/www.europesays.com\/de\/wp-json\/wp\/v2\/types\/post"}],"author":[{"embeddable":true,"href":"https:\/\/www.europesays.com\/de\/wp-json\/wp\/v2\/users\/2"}],"replies":[{"embeddable":true,"href":"https:\/\/www.europesays.com\/de\/wp-json\/wp\/v2\/comments?post=639397"}],"version-history":[{"count":0,"href":"https:\/\/www.europesays.com\/de\/wp-json\/wp\/v2\/posts\/639397\/revisions"}],"wp:featuredmedia":[{"embeddable":true,"href":"https:\/\/www.europesays.com\/de\/wp-json\/wp\/v2\/media\/639398"}],"wp:attachment":[{"href":"https:\/\/www.europesays.com\/de\/wp-json\/wp\/v2\/media?parent=639397"}],"wp:term":[{"taxonomy":"category","embeddable":true,"href":"https:\/\/www.europesays.com\/de\/wp-json\/wp\/v2\/categories?post=639397"},{"taxonomy":"post_tag","embeddable":true,"href":"https:\/\/www.europesays.com\/de\/wp-json\/wp\/v2\/tags?post=639397"}],"curies":[{"name":"wp","href":"https:\/\/api.w.org\/{rel}","templated":true}]}}