{"id":639403,"date":"2025-12-11T15:07:26","date_gmt":"2025-12-11T15:07:26","guid":{"rendered":"https:\/\/www.europesays.com\/de\/639403\/"},"modified":"2025-12-11T15:07:26","modified_gmt":"2025-12-11T15:07:26","slug":"wissenschaftsfoerderung-leipzig-holt-zwei-leibniz-preise-2","status":"publish","type":"post","link":"https:\/\/www.europesays.com\/de\/639403\/","title":{"rendered":"Wissenschaftsf\u00f6rderung: Leipzig holt zwei Leibniz-Preise"},"content":{"rendered":"<p>Forschung <\/p>\n<p>Wissenschaftsf\u00f6rderung: Leipzig holt zwei Leibniz-Preise<\/p>\n<p>Aktualisiert am 11.12.2025 &#8211; 16:00 UhrLesedauer: 1 Min.<\/p>\n<p><a href=\"#focus-0\" class=\"transition-colors duration-200 block text-current relative\" data-sctrack=\"FocusGalleryImage.Reference\"><img fetchpriority=\"high\" data-testid=\"Opener.Image\" style=\"--lqipURL:url('https:\/\/images.t-online.de\/2025\/12\/BO2IeoaBBvvf\/0x107:2048x1152\/fit-in\/150x0\/filters:blur(25)\/einer-der-beiden-preistraeger-forscht-und-arbeitet-am-leipziger-am-max-planck-institut-fuer-evolutionaere-anthropologie-symbolbild.jpg')\"   loading=\"eager\" src=\"https:\/\/www.europesays.com\/de\/wp-content\/uploads\/2025\/12\/einer-der-beiden-preistraeger-forscht-und-arbeitet-am-leipziger-am-max-planck-institut-fuer-evolutio.jpeg\" alt=\"Nobelpreistr\u00e4ger P\u00e4\u00e4bo\" title=\"Nobelpreistr\u00e4ger P\u00e4\u00e4bo\" width=\"2048\" height=\"1152\" class=\"bg-[url:var(--lqipURL)] bg-cover bg-center flex h-full w-full max-w-full\" decoding=\"async\"\/><img style=\"--width:32;--height:32\" loading=\"lazy\" src=\"https:\/\/leipzig.t-online.de\/s\/paper\/_next\/static\/media\/zoom-in.f7dae02f.svg\" alt=\"Vergr\u00f6\u00dfern des Bildes\" title=\"Vergr\u00f6\u00dfern des Bildes\" class=\"block h-[calc(var(--height)_\/_16_*_1rem)] w-[calc(var(--width)_\/_16_*_1rem)] max-w-none absolute bottom-8 right-8 rounded-4 bg-snow p-8\" decoding=\"async\"\/><\/a><\/p>\n<p>Einer der beiden Preistr\u00e4ger forscht und arbeitet am Leipziger am Max-Planck-Institut f\u00fcr evolution\u00e4re Anthropologie. (Symbolbild) (Quelle: Jan Woitas\/dpa\/dpa-bilder)<\/p>\n<p class=\"font-bold text-18 leading-17\">Die Wissenschaft in Sachsen wird gleich zweimal ausgezeichnet: Der renommierte Gottfried Wilhelm Leibniz-Preis geht an zwei Wissenschaftler im Freistaat.<\/p>\n<p class=\"text-18 leading-17\">Der Neurowissenschaftler Christian Doeller und der Biochemiker Johannes Krause wurden mit Deutschlands wichtigstem Forschungsf\u00f6rderpreis ausgezeichnet. Gleich zwei von zehn mit je 2,5 Millionen Euro dotierten Leibniz-Preisen gehen damit an den Freistaat. <\/p>\n<p class=\"text-18 leading-17\">Seit 1986 vergibt die Deutsche Forschungsgemeinschaft jedes Jahr den Gottfried Wilhelm Leibniz-Preis, der als bedeutendster Preis zur F\u00f6rderung wissenschaftlicher Forschung in Deutschland gilt. Die ausgezeichneten Forscherinnen und Forscher k\u00f6nnen die F\u00f6rdersumme innerhalb von sieben Jahren f\u00fcr ihre Projekte nutzen. Die Preisverleihung findet am 18. M\u00e4rz 2026 in Berlin statt.<\/p>\n<p class=\"text-18 leading-17\">Christian Doeller ist Direktor am Max-Planck-Institut f\u00fcr Kognitions- und Neurowissenschaften in Leipzig und ist Honorarprofessor sowohl an der Technischen Universit\u00e4t Dresden als auch an der Universit\u00e4t Leipzig. Er forscht zu neuralen Grundlagen und der Struktur des menschlichen Denkens. Doeller gilt als f\u00fchrend auf dem Gebiet der Ged\u00e4chtnisforschung.<\/p>\n<p class=\"text-18 leading-17\">Der Biochemiker Johannes Krause leitet die Abteilung Arch\u00e4ogenetik am Max-Planck-Institut f\u00fcr evolution\u00e4re Anthropologie in Leipzig. Er rekonstruiert in seiner Forschung Ursprung, Ausbreitungswege und Evolution von historischen Krankheitserregern. Krause hat eine evidenzbasierte Grundlage f\u00fcr Seuchengeschichte geschaffen und hilft so zu erkl\u00e4ren, warum, wann und wie Pandemien Gesellschaften trafen.<\/p>\n<p class=\"text-18 leading-17\">Sachsens Wissenschaftsminister Sebastian Gemkow gratulierte den Forschern: &#8222;Dass zwei von zehn Preisen des Leibniz-Programms in den Freistaat gehen, sehe ich auch als eine W\u00fcrdigung der Forschungsbedingungen am Wissenschaftsstandort Sachsen.&#8220;<\/p>\n","protected":false},"excerpt":{"rendered":"Forschung Wissenschaftsf\u00f6rderung: Leipzig holt zwei Leibniz-Preise Aktualisiert am 11.12.2025 &#8211; 16:00 UhrLesedauer: 1 Min. Einer der beiden Preistr\u00e4ger&hellip;\n","protected":false},"author":2,"featured_media":639404,"comment_status":"","ping_status":"","sticky":false,"template":"","format":"standard","meta":{"footnotes":""},"categories":[1832],"tags":[150705,3364,3831,29,1096,30,150707,150706,71,54279,859,5162,149882],"class_list":{"0":"post-639403","1":"post","2":"type-post","3":"status-publish","4":"format-standard","5":"has-post-thumbnail","7":"category-leipzig","8":"tag-christian-doeller","9":"tag-de","10":"tag-deutsche-forschungsgemeinschaft","11":"tag-deutschland","12":"tag-freistaat","13":"tag-germany","14":"tag-gottfried-wilhelm-leibniz-preis","15":"tag-johannes-krause","16":"tag-leipzig","17":"tag-max-planck-institut","18":"tag-sachsen","19":"tag-universitaet","20":"tag-wissenschaftsfoerderung"},"share_on_mastodon":{"url":"https:\/\/pubeurope.com\/@de\/115701564474493929","error":""},"_links":{"self":[{"href":"https:\/\/www.europesays.com\/de\/wp-json\/wp\/v2\/posts\/639403","targetHints":{"allow":["GET"]}}],"collection":[{"href":"https:\/\/www.europesays.com\/de\/wp-json\/wp\/v2\/posts"}],"about":[{"href":"https:\/\/www.europesays.com\/de\/wp-json\/wp\/v2\/types\/post"}],"author":[{"embeddable":true,"href":"https:\/\/www.europesays.com\/de\/wp-json\/wp\/v2\/users\/2"}],"replies":[{"embeddable":true,"href":"https:\/\/www.europesays.com\/de\/wp-json\/wp\/v2\/comments?post=639403"}],"version-history":[{"count":0,"href":"https:\/\/www.europesays.com\/de\/wp-json\/wp\/v2\/posts\/639403\/revisions"}],"wp:featuredmedia":[{"embeddable":true,"href":"https:\/\/www.europesays.com\/de\/wp-json\/wp\/v2\/media\/639404"}],"wp:attachment":[{"href":"https:\/\/www.europesays.com\/de\/wp-json\/wp\/v2\/media?parent=639403"}],"wp:term":[{"taxonomy":"category","embeddable":true,"href":"https:\/\/www.europesays.com\/de\/wp-json\/wp\/v2\/categories?post=639403"},{"taxonomy":"post_tag","embeddable":true,"href":"https:\/\/www.europesays.com\/de\/wp-json\/wp\/v2\/tags?post=639403"}],"curies":[{"name":"wp","href":"https:\/\/api.w.org\/{rel}","templated":true}]}}