{"id":639405,"date":"2025-12-11T15:08:21","date_gmt":"2025-12-11T15:08:21","guid":{"rendered":"https:\/\/www.europesays.com\/de\/639405\/"},"modified":"2025-12-11T15:08:21","modified_gmt":"2025-12-11T15:08:21","slug":"metalcore-band-bad-omens-kuendigt-konzert-an","status":"publish","type":"post","link":"https:\/\/www.europesays.com\/de\/639405\/","title":{"rendered":"Metalcore-Band Bad Omens k\u00fcndigt Konzert an"},"content":{"rendered":"<p>Konzert im Juni 2026 <\/p>\n<p>Metalcore-Band k\u00fcndigt Auftritt in D\u00fcsseldorf an<\/p>\n<p>11.12.2025 &#8211; 14:58 UhrLesedauer: 1 Min.<\/p>\n<p><a href=\"#focus-0\" class=\"transition-colors duration-200 block text-current relative\" data-sctrack=\"FocusGalleryImage.Reference\"><img fetchpriority=\"high\" data-testid=\"Opener.Image\" style=\"--lqipURL:url('https:\/\/images.t-online.de\/2025\/12\/w-t3oIieiVh7\/0x47:2000x1125\/fit-in\/150x0\/filters:blur(25)\/image.jpg')\"   loading=\"eager\" src=\"https:\/\/www.europesays.com\/de\/wp-content\/uploads\/2025\/12\/1765465701_169_image.jpg\" alt=\"imago images 0838335374\" title=\"imago images 0838335374\" width=\"2000\" height=\"1125\" class=\"bg-[url:var(--lqipURL)] bg-cover bg-center flex h-full w-full max-w-full\" decoding=\"async\"\/><img style=\"--width:32;--height:32\" loading=\"lazy\" src=\"https:\/\/duesseldorf.t-online.de\/s\/paper\/_next\/static\/media\/zoom-in.f7dae02f.svg\" alt=\"Vergr\u00f6\u00dfern des Bildes\" title=\"Vergr\u00f6\u00dfern des Bildes\" class=\"block h-[calc(var(--height)_\/_16_*_1rem)] w-[calc(var(--width)_\/_16_*_1rem)] max-w-none absolute bottom-8 right-8 rounded-4 bg-snow p-8\" decoding=\"async\"\/><\/a><\/p>\n<p>S\u00e4nger Noah Sebastian (Archivbild): Die Musiker von der Band Bad Omens kommen 2026 f\u00fcr ein Konzert in die Landeshauptstadt. (Quelle: IMAGO\/Michael Mullenix)<\/p>\n<p class=\"font-bold text-18 leading-17\">Die Metalcore-Band Bad Omens plant f\u00fcr 2026 ein Konzert in D\u00fcsseldorf. Erst am 10. Dezember hatten die US-Amerikaner einen Auftritt in Oberhausen absolviert.<\/p>\n<p class=\"text-18 leading-17\">Die US-amerikanische Metalcore-Band Bad Omens hat f\u00fcr 2026 ein Konzert in D\u00fcsseldorf angek\u00fcndigt. Der Auftritt findet am 3. Juni 2026 im PSD Bank Dome statt. Die Musiker erweitern damit ihre geplante Deutschland-Tour um einen weiteren Termin und treten damit auch in einer zweiten NRW-Stadt auf.<\/p>\n<p class=\"text-18 leading-17\">Zuvor waren die Musiker um Frontmann Noah Sebastian im Dezember 2025 bereits in N\u00fcrnberg, Berlin, Hamburg und Oberhausen zusehen gewesen.<\/p>\n<p class=\"text-18 leading-17\">Als Vorband tritt die Band Bilmuri auf. Sie begleitet Bad Omens bei allen Konzerten der Tour. Der regul\u00e4re Ticket-Vorverkauf f\u00fcr das Konzert hat bereits Mitte November begonnen. Sie sind f\u00fcr Preise zwischen 85 und 68 Euro bei den bekannten Vorverkaufsportalen zu bekommen.<\/p>\n<p class=\"text-18 leading-17\">Neben den Hallenkonzerten stehen Bad Omens auch f\u00fcr Festivalauftritte im Programm. Die Band wird bei Rock am Ring und Rock im Park zu sehen sein. Die genauen Termine f\u00fcr diese Festivals stehen noch aus.<\/p>\n<p class=\"text-18 leading-17\">Die aus Richmond, Virginia, stammende Band ist bekannt f\u00fcr ihren d\u00fcsteren, genre\u00fcbergreifenden Sound, der die Stilrichtungen Metalcore, Industrial und Dark Pop miteinander verbindet. Der weltweite Durchbruch gelang ihnen vor allem durch TikTok-Hits wie &#8222;Just Pretend&#8220; und dem Album &#8222;The Death of Peace of Mind&#8220; (2022). Im November ver\u00f6ffentlichten Bad Omens ihre neue Single &#8222;Left For Good&#8220;.<\/p>\n","protected":false},"excerpt":{"rendered":"Konzert im Juni 2026 Metalcore-Band k\u00fcndigt Auftritt in D\u00fcsseldorf an 11.12.2025 &#8211; 14:58 UhrLesedauer: 1 Min. S\u00e4nger Noah&hellip;\n","protected":false},"author":2,"featured_media":639406,"comment_status":"","ping_status":"","sticky":false,"template":"","format":"standard","meta":{"footnotes":""},"categories":[1831],"tags":[3364,29,3405,30,3467,150708,1209,176,64113],"class_list":{"0":"post-639405","1":"post","2":"type-post","3":"status-publish","4":"format-standard","5":"has-post-thumbnail","7":"category-duesseldorf","8":"tag-de","9":"tag-deutschland","10":"tag-duesseldorf","11":"tag-germany","12":"tag-landeshauptstadt","13":"tag-noah-sebastian","14":"tag-nordrhein-westfalen","15":"tag-nrw","16":"tag-psd-bank-dome"},"share_on_mastodon":{"url":"https:\/\/pubeurope.com\/@de\/115701567519089883","error":""},"_links":{"self":[{"href":"https:\/\/www.europesays.com\/de\/wp-json\/wp\/v2\/posts\/639405","targetHints":{"allow":["GET"]}}],"collection":[{"href":"https:\/\/www.europesays.com\/de\/wp-json\/wp\/v2\/posts"}],"about":[{"href":"https:\/\/www.europesays.com\/de\/wp-json\/wp\/v2\/types\/post"}],"author":[{"embeddable":true,"href":"https:\/\/www.europesays.com\/de\/wp-json\/wp\/v2\/users\/2"}],"replies":[{"embeddable":true,"href":"https:\/\/www.europesays.com\/de\/wp-json\/wp\/v2\/comments?post=639405"}],"version-history":[{"count":0,"href":"https:\/\/www.europesays.com\/de\/wp-json\/wp\/v2\/posts\/639405\/revisions"}],"wp:featuredmedia":[{"embeddable":true,"href":"https:\/\/www.europesays.com\/de\/wp-json\/wp\/v2\/media\/639406"}],"wp:attachment":[{"href":"https:\/\/www.europesays.com\/de\/wp-json\/wp\/v2\/media?parent=639405"}],"wp:term":[{"taxonomy":"category","embeddable":true,"href":"https:\/\/www.europesays.com\/de\/wp-json\/wp\/v2\/categories?post=639405"},{"taxonomy":"post_tag","embeddable":true,"href":"https:\/\/www.europesays.com\/de\/wp-json\/wp\/v2\/tags?post=639405"}],"curies":[{"name":"wp","href":"https:\/\/api.w.org\/{rel}","templated":true}]}}