{"id":639409,"date":"2025-12-11T15:10:25","date_gmt":"2025-12-11T15:10:25","guid":{"rendered":"https:\/\/www.europesays.com\/de\/639409\/"},"modified":"2025-12-11T15:10:25","modified_gmt":"2025-12-11T15:10:25","slug":"fenster-drin-allah-raus-so-viel-kostet-die-deutsche-geister-moschee-regional","status":"publish","type":"post","link":"https:\/\/www.europesays.com\/de\/639409\/","title":{"rendered":"Fenster drin, Allah raus. So viel kostet die deutsche Geister-Moschee | Regional"},"content":{"rendered":"<p>Stuttgart \u2013 <b>Die Moschee sollte eines der modernsten muslimischen Gottesh\u00e4user weltweit werden. Jetzt ist der Rohbau fast fertig. Die Fenster sind eingebaut, Heizung und das Minarett fehlen noch. Doch pl\u00f6tzlich soll hier niemand zu Allah beten. Die Moschee steht zum Verkauf.<\/b><\/p>\n<p>1,5 Millionen Euro soll das Geb\u00e4ude kosten. Der geplante <a href=\"https:\/\/www.bild.de\/themen\/specials\/hauskauf\/geld-immobilien-news-fotos-videos-02-42398536.bild.html\" class=\"text-link\" target=\"_blank\" rel=\"noopener\">Verkauf<\/a> ist das wohl letzte Kapitel in einem jahrelangen Streit. Wer zahlt diese Summe f\u00fcr eine Geister-Moschee am Rande von Stuttgart?<\/p>\n<p>2200 Quadratmeter Nutzfl\u00e4che<img decoding=\"async\" width=\"992\" height=\"558\" alt=\"Stilisiertes Minarett und Garten-Terrasse: So sollte die Moschee nach der Fertigstellung aussehen\" src=\"https:\/\/www.europesays.com\/de\/wp-content\/uploads\/2025\/12\/d413e630c1c3758fc3fa27a3e9ed2659,920a8a3b\"   class=\"landscape\" loading=\"lazy\"\/><\/p>\n<p class=\"fig__caption__text\">Stilisiertes Minarett und Garten-Terrasse: So sollte die Moschee nach der Fertigstellung aussehen<\/p>\n<p>Foto: VKBI e.V.<\/p>\n<p>Im Jahr 2013 stellte der \u201eVerein f\u00fcr Kultur, Bildung und Integration\u201c (VKBI) stolz seine Pl\u00e4ne vor, f\u00fcnf Jahre sp\u00e4ter rollten die Bagger auf das gepachtete Grundst\u00fcck in Leinfelden-Echterdingen (<a href=\"https:\/\/www.bild.de\/regional\/baden-wuerttemberg\/home-aK1F2gtJlD2xs4m3tWkn\" class=\"text-link\" target=\"_blank\" rel=\"noopener\">Baden-W\u00fcrttemberg),<\/a> unweit der Stuttgarter Stadtgrenze. Die Moschee mit rund 2200 Quadratmeter Nutzfl\u00e4che wurde in die H\u00f6he gezogen. Zum gro\u00dfen Teil wurde der Bau, f\u00fcr den zuletzt 3,5 Millionen Euro Kosten veranschlagt waren, durch Spenden finanziert.<\/p>\n<p>Muslimischer Verein sperrt sich gegen Abriss<\/p>\n<p>Ging der <a href=\"https:\/\/www.bild.de\/themen\/specials\/islam\/nachrichten-news-fotos-videos-20335370.bild.html\" class=\"text-link\" target=\"_blank\" rel=\"noopener\">islamischen<\/a> Gemeinde das Geld aus? Fakt ist: Die Moschee konnte nicht rechtzeitig innerhalb einer 4-Jahres-Frist fertiggestellt werden. Nach langem Rechtsstreit zog die <a href=\"https:\/\/www.bild.de\/themen\/themen-uebersicht\/behoerden\/themenuebersicht-behoerden-aemter-ministerien-37957278.bild.html\" class=\"text-link\" target=\"_blank\" rel=\"noopener\">Stadt<\/a> Leinfelden-Echterdingen einen Schlussstrich, forderte einen Abriss. Doch der Verein weigert sich.<\/p>\n<p><img decoding=\"async\" width=\"992\" height=\"558\" alt=\"So wie in dieser Computer-Animation sollte der k\u00fcnftige Gebetsraum der Moschee aussehen\" src=\"https:\/\/www.europesays.com\/de\/wp-content\/uploads\/2025\/12\/88a76aa1dd2995602442f8a42bd3746b,93cffbe\"   class=\"landscape\" loading=\"lazy\"\/><\/p>\n<p class=\"fig__caption__text\">So wie in dieser Computeranimation sollte der k\u00fcnftige Gebetsraum der Moschee aussehen <\/p>\n<p>Foto: VKBI e.V.<\/p>\n<p>So kam es, dass der Gemeinderat jetzt f\u00fcr einen Verkauf der Immobilie abstimmte. Gegen\u00fcber der \u201eStuttgarter Zeitung\u201c sagte Vereins-Chef Muhammet G\u00fc\u00e7l\u00fc: \u201eMir fehlen die Worte.\u201c F\u00fcr BILD war er nicht zu erreichen.<\/p>\n<p>Oberb\u00fcrgermeister warnt vor Baum\u00e4ngeln<\/p>\n<p>Daf\u00fcr sagt Rathaus-Sprecher Thomas Kr\u00e4mer, dass sich ein neuer Besitzer f\u00fcr eine Mischung von <a href=\"https:\/\/www.bild.de\/themen\/specials\/wohnen\/immobilien-haus-garten-news-fotos-videos-18957382.bild.html\" class=\"text-link\" target=\"_blank\" rel=\"noopener\">Wohnen<\/a> und gewerblicher Nutzung verpflichten muss: \u201eDerzeit gibt es bereits unterschiedliche Ideen zur k\u00fcnftigen Nutzung, etwa ein \u00c4rztehaus. Durch die beabsichtigte Konzeptvergabe verspricht sich die Stadt kreative L\u00f6sungen von m\u00f6glichen Investoren zur k\u00fcnftigen Nutzung.\u201c<\/p>\n<p>Mehr zum Thema<\/p>\n<p>Ein m\u00f6gliches Problem: Vergangenen Februar hatte Oberb\u00fcrgermeister Otto Ruppaner (43, parteilos) gegen\u00fcber der \u201eStuttgarter Zeitung\u201c noch \u201emittelschwere Baum\u00e4ngel\u201c erw\u00e4hnt: Es gebe ein Feuchtigkeitsproblem und entsprechende Sch\u00e4den im Geb\u00e4ude.<\/p>\n","protected":false},"excerpt":{"rendered":"Stuttgart \u2013 Die Moschee sollte eines der modernsten muslimischen Gottesh\u00e4user weltweit werden. Jetzt ist der Rohbau fast fertig.&hellip;\n","protected":false},"author":2,"featured_media":639410,"comment_status":"","ping_status":"","sticky":false,"template":"","format":"standard","meta":{"footnotes":""},"categories":[1830],"tags":[2252,2250,1634,2081,3364,29,1993,30,13150,110589,5331,2117,9714,3312,1441,45,843],"class_list":{"0":"post-639409","1":"post","2":"type-post","3":"status-publish","4":"format-standard","5":"has-post-thumbnail","7":"category-stuttgart","8":"tag-architekt","9":"tag-architektur","10":"tag-baden-wuerttemberg","11":"tag-bauarbeiten","12":"tag-de","13":"tag-deutschland","14":"tag-gerichte","15":"tag-germany","16":"tag-gott","17":"tag-imam","18":"tag-immobilien","19":"tag-islamische-moschee","20":"tag-leinfelden-echterdingen","21":"tag-muslime","22":"tag-stuttgart","23":"tag-texttospeech","24":"tag-verkauf"},"share_on_mastodon":{"url":"https:\/\/pubeurope.com\/@de\/115701576062453281","error":""},"_links":{"self":[{"href":"https:\/\/www.europesays.com\/de\/wp-json\/wp\/v2\/posts\/639409","targetHints":{"allow":["GET"]}}],"collection":[{"href":"https:\/\/www.europesays.com\/de\/wp-json\/wp\/v2\/posts"}],"about":[{"href":"https:\/\/www.europesays.com\/de\/wp-json\/wp\/v2\/types\/post"}],"author":[{"embeddable":true,"href":"https:\/\/www.europesays.com\/de\/wp-json\/wp\/v2\/users\/2"}],"replies":[{"embeddable":true,"href":"https:\/\/www.europesays.com\/de\/wp-json\/wp\/v2\/comments?post=639409"}],"version-history":[{"count":0,"href":"https:\/\/www.europesays.com\/de\/wp-json\/wp\/v2\/posts\/639409\/revisions"}],"wp:featuredmedia":[{"embeddable":true,"href":"https:\/\/www.europesays.com\/de\/wp-json\/wp\/v2\/media\/639410"}],"wp:attachment":[{"href":"https:\/\/www.europesays.com\/de\/wp-json\/wp\/v2\/media?parent=639409"}],"wp:term":[{"taxonomy":"category","embeddable":true,"href":"https:\/\/www.europesays.com\/de\/wp-json\/wp\/v2\/categories?post=639409"},{"taxonomy":"post_tag","embeddable":true,"href":"https:\/\/www.europesays.com\/de\/wp-json\/wp\/v2\/tags?post=639409"}],"curies":[{"name":"wp","href":"https:\/\/api.w.org\/{rel}","templated":true}]}}