{"id":639420,"date":"2025-12-11T15:17:13","date_gmt":"2025-12-11T15:17:13","guid":{"rendered":"https:\/\/www.europesays.com\/de\/639420\/"},"modified":"2025-12-11T15:17:13","modified_gmt":"2025-12-11T15:17:13","slug":"awm-geaenderte-oeffnungszeiten-ueber-weihnachten-und-neujahr","status":"publish","type":"post","link":"https:\/\/www.europesays.com\/de\/639420\/","title":{"rendered":"AWM: Ge\u00e4nderte \u00d6ffnungszeiten \u00fcber Weihnachten und Neujahr"},"content":{"rendered":"<p>            <img loading=\"lazy\" decoding=\"async\" width=\"696\" height=\"392\" class=\"entry-thumb\" src=\"https:\/\/www.europesays.com\/de\/wp-content\/uploads\/2025\/12\/awm-696x392.jpg\"   alt=\"\" title=\"\"\/>Symbolbild<\/p>\n<p>An den bevorstehenden Weihnachtsfeiertagen und zum Jahreswechsel kommt es zu ge\u00e4nderten Abfuhr- und \u00d6ffnungszeiten beim Abfallwirtschaftsbetrieb M\u00fcnchen (AWM).<br \/>Vom 24. bis 26. Dezember, am 31. Dezember sowie am 1. und 6. Januar 2026 sind alle Einrichtungen des AWM geschlossen.<\/p>\n<p><strong>Wertstoffh\u00f6fe<\/strong><br \/>Die Wertstoffh\u00f6fe sind regul\u00e4r ge\u00f6ffnet. Zwischen den Jahren ist mit einem stark erh\u00f6hten Andrang zu rechnen, was zu l\u00e4ngeren Wartezeiten und gegebenenfalls fr\u00fchzeitigen Schlie\u00dfungen wegen \u00dcberf\u00fcllungen f\u00fchren kann.<\/p>\n<p><strong>Kundencenter, Gebrauchtwarenkaufhaus Halle 2 &amp; Popup Store, Gift- mobil, Wertstoffmobil<\/strong><br \/>Die genannten Gesch\u00e4ftsbereiche sind \u2013 au\u00dfer an den oben genannten Daten \u2013 regul\u00e4r ge\u00f6ffnet beziehungsweise im Einsatz.<\/p>\n<p><strong>M\u00fcllabfuhr<\/strong><br \/>Da alle Feiertage auf Werktage fallen, gleicht der AWM die Leerungen nicht nur an Samstagen aus, sondern verl\u00e4ngert dar\u00fcber hinaus die t\u00e4glichen Arbeitszeiten. Aus diesem Grund ist der Abfuhrkalender zwischen 20. Dezember bis 16. Januar nicht verbindlich. Der AWM bem\u00fcht sich, alle f\u00fcr diesen Zeitraum vorgesehenen Leerungen m\u00f6glichst dicht am regul\u00e4ren Abfuhrtag vorzunehmen. Eigenbereitsteller*innen und Hausverwaltungen, die in diesem Zeitraum die Abfallbeh\u00e4lter am Abfuhrtag selbst bereitstellen, werden von den Leerungs-Teams des AWM nach M\u00f6glichkeit direkt benachrichtigt.<\/p>\n<p><strong>Heizkraftwerk Nord<\/strong><br \/>Neben den Werktagen zwischen den Jahren auch eine Anlieferung an den Samstagen m\u00f6glich:<br \/>-Samstag, 20. Dezember und 10. Januar: 6.30 bis 14 Uhr<br \/>-Samstag, 27. Dezember: 6.30 bis 15 Uhr<br \/>-Mittwoch, 24.12 und Samstag, 3. Januar 2026: 6.30 bis 12 Uhr<\/p>\n<p><strong>Erdenwerk<\/strong><br \/>Das Erdenwerk Freimann ist vom 22. Dezember bis einschlie\u00dflich 9. Januar 2026 geschlossen. Im Dezember 2025 und vom 12. Januar bis 20. Februar 2026 hat das Erdenwerk Montag bis Freitag von 9 bis 13 Uhr ge-\u00f6ffnet. Termine au\u00dferhalb der \u00d6ffnungszeiten sind nach telefonischer Absprache unter der Telefonnummer 233-742274 m\u00f6glich.<\/p>\n<p>Alle Betriebs- und \u00d6ffnungszeiten sind auch unter\u00a0<a href=\"http:\/\/awm-muenchen.de\/\" target=\"_blank\" rel=\"nofollow noopener\" data-auto-event-observed=\"true\">awm-muenchen.de<\/a>\u00a0zu finden.<br \/>Der Abfallwirtschaftsbetrieb M\u00fcnchen w\u00fcnscht allen M\u00fcnchner*innen sch\u00f6ne, erholsame Feiertage und ein gesundes neues Jahr 2026!<\/p>\n","protected":false},"excerpt":{"rendered":"Symbolbild An den bevorstehenden Weihnachtsfeiertagen und zum Jahreswechsel kommt es zu ge\u00e4nderten Abfuhr- und \u00d6ffnungszeiten beim Abfallwirtschaftsbetrieb M\u00fcnchen&hellip;\n","protected":false},"author":2,"featured_media":639421,"comment_status":"","ping_status":"","sticky":false,"template":"","format":"standard","meta":{"footnotes":""},"categories":[1827],"tags":[772,29,30,1268],"class_list":{"0":"post-639420","1":"post","2":"type-post","3":"status-publish","4":"format-standard","5":"has-post-thumbnail","7":"category-muenchen","8":"tag-bayern","9":"tag-deutschland","10":"tag-germany","11":"tag-muenchen"},"share_on_mastodon":{"url":"","error":""},"_links":{"self":[{"href":"https:\/\/www.europesays.com\/de\/wp-json\/wp\/v2\/posts\/639420","targetHints":{"allow":["GET"]}}],"collection":[{"href":"https:\/\/www.europesays.com\/de\/wp-json\/wp\/v2\/posts"}],"about":[{"href":"https:\/\/www.europesays.com\/de\/wp-json\/wp\/v2\/types\/post"}],"author":[{"embeddable":true,"href":"https:\/\/www.europesays.com\/de\/wp-json\/wp\/v2\/users\/2"}],"replies":[{"embeddable":true,"href":"https:\/\/www.europesays.com\/de\/wp-json\/wp\/v2\/comments?post=639420"}],"version-history":[{"count":0,"href":"https:\/\/www.europesays.com\/de\/wp-json\/wp\/v2\/posts\/639420\/revisions"}],"wp:featuredmedia":[{"embeddable":true,"href":"https:\/\/www.europesays.com\/de\/wp-json\/wp\/v2\/media\/639421"}],"wp:attachment":[{"href":"https:\/\/www.europesays.com\/de\/wp-json\/wp\/v2\/media?parent=639420"}],"wp:term":[{"taxonomy":"category","embeddable":true,"href":"https:\/\/www.europesays.com\/de\/wp-json\/wp\/v2\/categories?post=639420"},{"taxonomy":"post_tag","embeddable":true,"href":"https:\/\/www.europesays.com\/de\/wp-json\/wp\/v2\/tags?post=639420"}],"curies":[{"name":"wp","href":"https:\/\/api.w.org\/{rel}","templated":true}]}}