{"id":63943,"date":"2025-04-26T23:04:10","date_gmt":"2025-04-26T23:04:10","guid":{"rendered":"https:\/\/www.europesays.com\/de\/63943\/"},"modified":"2025-04-26T23:04:10","modified_gmt":"2025-04-26T23:04:10","slug":"meuselwitzer-notelf-gegen-hertha-youngster-chancenlos","status":"publish","type":"post","link":"https:\/\/www.europesays.com\/de\/63943\/","title":{"rendered":"Meuselwitzer Notelf gegen Hertha-Youngster chancenlos"},"content":{"rendered":"<p>Ein Kaderplatz beim ZFC frei<\/p>\n<p class=\"text\">\nZFC-Trainer Martin Leopold musste mal wieder improvisieren. Der ohnehin schlanke Kader reiste extrem abgespeckt in die Hauptstadt. Mit Ben Ke\u00dfler und Hendrik Wurr fehlten zwei tragende S\u00e4ulen gesperrt, dazu fehlen Luca B\u00fcrger, Johannes Pistol und Ren\u00e9 Eckardt schon l\u00e4nger verletzt.\n<\/p>\n<p class=\"text\">\nDie Mannschaft wurde u.a. mit den U19-Spielern Bastian Burghold, Nick Seidemann und Theo Te\u00dfmer aufgef\u00fcllt. Ein Kaderplatz blieb sogar frei.\n<\/p>\n<p>17-J\u00e4hriger bringt Hertha in F\u00fchrung<\/p>\n<p class=\"text\">\nHertha sch\u00f6pft dagegen aus einem Riesenpool an Spielern und dribbelte gegen den ZFC wieder mit dem erst 17-j\u00e4hrigen Toptalent Lum auf. Der Mittelfeld-Motor war von Beginn an auf Betriebstemperatur und spielte schlie\u00dflich auch den Dosen\u00f6ffner. In der 33. Minute brachte er Hertha mit einem satten Distanzschuss aus 20 Metern in F\u00fchrung. Drei Minuten sp\u00e4ter legte Routinier Ben-Hatira, der herrlich freigespielt wurde, das 2:0 (36.) nach.\n<\/p>\n<p>ZFC mit Flanken gef\u00e4hrlich<\/p>\n<p class=\"text\">\nDie Berliner h\u00e4tten schon fr\u00fcher in F\u00fchrung gehen m\u00fcssen, Meuselwitz hatte mehrfach Gl\u00fcck, wackelte defensiv gewaltig, spielte daf\u00fcr aber durchaus mutig nach vorn. Gef\u00e4hrlich wurde es immer, wenn es \u00fcber die linke Seite ging. Die Eingaben von David Pfeil und Christoph Pauling segelten mehrfach gef\u00e4hrlich in den Strafraum, doch Berlins Keeper Tim Goller entsch\u00e4rfte jeden Ball.\n<\/p>\n<p class=\"text\">\nInsgesamt lief der ersatzgeschw\u00e4chte ZFC den Gastgebern aber zu oft hinterher. Mit und ohne Ball waren die Berliner einfach flotter unterwegs.\n<\/p>\n<p>ZFC-Keeper Fietz patzt nach der Pause<\/p>\n<p class=\"text\">\nUnd daran \u00e4nderte sich auch nach dem Wechsel nichts. Die ersten Topchancen vergab Ben-Hatira noch, der einmal auch am stark parierenden Justin Fietz scheiterte. Beim 3:0 (61.) sah der Meuselwitzer Schlussmann aber steinalt aus. Er lie\u00df einen harmlosen Schuss von Ben-Hatira durchrutschen. Auch beim 4:0 (65.) agierte Fietz ungl\u00fccklich. Diesmal schlug der Schuss des eingewechselten Ogbaidze im kurzen Eck ein.\n<\/p>\n<p class=\"text\">\nMeuselwitz gab sich trotz des klaren R\u00fcckstandes nie auf und kam durch ein kurioses Ding zum Ehrentreffer. Ein Befreiungsschlag klatschte an die Latte und fiel Hansch vor die F\u00fc\u00dfe. Der St\u00fcrmer musste nur noch einschieben. Kurz danach hatte er sogar die Chance, auf 2:4 zu stellen, scheiterte aber.\n<\/p>\n<p>Ausblick<\/p>\n<p class=\"text\">\nF\u00fcr den ZFC Meuselwitz geht es am kommenden Sonntag (13 Uhr) zu Hause gegen den FSV Zwickau weiter. Hertha BSC II gastiert ebenfalls am Sonntag (13 Uhr) bei der BSG Chemie Leipzig.<\/p>\n","protected":false},"excerpt":{"rendered":"Ein Kaderplatz beim ZFC frei ZFC-Trainer Martin Leopold musste mal wieder improvisieren. Der ohnehin schlanke Kader reiste extrem&hellip;\n","protected":false},"author":2,"featured_media":63944,"comment_status":"","ping_status":"","sticky":false,"template":"","format":"standard","meta":{"footnotes":""},"categories":[1825],"tags":[27369,1941,1939,296,1937,29,347,30,1088,10150,81,15426,1940,1938,3458,3499,265,3498,28785,12439],"class_list":{"0":"post-63943","1":"post","2":"type-post","3":"status-publish","4":"format-standard","5":"has-post-thumbnail","7":"category-berlin","8":"tag-31-spieltag","9":"tag-aktuelle-nachrichten-aus-berlin","10":"tag-aktuelle-news-aus-berlin","11":"tag-berlin","12":"tag-berlin-news","13":"tag-deutschland","14":"tag-fussball","15":"tag-germany","16":"tag-hertha-bsc","17":"tag-hertha-bubis","18":"tag-mdr","19":"tag-mdr-sport-im-osten","20":"tag-nachrichten-aus-berlin","21":"tag-news-aus-berlin","22":"tag-regionalliga-nordost","23":"tag-spio","24":"tag-sport","25":"tag-sport-im-osten","26":"tag-stadion-am-wurfplatz","27":"tag-zfc-meuselwitz"},"share_on_mastodon":{"url":"https:\/\/pubeurope.com\/@de\/114406771352319247","error":""},"_links":{"self":[{"href":"https:\/\/www.europesays.com\/de\/wp-json\/wp\/v2\/posts\/63943","targetHints":{"allow":["GET"]}}],"collection":[{"href":"https:\/\/www.europesays.com\/de\/wp-json\/wp\/v2\/posts"}],"about":[{"href":"https:\/\/www.europesays.com\/de\/wp-json\/wp\/v2\/types\/post"}],"author":[{"embeddable":true,"href":"https:\/\/www.europesays.com\/de\/wp-json\/wp\/v2\/users\/2"}],"replies":[{"embeddable":true,"href":"https:\/\/www.europesays.com\/de\/wp-json\/wp\/v2\/comments?post=63943"}],"version-history":[{"count":0,"href":"https:\/\/www.europesays.com\/de\/wp-json\/wp\/v2\/posts\/63943\/revisions"}],"wp:featuredmedia":[{"embeddable":true,"href":"https:\/\/www.europesays.com\/de\/wp-json\/wp\/v2\/media\/63944"}],"wp:attachment":[{"href":"https:\/\/www.europesays.com\/de\/wp-json\/wp\/v2\/media?parent=63943"}],"wp:term":[{"taxonomy":"category","embeddable":true,"href":"https:\/\/www.europesays.com\/de\/wp-json\/wp\/v2\/categories?post=63943"},{"taxonomy":"post_tag","embeddable":true,"href":"https:\/\/www.europesays.com\/de\/wp-json\/wp\/v2\/tags?post=63943"}],"curies":[{"name":"wp","href":"https:\/\/api.w.org\/{rel}","templated":true}]}}