{"id":639443,"date":"2025-12-11T15:30:21","date_gmt":"2025-12-11T15:30:21","guid":{"rendered":"https:\/\/www.europesays.com\/de\/639443\/"},"modified":"2025-12-11T15:30:21","modified_gmt":"2025-12-11T15:30:21","slug":"der-tag-am-donnerstag-11-dezember-2025","status":"publish","type":"post","link":"https:\/\/www.europesays.com\/de\/639443\/","title":{"rendered":"Der Tag am Donnerstag, 11. Dezember 2025"},"content":{"rendered":"<p>16:05 UhrKellner wirft Schwarz-Rot &#8222;organisierte Arbeitsverweigerung&#8220; vor<\/p>\n<p class=\"Typography_text-default__P3otY Typography_weight-normal__pqUbH storyline_paragraph_p__qSR5N\">Der ehemalige parlamentarische Staatssekret\u00e4r im Bundeswirtschaftsministerium, <b class=\"bold\">Michael Kellner<\/b>, \u00e4u\u00dfert scharfe Kritik an der schwarz-roten Koalition wegen der <b class=\"bold\">unklaren F\u00f6rderpolitik im Heizungssektor<\/b>. Was sich derzeit abzeichne, sei eine <b class=\"bold\">&#8222;organisierte Arbeitsverweigerung&#8220;<\/b>, sagte Kellner RTL\/ntv. &#8222;Das Wirtschafts- und Energieministerium ist nicht in der Lage zu sagen, wie es k\u00fcnftig mit der Heizungsf\u00f6rderung weitergehen wird.&#8220; Bei einer Branchenveranstaltung sei das<b class=\"bold\"> Ministerium sogar ausgebuht <\/b>worden, &#8222;weil unklar ist, was sie vorhaben&#8220;. Der Beschluss des Koalitionsausschusses, zentrale Entscheidungen ins kommende Jahr zu verschieben, h\u00e4lt Kellner f\u00fcr unverantwortlich:<b class=\"bold\"> &#8222;Wir lassen Verbraucher und Unternehmen im Regen stehen.&#8220;<\/b><\/p>\n<p class=\"Typography_text-default__P3otY Typography_weight-normal__pqUbH storyline_paragraph_p__qSR5N\">Kellner forderte die Bundesregierung auf, endlich Klarheit zu schaffen. &#8222;Wenn jemand eine W\u00e4rmepumpe einbauen will, sollte er jetzt schnell noch die F\u00f6rderung abschlie\u00dfen. Noch ist sie gut.&#8220; Gelder m\u00fcssten weniger f\u00fcr &#8222;teure Wahlgeschenke&#8220; ausgegeben und st\u00e4rker in Infrastruktur wie <b class=\"bold\">Schienen, Stra\u00dfen und Br\u00fccken <\/b>investiert werden.<\/p>\n<p>15:31 UhrTeenager zerfetzt sich Hand mit B\u00f6ller<\/p>\n<p class=\"Typography_text-default__P3otY Typography_weight-normal__pqUbH storyline_paragraph_p__qSR5N\">Beim Z\u00fcnden eines B\u00f6llers ist ein<b class=\"bold\"> 15-J\u00e4hriger in Hamburg schwer verletzt <\/b>worden. Der Junge und sein gleichaltriger Kumpel h\u00e4tten den Knaller am Mittwochabend im Stadtteil Niendorf gez\u00fcndet, sagte ein Polizeisprecher. Dabei h\u00e4tten die beiden die <b class=\"bold\">Feuerwerksk\u00f6rper nicht so gehandhabt, wie es vorgeschrieben ist<\/b>. Der 15-J\u00e4hrige wurde schwer an der Hand verletzt. Sein Freund sei unverletzt geblieben, stehe allerdings unter Schock.<\/p>\n<p class=\"Typography_text-default__P3otY Typography_weight-normal__pqUbH storyline_paragraph_p__qSR5N\">Die &#8222;Bild&#8220;-Zeitung berichtete, die beiden Jugendlichen h\u00e4tten mehrere<b class=\"bold\"> illegale tschechische Dum-Bum-B\u00f6ller<\/b> zusammengeklebt und angez\u00fcndet. Als zun\u00e4chst nichts passiert sei, habe einer der beiden einen zweiten Versuch gestartet, dabei sei der Sprengsatz sofort explodiert. Die Hand des Jungen wurde demnach zerfetzt. <\/p>\n<p>15:05 UhrMutma\u00dflicher Entf\u00fchrerchef belastet Christina Block schwer<\/p>\n<p class=\"Typography_text-default__P3otY Typography_weight-normal__pqUbH storyline_paragraph_p__qSR5N\">Sie bestreitet die Vorw\u00fcrfe, doch ein mutma\u00dflich ma\u00dfgeblich beteiligter Mann <b class=\"bold\">belastet Christina Block schwer<\/b>. Im Prozess um ihre Kinder sagte der <b class=\"bold\">mutma\u00dfliche Chef der Entf\u00fchrer<\/b> aus, dass die angeklagte Mutter von der geplanten R\u00fcckholung gewusst habe. Sein gesamtes Team sei aus Israel nach Hamburg gereist und habe sich am 28. Dezember 2023 im Hotel &#8222;Grand Elys\u00e9e&#8220; mit Christina Block getroffen. Sie habe dem Team daf\u00fcr gedankt, dass es gekommen sei, um die Kinder zu retten, sagte der Zeuge aus Israel am 25. Verhandlungstag. Block sei <b class=\"bold\">nicht in die Pl\u00e4ne eingeweiht gewesen, wann es genau passieren sollte<\/b>, berichtete der Zeuge weiter. Aber sie habe seinem Team etwas mitgegeben: &#8222;Christina hatte Kleidung vorbereitet, die ihr geh\u00f6rte.&#8220; Auch ein Teddyb\u00e4r sei dabei gewesen. Der Grund: Die Kinder sollten gleich wissen, dass das Team in ihrem Namen handelte<b class=\"bold\">. &#8222;Gewalt sollte nicht angewandt werden&#8220;<\/b>, sagte der Zeuge. Das habe er seinem Team gesagt. Er sei sehr ungl\u00fccklich gewesen, als er gesehen habe, dass den Kindern bei der R\u00fcckholaktion die H\u00e4nde zusammengebunden worden waren. &#8222;Das war gegen meine Anweisung.&#8220;<\/p>\n<p class=\"Typography_text-default__P3otY Typography_weight-normal__pqUbH storyline_paragraph_p__qSR5N\">Der 68-J\u00e4hrige, der nun vor Gericht aussagt, soll nach Angaben der Staatsanwaltschaft die<b class=\"bold\"> Entf\u00fchrung in der Silvesternacht 2023\/24 organisiert und geleitet <\/b>haben. Er gilt als einer der Hauptbeschuldigten, ist im laufenden Prozess aber nicht angeklagt. Nach ihm wurde seit 2024 mit Haftbefehl gefahndet. Um seine Aussage in Hamburg zu erm\u00f6glichen, gew\u00e4hrten ihm die Ermittlungsbeh\u00f6rden k\u00fcrzlich <b class=\"bold\">sicheres Geleit<\/b>. Die Fahndung nach ihm war daher aufgehoben worden. Als Beschuldigter <b class=\"bold\">muss <\/b>er bei der Justiz<b class=\"bold\"> nicht die Wahrheit sagen<\/b>. Allerdings ist er nach Angaben einer Gerichtssprecherin als Zeuge in einem Prozess zur Wahrheit verpflichtet.<\/p>\n<p>14:24 UhrLeiche auf Grundschulgel\u00e4nde gefunden<\/p>\n<p class=\"Typography_text-default__P3otY Typography_weight-normal__pqUbH storyline_paragraph_p__qSR5N\">Es ist ein wirklich <b class=\"bold\">schockierender Fund<\/b>: Eine Leiche ist auf dem Gel\u00e4nde einer <b class=\"bold\">Grundschule in Salzgitter<\/b> gefunden worden. Wie und warum der Mann starb und um wen es sich handelt, ist noch unklar, wie die Polizei mitteilte. Auch wer den Mann am Morgen gefunden hat, sowie die weiteren Ermittlungsschritte sind bislang offen.<\/p>\n<p class=\"Typography_text-default__P3otY Typography_weight-normal__pqUbH storyline_paragraph_p__qSR5N\">Nach Angaben der Polizei wurden <b class=\"bold\">Sch\u00fclerinnen und Sch\u00fcler in ihren Klassen betreut<\/b>. Am Mittag hatten demnach so gut wie alle Sch\u00fcler die Einrichtung verlassen. Die betroffene Grundschule liegt in einer kleineren Ortschaft, mittig in Salzgitter.<\/p>\n<p>14:15 UhrSchichtwechsel<\/p>\n<p class=\"Typography_text-default__P3otY Typography_weight-normal__pqUbH storyline_paragraph_p__qSR5N\">Liebe Leserinnen und Leser, mein Kollege Tobias Hauser hat sich in den wohlverdienten Feierabend verabschiedet. Bis zum sp\u00e4ten Abend \u00fcbernehme ich nun den &#8222;Tag&#8220; und versorge Sie mit Nachrichten aus aller Welt. Mein Name ist Friederike Z\u00f6rner. Bei Fragen oder Hinweisen erreichen Sie mich via Mail an friederike.zoerner[at]ntv.de.<\/p>\n<p>13:54 UhrBulgariens\u00a0Regierung verk\u00fcndet nach Protesten R\u00fccktritt<\/p>\n<p class=\"Typography_text-default__P3otY Typography_weight-normal__pqUbH storyline_paragraph_p__qSR5N\">Nach Massenprotesten gegen Korruption tritt die bulgarische Regierung zur\u00fcck. <b class=\"bold\">Ministerpr\u00e4sident Rossen Scheljaskow verk\u00fcndete den R\u00fccktritt<\/b> nach einer Sitzung der Koalitionsspitzen in Sofia. Anfang des Monats hatten in Bulgarien zehntausende Menschen gegen Korruption und den Haushaltsentwurf f\u00fcr das kommende Jahr demonstriert.<\/p>\n<p><img decoding=\"async\" class=\"Image_img__fQCi0 Image_Img_16_9__4BLfH widget-picture-inline_maximizable__t_E7h\" loading=\"lazy\" src=\"https:\/\/www.n-tv.de\/logo_grey.svg\" alt=\"Bruessel-Belgien-Europa-Gebaeude-Europaeischer-Rat-Rossen-Scheljaskow-Ministerpraesident-von-Bulgarien\"\/>Rossen Scheljaskow tritt zur\u00fcck. (Foto: picture alliance \/ dts-Agentur)<\/p>\n<p class=\"Typography_text-default__P3otY Typography_weight-normal__pqUbH storyline_paragraph_p__qSR5N\">Die Protestwelle in Bulgarien hatte vor zwei Wochen mit Demonstrationen urspr\u00fcnglich <b class=\"bold\">gegen den Etatentwurf f\u00fcr 2026<\/b> begonnen. Nach Krawallen an Parteizentralen des Regierungslagers nahm das Kabinett den umstrittenen Haushaltsplan zur\u00fcck. Zu den Protesten hatte das mit der Regierung verfeindete, aber ebenfalls prowestliche Oppositionsb\u00fcndnis PP-DB aufgerufen.<b class=\"bold\"> &#8222;Der Wandel wird erst mit dem R\u00fccktritt dieser Regierung kommen&#8220;,<\/b> hatte PP-Chef Assen Wassilew gesagt.<\/p>\n<p>13:18 UhrFallschirmspringer bleibt an Flugzeug h\u00e4ngen<\/p>\n<p class=\"Typography_text-default__P3otY Typography_weight-normal__pqUbH storyline_paragraph_p__qSR5N\">Bei einem Fallschirmsprung in Australien geht einiges gewaltig schief. Der Griff des Reservefallschirms verh\u00e4ngt sich am Flugzeug, der rei\u00dft den Springer mit und bleibt am Flugzeug h\u00e4ngen. Der Mann kann sich befreien, doch kurz darauf verf\u00e4ngt sich der Haupt- im Reservefallschirm.<\/p>\n<p>12:54 UhrMerkel nimmt am Nobelbankett in Stockholm teil<\/p>\n<p class=\"Typography_text-default__P3otY Typography_weight-normal__pqUbH storyline_paragraph_p__qSR5N\">Sieht doch eigentlich ganz nett aus, das Essen in Schweden: Die fr\u00fchere Bundeskanzlerin Angela Merkel hat am feierlichen Nobelbankett zu Ehren der diesj\u00e4hrigen Nobelpreistr\u00e4ger teilgenommen. Die 71-J\u00e4hrige sa\u00df bei der prunkvollen Abendveranstaltung im Rathaus der schwedischen Hauptstadt Stockholm auf Platz 31 des Ehrentisches <b class=\"bold\">zwischen dem ungarischen Literaturnobelpreistr\u00e4ger L\u00e1szl\u00f3 Krasznahorkai<\/b> und dem kanadischen Wirtschaftsnobelpreistr\u00e4ger <b class=\"bold\">Peter Howitt<\/b>.<\/p>\n<p><img decoding=\"async\" class=\"Image_img__fQCi0 Image_Img_16_9__4BLfH widget-picture-inline_maximizable__t_E7h\" loading=\"lazy\" src=\"https:\/\/www.n-tv.de\/logo_grey.svg\" alt=\"10-12-2025-Schweden-Stockholm-Literaturnobelpreistraeger-Laszlo-Krasznahorkai-l-r-aus-Ungarn-spricht-mit-der-ehemaligen-deutschen-Bundeskanzlerin-Angela-Merkel-beim-Nobelpreisbankett-nach-der-Nobelpreisverleihung-im-Rathaus\"\/>Literaturnobelpreistr\u00e4ger Laszlo Krasznahorkai (links) aus Ungarn spricht mit Angela Merkel beim Nobelpreisbankett nach der Nobelpreisverleihung im Rathaus. (Foto: dpa)<\/p>\n<p class=\"Typography_text-default__P3otY Typography_weight-normal__pqUbH storyline_paragraph_p__qSR5N\">Ihr <b class=\"bold\">Ehemann Joachim Sauer durfte auf Sitz 77 Platz nehmen<\/b>. Neben ihm sa\u00dfen Schwedens Finanzministerin Elisabeth Svantesson und Helena Norl\u00e9n, die Frau des schwedischen Parlamentspr\u00e4sidenten Andreas Norl\u00e9n.<\/p>\n<p>12:29 UhrSchlagzeilen am Mittag<\/p>\n<p>12:15 UhrRiesiges Feuer frisst sich durch Markt in St. Petersburg<\/p>\n<p class=\"Typography_text-default__P3otY Typography_weight-normal__pqUbH storyline_paragraph_p__qSR5N\">In St. Petersburg bricht auf einem gro\u00dfen Markt ein verheerender Brand aus, begleitet von mehreren Explosionen. Massive Flammen und dichte Rauchschwaden h\u00fcllen das Gebiet ein, mindestens eine Person kommt ums Leben, weitere werden verletzt. Einsatzkr\u00e4fte bek\u00e4mpfen den Brand, die Ursache ist noch unklar.<\/p>\n<p>11:36 UhrB\u00e4rbel Bas wundert sich \u00fcber die Union<\/p>\n<p class=\"Typography_text-default__P3otY Typography_weight-normal__pqUbH storyline_paragraph_p__qSR5N\">Bundessozialministerin B\u00e4rbel Bas hat sich verwundert \u00fcber die Vorbehalte von Unionsministern gegen ihren Gesetzentwurf zur Abschaffung des B\u00fcrgergelds gezeigt. Die Details der neuen Grundsicherung seien in der Koalition &#8222;auf Spitzenebene verhandelt&#8220; worden &#8211; &#8222;und insofern war ich <b class=\"bold\">\u00fcberrascht, dass es noch ein paar rechtliche R\u00fcckfragen<\/b> <b class=\"bold\">gibt<\/b>&#8222;, sagte die SPD-Vorsitzende bei der Pressekonferenz nach dem Koalitionsausschuss.<\/p>\n<p class=\"Typography_text-default__P3otY Typography_weight-normal__pqUbH storyline_paragraph_p__qSR5N\">Sie sei aber &#8222;zuversichtlich, dass wir die jetzt noch kl\u00e4ren&#8220; und der Gesetzentwurf kommende Woche im Kabinett beschlossen werden kann, sagte Bas weiter. Bundeskanzler Friedrich Merz teilte diese Zuversicht: Es gebe noch wenige Fragen, die nun &#8222;im guten Einvernehmen gekl\u00e4rt&#8220; w\u00fcrden, sagte er. <b class=\"bold\">&#8222;Das ist ein v\u00f6llig normaler Prozess.&#8220;<\/b><\/p>\n<p class=\"Typography_text-default__P3otY Typography_weight-normal__pqUbH storyline_paragraph_p__qSR5N\">Der Kabinettsbeschluss zur Grundsicherung war urspr\u00fcnglich schon f\u00fcr Mittwoch geplant, wurde dann aber wegen Vorbehalten der unionsgef\u00fchrten Ministerien f\u00fcr Wirtschaft und Inneres verschoben. Die Vorbehalte betreffen die Frage, ob B\u00fcrgergeldbeziehende, die nicht mit dem Job-Center kooperieren, noch <b class=\"bold\">pers\u00f6nlich angeh\u00f6rt werden sollen, ehe ihnen die Leistungen gestrichen werden<\/b>.<\/p>\n<p>11:10 UhrSammlerst\u00fcck erzielt Millionen: Das ist das teuerste Bild der &#8222;Star Wars&#8220;-Reihe<\/p>\n<p class=\"Typography_text-default__P3otY Typography_weight-normal__pqUbH storyline_paragraph_p__qSR5N\">Die handgemalte Vorlage f\u00fcr das erste &#8222;Star Wars&#8220;-Filmplakat hat bei einer Auktion in Texas den h\u00f6chsten Preis erzielt, der je f\u00fcr ein Filmplakat oder ein &#8222;Star Wars&#8220;-Sammlerst\u00fcck gezahlt wurde. Der Illustrator Tom Jung stellte es 1977 mit Airbrush und Acryl her.<\/p>\n<p>10:39 UhrIfo senkt Wachstumsprognose f\u00fcr deutsche Wirtschaft deutlich<\/p>\n<p class=\"Typography_text-default__P3otY Typography_weight-normal__pqUbH storyline_paragraph_p__qSR5N\">Das Ifo-Institut erwartet in den kommenden Jahren deutlich weniger Wachstum f\u00fcr die deutsche Wirtschaft &#8211; unter anderem wegen der Belastung durch US-Z\u00f6lle. F\u00fcr 2026 und 2027 senken die M\u00fcnchner Forscher ihre Prognose auf ein Plus von 0,8 und 1,1 Prozent, jeweils 0,5 Prozentpunkte weniger als zuletzt vorhergesagt.<\/p>\n<p>10:31 UhrDas ist Taylor Swifts Lieblingssong von Taylor Swift<\/p>\n<p class=\"Typography_text-default__P3otY Typography_weight-normal__pqUbH storyline_paragraph_p__qSR5N\">Von etlichen Hits auf ihren insgesamt zw\u00f6lf Studioalben hat Superstar Taylor Swift eigenen Angaben zufolge einen Lieblingssong. Sie &#8222;w\u00fcrde sagen, Nummer eins ist<b class=\"bold\"> &#8218;All Too Well&#8220; &#8211; die 10-min\u00fctige Version&#8216;<\/b>, erkl\u00e4rte die 35-J\u00e4hrige am Mittwoch dem Moderator Stephen Colbert auf dessen Frage nach ihren &#8222;Top 5 Taylor Swift Songs&#8220;.<\/p>\n<p class=\"Typography_text-default__P3otY Typography_weight-normal__pqUbH storyline_paragraph_p__qSR5N\">Das Lied ist auch der Favorit vieler Fans. Die S\u00e4ngerin hatte &#8222;All Too Well&#8220; \u00fcber eine geplatzte Liebschaft zun\u00e4chst 2012 als Teil ihres Albums &#8222;Red&#8220; ver\u00f6ffentlicht. Mit der Neuaufnahme des Albums als &#8222;Taylor&#8217;s Version&#8220; im Jahr 2021 erschien auch eine zweite Version von &#8222;All Too Well&#8220;, welche zehn Minuten lang ist. Viele Fans sind sich <b class=\"bold\">einig, dass es darin um Swifts gescheiterte Beziehung zu Schauspieler Jake Gyllenhaal geht.<\/b><\/p>\n<p>09:54 UhrAnwalt erhebt nach Gewalt in Gie\u00dfen-Video Vorw\u00fcrfe gegen Polizei<\/p>\n<p class=\"Typography_text-default__P3otY Typography_weight-normal__pqUbH storyline_paragraph_p__qSR5N\">Die <b class=\"bold\">Zusammenst\u00f6\u00dfe zwischen Polizei und Demonstranten<\/b> bei den Anti-AfD-Protesten am letzten November-Wochenende in Gie\u00dfen sorgen weiter f\u00fcr Diskussionsstoff. Die Proteste und der Gro\u00dfeinsatz von mehreren Tausend Polizisten erzeugten eine ganze Flut von Bildern, die unter anderem den Einsatz von Wasserwerfern und Auseinandersetzungen zwischen Beamten in Einsatzmontur und teils vermummten Demonstranten zeigen. Besonderes Aufsehen hatte dabei ein Video erregt, in dem zu sehen ist, wie Polizisten eine <b class=\"bold\">Blockade auf der Bundesstra\u00dfe 49 r\u00e4umen und dabei auch Schlagst\u00f6cke<\/b> einsetzen. <\/p>\n<p class=\"Typography_text-default__P3otY Typography_weight-normal__pqUbH storyline_paragraph_p__qSR5N\">Der Marburger Rechtsanwalt Jannik Rienhoff, der mehrere w\u00e4hrend der Proteste in Gewahrsam genommene Demonstranten vertritt, hatte kritisiert, schon im Vorfeld der Proteste seien <b class=\"bold\">&#8222;erhebliche Horrorszenarien&#8220; aufgebaut und vor &#8222;Pl\u00fcnderungen&#8220; gewarnt<\/b> worden. An dem Tag selbst habe es dann seitens der Polizei &#8222;relativ viel Schlagstock-Einsatz ohne Festnahmen&#8220; gegeben, &#8222;was ich rechtlich fragw\u00fcrdig finde&#8220;, so Rienhoff. Bei dem Einsatz an der B49 w\u00e4ren aus seiner Sicht auch andere M\u00f6glichkeiten wie etwa Absperrungen infrage gekommen. &#8222;Draufzurennen und die Leute zu verpr\u00fcgeln&#8220; habe &#8222;selbst aus polizeitaktischer Perspektive \u00fcberhaupt keinen Sinn&#8220;, so der Rechtsanwalt. <\/p>\n<p class=\"Typography_text-default__P3otY Typography_weight-normal__pqUbH storyline_paragraph_p__qSR5N\">F\u00fcr den Rechtswissenschaftler Steffen Augsberg geht es jetzt darum, die Ereignisse aufzuarbeiten und &#8222;herauszufinden, was tats\u00e4chlich passiert ist&#8220;. Die Polizei sei mit Blick auf die Proteste grunds\u00e4tzlich in einer &#8222;ganz schwierigen Situation&#8220; gewesen. Da es sich bei der AfD und ihrer neuen Jugendorganisation um eine zwar politisch umstrittene, aber nicht verbotene Organisation handele, h\u00e4tten die Beamten das Treffen von Rechts wegen erm\u00f6glichen m\u00fcssen. <\/p>\n<p>09:32 UhrDie Schlagzeilen am Morgen<\/p>\n<p>09:19 UhrAuto soll fahrerlos einparken &#8211; und landet in Teich<\/p>\n<p class=\"Typography_text-default__P3otY Typography_weight-normal__pqUbH storyline_paragraph_p__qSR5N\">Ein beim autonomen Einparken gefilmtes Xiaomi-Auto sorgt in China f\u00fcr Furore. Die Aufnahmen zeigen, wie beide Insassen das Fahrzeug verlassen, bevor dieses zielstrebig einzuparken versucht &#8211; dabei aber direkt auf einen Teich zusteuert. Als die Davonschlendernden das Missgeschick bemerken, ist es schon zu sp\u00e4t.<\/p>\n<p>08:31 UhrInformant verkauft riesige Steuers\u00fcnder-Datei an Bundesland<\/p>\n<p class=\"Typography_text-default__P3otY Typography_weight-normal__pqUbH storyline_paragraph_p__qSR5N\">Ob es da auch den einen oder anderen Influencer treffen k\u00f6nnte? Das Land NRW hat \u00fcber einen Informanten einen Datentr\u00e4ger zu <b class=\"bold\">Beteiligungen auch von Deutschen in Offshore-Steueroasen <\/b>angekauft. Laut dem D\u00fcsseldorfer Finanzministerium geht es um Steuerhinterziehung &#8222;im gro\u00dfen Stil&#8220; durch die Gr\u00fcndung von Auslandsgesellschaften. Wie viel das Land NRW dem Informanten bezahlt hat, wurde nicht bekannt.<\/p>\n<p class=\"Typography_text-default__P3otY Typography_weight-normal__pqUbH storyline_paragraph_p__qSR5N\">Das Ministerium informierte die Bundesregierung und die anderen Bundesl\u00e4nder \u00fcber den Datenankauf, denn es gebe <b class=\"bold\">F\u00e4lle aus ganz Deutschland<\/b>, aber auch dem Ausland. Der Datensatz ist demnach <b class=\"bold\">mehr als ein Terabyte gro\u00df<\/b>. Zur H\u00f6he der in \u00dcbersee-Gesellschaften geflossenen Gelder gibt es bisher noch keine Erkenntnisse.<\/p>\n<p>08:05 UhrDas wird heute wichtig<\/p>\n<p class=\"Typography_text-default__P3otY Typography_weight-normal__pqUbH storyline_paragraph_p__qSR5N\">Liebe Leserinnen und Leser, <\/p>\n<p class=\"Typography_text-default__P3otY Typography_weight-normal__pqUbH storyline_paragraph_p__qSR5N\">Bundeskanzler Friedrich Merz und die Koalitionsspitzen informieren gleich gegen 8.45 Uhr \u00fcber die <b class=\"bold\">Ergebnisse ihrer stundenlangen Beratungen im Berliner Kanzleramt<\/b>. Auf der Tagesordnung des Treffens standen konflikttr\u00e4chtige Themen wie der drohende Anstieg der Krankenkassenbeitr\u00e4ge und Pl\u00e4ne zur Beschleunigung von Projekten zum Ausbau des Stra\u00dfen- und Schienennetzes.<\/p>\n<p class=\"Typography_text-default__P3otY Typography_weight-normal__pqUbH storyline_paragraph_p__qSR5N\">Au\u00dferdem interessant werden heute folgende Themen:<\/p>\n<ul class=\"storyline_list_bulleted_ul__UBKND\">\n<li>\n<p class=\"Typography_text-default__P3otY Typography_weight-normal__pqUbH storyline_paragraph_p__qSR5N\">Im Bem\u00fchen um ein Ende des russischen Angriffskriegs will der ukrainische Pr\u00e4sident Wolodymyr Selenskyj heute erneut mit <b class=\"bold\">Vertretern europ\u00e4ischer Unterst\u00fctzerstaaten<\/b> zusammenkommen. Diese Woche k\u00f6nnte es Neuigkeiten geben, die wom\u00f6glich zu einem Ende des Blutvergie\u00dfens f\u00fchren, teilte er \u00fcber soziale Medien mit.<\/p>\n<\/li>\n<li>\n<p class=\"Typography_text-default__P3otY Typography_weight-normal__pqUbH storyline_paragraph_p__qSR5N\">Am Ende eines weiteren Krisenjahres f\u00fcr die deutsche Wirtschaft ver\u00f6ffentlicht das M\u00fcnchner Ifo-Institut seine <b class=\"bold\">Konjunkturprognose <\/b>f\u00fcr 2026. Bislang erwarten die Ifo-Experten und andere Wirtschaftsforschungsinstitute eine Belebung. <\/p>\n<\/li>\n<li>\n<p class=\"Typography_text-default__P3otY Typography_weight-normal__pqUbH storyline_paragraph_p__qSR5N\">Fu\u00dfball-Fans k\u00f6nnen sich wieder um <b class=\"bold\">Eintrittskarten <\/b>f\u00fcr die Weltmeisterschaft im kommenden Sommer in den USA, Kanada und Mexiko <b class=\"bold\">bewerben<\/b>. Erstmals sind Einzeltickets f\u00fcr Spiele und Teams in der Gruppenphase erh\u00e4ltlich. Ab 17 Uhr und bis zum 13. Januar kann man sich auf FIFA.com\/tickets f\u00fcr die Zufallsziehung anmelden. <\/p>\n<\/li>\n<li>\n<p class=\"Typography_text-default__P3otY Typography_weight-normal__pqUbH storyline_paragraph_p__qSR5N\">Nato-Generalsekret\u00e4r <b class=\"bold\">Mark Rutte<\/b> besucht Deutschland. Um 10 Uhr trifft er Bundeskanzler Friedrich Merz.<\/p>\n<\/li>\n<\/ul>\n<p class=\"Typography_text-default__P3otY Typography_weight-normal__pqUbH storyline_paragraph_p__qSR5N\">Damit sind Sie schon mal auf dem neuesten Stand. Ich begleite Sie durch diesen ereignisreichen Tag. Sie k\u00f6nnen sich via tobias.hauser@ntv.de an mich wenden. <\/p>\n<p>07:51 UhrMachado \u00e4u\u00dfert sich zu R\u00fcckkehr nach Venezuela<\/p>\n<p class=\"Typography_text-default__P3otY Typography_weight-normal__pqUbH storyline_paragraph_p__qSR5N\">Die venezolanische Oppositionspolitikerin und Friedensnobelpreistr\u00e4gerin Mar\u00eda Corina Machado will nach ihrem Besuch in Norwegen in ihr Heimatland zur\u00fcckkehren, in dem sie im Untergrund lebt. <b class=\"bold\">&#8222;Nat\u00fcrlich kehre ich zur\u00fcck&#8220;<\/b>, sagte sie am Donnerstag der britischen BBC. Sie sei sich der Risiken, die sie eingehe, vollkommen bewusst. Sie wolle aber an dem Ort sein, &#8222;wo ich <b class=\"bold\">unserer Sache am n\u00fctzlichsten <\/b>sein kann&#8220;.<\/p>\n<p class=\"Typography_text-default__P3otY Typography_weight-normal__pqUbH storyline_paragraph_p__qSR5N\">Machado war nach der umstrittenen Wiederwahl des linksnationalistischen Pr\u00e4sidenten Nicol\u00e1s Maduro in Venezuela untergetaucht. Am fr\u00fchen Donnerstagmorgen war sie in Oslo zum <b class=\"bold\">ersten Mal seit elf Monaten wieder in der \u00d6ffentlichkeit aufgetreten<\/b>. Sie winkte in der norwegischen Hauptstadt Anh\u00e4ngern vom Balkon ihres Hotels zu und begr\u00fc\u00dfte sie sp\u00e4ter auch vor dem Hotel.<\/p>\n<p>07:16 UhrTausende H\u00fchner entkommen nach Unfall auf Autobahn<\/p>\n<p class=\"Typography_text-default__P3otY Typography_weight-normal__pqUbH storyline_paragraph_p__qSR5N\">Tierisch was los auf der A36. Etwa 5000 H\u00fchner sind bei einem Lkw-Unfall im Landkreis Harz entkommen. Die Tiere laufen bei Quedlinburg <b class=\"bold\">auf und neben der Autobahn frei herum<\/b>, wie der Verkehrs- und Autobahndienst Magdeburg mitteilte. Zuvor war ein <b class=\"bold\">mit den V\u00f6geln beladener Lastwagen <\/b>aus bislang unbekannter Ursache auf die Seite gekippt. Er verlor seine 15 Tonnen schwere Ladung. Die Tiere m\u00fcssten durch das Veterin\u00e4ramt eingefangen werden, hie\u00df es weiter.<\/p>\n<p class=\"Typography_text-default__P3otY Typography_weight-normal__pqUbH storyline_paragraph_p__qSR5N\">Zwischen den Anschlussstellen Quedlinburg-Mitte und Thale in Richtung Braunschweig wurden alle Spuren gesperrt. Die Sperrung werde wohl noch bis Donnerstagmittag dauern, sagte ein Polizeisprecher in Magdeburg. Der Lkw-Fahrer blieb unverletzt.<\/p>\n<p>06:45 UhrTrump mischt sich in Warner-Bros-Bieterwettstreit ein und fordert\u00a0CNN-Verkauf<\/p>\n<p class=\"Typography_text-default__P3otY Typography_weight-normal__pqUbH storyline_paragraph_p__qSR5N\">US-Pr\u00e4sident Donald Trump hat sich in den \u00dcbernahmekampf um den Medienkonzern Warner Bros Discovery eingeschaltet und den <b class=\"bold\">Verkauf des zum Konzern geh\u00f6renden Nachrichtensenders CNN gefordert<\/b>. &#8222;CNN sollte verkauft werden&#8220;, sagte Trump am Mittwoch vor Reportern im Wei\u00dfen Haus. Trump ist seit Langem ein scharfer Kritiker von CNN. Er wirft dem Sender regelm\u00e4\u00dfig vor, <b class=\"bold\">Falschnachrichten zu verbreiten<\/b>, ohne dies zu belegen, und voreingenommen \u00fcber ihn zu berichten.<\/p>\n<p class=\"Typography_text-default__P3otY Typography_weight-normal__pqUbH storyline_paragraph_p__qSR5N\">Hintergrund ist ein <b class=\"bold\">Bieterwettstreit um Warner Bros<\/b>. Der Streaming-Anbieter Netflix und Paramount Skydance werben um den Konzern. Warner Bros hatte vergangene Woche das Angebot von Netflix angenommen, woraufhin Paramount am Montag eine feindliche \u00dcbernahmeofferte startete. Das Netflix-Angebot umfasst Verm\u00f6genswerte wie den Bezahlsender HBO, <b class=\"bold\">schlie\u00dft jedoch CNN und andere Kabelnetzwerke aus<\/b>. Diese sollen vor einer Fusion in ein eigenst\u00e4ndiges Unternehmen ausgegliedert werden. Das Angebot von Paramount hingegen bezieht sich auf das gesamte Unternehmen. Paramount-Chef David Ellison will <b class=\"bold\">CNN mit dem Sender CBS News zusammenlegen<\/b>. Ellison ist der Sohn des Milliard\u00e4rs und Trump-Verb\u00fcndeten Larry Ellison.<\/p>\n<p>06:02 UhrKevin K\u00fchnert hat einen neuen Job<\/p>\n<p class=\"Typography_text-default__P3otY Typography_weight-normal__pqUbH storyline_paragraph_p__qSR5N\">Der fr\u00fchere Bundestagsabgeordnete und SPD-Generalsekret\u00e4r Kevin K\u00fchnert wird <b class=\"bold\">Lobbyist f\u00fcr alternative Finanzpolitik<\/b>. Der 36-J\u00e4hrige \u00fcbernimmt bei der B\u00fcrgerbewegung Finanzwende die Leitung des Bereichs Steuern, Verteilung und Lobbyismus, wie die Deutsche Presse-Agentur erfuhr. Finanzwende war von dem fr\u00fcheren Gr\u00fcnen-Finanzexperten im Bundestag, Gerhard Schick, als <b class=\"bold\">Gegengewicht zur einflussreichen Finanzlobby <\/b>gegr\u00fcndet worden. K\u00fchnert war immer wieder mit der Forderung nach tiefgreifenden Reformen aufgefallen und hatte Debatten \u00fcber eine Neuauflage sozialistischer Ideen entfacht.<\/p>\n<p class=\"Typography_text-default__P3otY Typography_weight-normal__pqUbH storyline_paragraph_p__qSR5N\">&#8222;Finanzwende ist auf dem besten Weg, ein effektives Gegengewicht der Finanzlobby zu werden &#8211; und ich m\u00f6chte aktiv dazu beitragen, dass <b class=\"bold\">dieses Mammutprojekt gelingt<\/b>&#8222;, sagte K\u00fchnert. Der fr\u00fchere Chef des SPD-Nachwuchses und dann Spitzenfunktion\u00e4r seiner Partei machte auf die Ungleichheit bei den finanziellen Mitteln aufmerksam. Auch die politische Macht verschiebe sich dadurch, sagte er. &#8222;Extreme Ungleichheit verbaut nicht nur Lebenschancen. Sie verzerrt auch zunehmend Debatten in Medien und Politik.&#8220; K\u00fchnert: &#8222;Reichtum wird weltweit immer offener als Machtinstrument missbraucht.&#8220; Gegen diese Gefahr wolle er mit ank\u00e4mpfen. Er lobte St\u00e4rke und \u00dcberparteilichkeit seines neuen Arbeitgebers.<\/p>\n<p>05:55 UhrSchlagzeilen aus der Nacht<\/p>\n","protected":false},"excerpt":{"rendered":"16:05 UhrKellner wirft Schwarz-Rot &#8222;organisierte Arbeitsverweigerung&#8220; vor Der ehemalige parlamentarische Staatssekret\u00e4r im Bundeswirtschaftsministerium, Michael Kellner, \u00e4u\u00dfert scharfe Kritik&hellip;\n","protected":false},"author":2,"featured_media":639444,"comment_status":"","ping_status":"","sticky":false,"template":"","format":"standard","meta":{"footnotes":""},"categories":[1773],"tags":[29,214,30,471,1780,215],"class_list":{"0":"post-639443","1":"post","2":"type-post","3":"status-publish","4":"format-standard","5":"has-post-thumbnail","7":"category-serien","8":"tag-deutschland","9":"tag-entertainment","10":"tag-germany","11":"tag-serien","12":"tag-series","13":"tag-unterhaltung"},"share_on_mastodon":{"url":"https:\/\/pubeurope.com\/@de\/115701655810266620","error":""},"_links":{"self":[{"href":"https:\/\/www.europesays.com\/de\/wp-json\/wp\/v2\/posts\/639443","targetHints":{"allow":["GET"]}}],"collection":[{"href":"https:\/\/www.europesays.com\/de\/wp-json\/wp\/v2\/posts"}],"about":[{"href":"https:\/\/www.europesays.com\/de\/wp-json\/wp\/v2\/types\/post"}],"author":[{"embeddable":true,"href":"https:\/\/www.europesays.com\/de\/wp-json\/wp\/v2\/users\/2"}],"replies":[{"embeddable":true,"href":"https:\/\/www.europesays.com\/de\/wp-json\/wp\/v2\/comments?post=639443"}],"version-history":[{"count":0,"href":"https:\/\/www.europesays.com\/de\/wp-json\/wp\/v2\/posts\/639443\/revisions"}],"wp:featuredmedia":[{"embeddable":true,"href":"https:\/\/www.europesays.com\/de\/wp-json\/wp\/v2\/media\/639444"}],"wp:attachment":[{"href":"https:\/\/www.europesays.com\/de\/wp-json\/wp\/v2\/media?parent=639443"}],"wp:term":[{"taxonomy":"category","embeddable":true,"href":"https:\/\/www.europesays.com\/de\/wp-json\/wp\/v2\/categories?post=639443"},{"taxonomy":"post_tag","embeddable":true,"href":"https:\/\/www.europesays.com\/de\/wp-json\/wp\/v2\/tags?post=639443"}],"curies":[{"name":"wp","href":"https:\/\/api.w.org\/{rel}","templated":true}]}}