{"id":639458,"date":"2025-12-11T15:40:20","date_gmt":"2025-12-11T15:40:20","guid":{"rendered":"https:\/\/www.europesays.com\/de\/639458\/"},"modified":"2025-12-11T15:40:20","modified_gmt":"2025-12-11T15:40:20","slug":"ukraine-der-tragische-wolodymyr-selenskyj","status":"publish","type":"post","link":"https:\/\/www.europesays.com\/de\/639458\/","title":{"rendered":"Ukraine: Der tragische Wolodymyr Selenskyj"},"content":{"rendered":"<p>                            Der tragische Wolodymyr Selenskyj: 2019 wurde er mit historischer Unterst\u00fctzung zum Pr\u00e4sidenten der Ukraine gew\u00e4hlt. Doch nun steht er unter Druck und ist geschw\u00e4cht.            \u00a9\u00a0Ozan Kose\/\u200bAFP\/\u200bGetty Images<\/p>\n<p class=\"paragraph article__item\">2019 wurde <a class=\"rtr-entity\" href=\"https:\/\/www.zeit.de\/thema\/wolodymyr-selenskyj\" target=\"_blank\" rel=\"noopener\">Wolodymyr Selenskyj<\/a> mit historischer Unterst\u00fctzung zum Pr\u00e4sidenten der Ukraine gew\u00e4hlt. Auf ihm lasteten gro\u00dfe Hoffnungen: Er war einer von au\u00dferhalb und versprach, die Korruption zu bek\u00e4mpfen und den Krieg zu beenden.\n<\/p>\n<p class=\"paragraph article__item\">Als am 24. Februar 2022 Wladimir Putin Panzer auf Kyjiw rollen lie\u00df und so ziemlich die ganze Welt erwartete, dass die <a class=\"rtr-entity\" href=\"https:\/\/www.zeit.de\/politik\/ausland\/ukraine-krieg-news-liveblog\" target=\"_blank\" rel=\"noopener\">Ukraine<\/a> innerhalb weniger Tage aufgeben muss, war es Wolodymyr Selenskyj, der sich entschied, im Land zu bleiben und an die Einheit seiner Landsleute zu appellieren.\n<\/p>\n<p class=\"paragraph article__item\">Nun, da die Lage f\u00fcr die Ukraine vielleicht die schwierigste seit vier Jahren ist, appelliert er wieder an die Einheit seiner Landsleute. Aber Selenskyj ist geschw\u00e4cht durch einen Korruptionsskandal \u2013 und Donald Trump scheint ihn zu verachten.\u00a0<a href=\"https:\/\/www.zeit.de\/autoren\/B\/Alice_Bota\/index.xml\" target=\"_blank\" rel=\"noopener\">Alice Bota<\/a>\u00a0und\u00a0<a href=\"https:\/\/www.zeit.de\/autoren\/T\/Michael_Thumann\/index.xml\" target=\"_blank\" rel=\"noopener\">Michael Thumann<\/a>\u00a0fragen sich in dieser Folge des Ostcasts: Woher r\u00fchrt Trumps Verachtung? Welches sind die gesch\u00e4ftlichen Motive seiner Vermittler? Und wie konnte Selenskyj zu dieser tragischen Figur werden?\n<\/p>\n<p class=\"paragraph article__item\">Alle drei Wochen sprechen wir im Ostcast\u00a0\u00fcber Politik und Gesellschaft der osteurop\u00e4ischen L\u00e4nder. Alice Bota\u00a0berichtet von ihren Gespr\u00e4chen und Erfahrungen in Osteuropa, Michael Thumann erz\u00e4hlt von seinen Begegnungen und Reisen in Russland und den Nachbarl\u00e4ndern.\n<\/p>\n<p class=\"paragraph article__item\">Alle Folgen des Podcasts finden Sie <a class=\"Hyperlink SCXW161983189 BCX2\" href=\"https:\/\/www.zeit.de\/serie\/der-ostcast\" target=\"_blank\" rel=\"noreferrer noopener\">hier<\/a>. Unter <a class=\"Hyperlink SCXW161983189 BCX2\" href=\"http:\/\/ostcast@zeit.de\/\" target=\"_blank\" rel=\"noreferrer noopener\">ostcast@zeit.de<\/a> erreichen Sie das Team per Mail.<\/p>\n","protected":false},"excerpt":{"rendered":"Der tragische Wolodymyr Selenskyj: 2019 wurde er mit historischer Unterst\u00fctzung zum Pr\u00e4sidenten der Ukraine gew\u00e4hlt. Doch nun steht&hellip;\n","protected":false},"author":2,"featured_media":639459,"comment_status":"","ping_status":"","sticky":false,"template":"","format":"standard","meta":{"footnotes":""},"categories":[3],"tags":[106,13,324,1435,14,15,16,307,12,10,8,9,11,317,103,306,107,104],"class_list":{"0":"post-639458","1":"post","2":"type-post","3":"status-publish","4":"format-standard","5":"has-post-thumbnail","7":"category-welt","8":"tag-donald-trump","9":"tag-headlines","10":"tag-korruption","11":"tag-krieg-in-der-ukraine","12":"tag-nachrichten","13":"tag-news","14":"tag-politik","15":"tag-russland","16":"tag-schlagzeilen","17":"tag-top-news","18":"tag-top-meldungen","19":"tag-topmeldungen","20":"tag-topnews","21":"tag-ukraine","22":"tag-welt","23":"tag-wladimir-putin","24":"tag-wolodymyr-selenskyj","25":"tag-world"},"share_on_mastodon":{"url":"https:\/\/pubeurope.com\/@de\/115701692660359162","error":""},"_links":{"self":[{"href":"https:\/\/www.europesays.com\/de\/wp-json\/wp\/v2\/posts\/639458","targetHints":{"allow":["GET"]}}],"collection":[{"href":"https:\/\/www.europesays.com\/de\/wp-json\/wp\/v2\/posts"}],"about":[{"href":"https:\/\/www.europesays.com\/de\/wp-json\/wp\/v2\/types\/post"}],"author":[{"embeddable":true,"href":"https:\/\/www.europesays.com\/de\/wp-json\/wp\/v2\/users\/2"}],"replies":[{"embeddable":true,"href":"https:\/\/www.europesays.com\/de\/wp-json\/wp\/v2\/comments?post=639458"}],"version-history":[{"count":0,"href":"https:\/\/www.europesays.com\/de\/wp-json\/wp\/v2\/posts\/639458\/revisions"}],"wp:featuredmedia":[{"embeddable":true,"href":"https:\/\/www.europesays.com\/de\/wp-json\/wp\/v2\/media\/639459"}],"wp:attachment":[{"href":"https:\/\/www.europesays.com\/de\/wp-json\/wp\/v2\/media?parent=639458"}],"wp:term":[{"taxonomy":"category","embeddable":true,"href":"https:\/\/www.europesays.com\/de\/wp-json\/wp\/v2\/categories?post=639458"},{"taxonomy":"post_tag","embeddable":true,"href":"https:\/\/www.europesays.com\/de\/wp-json\/wp\/v2\/tags?post=639458"}],"curies":[{"name":"wp","href":"https:\/\/api.w.org\/{rel}","templated":true}]}}