{"id":639462,"date":"2025-12-11T15:43:11","date_gmt":"2025-12-11T15:43:11","guid":{"rendered":"https:\/\/www.europesays.com\/de\/639462\/"},"modified":"2025-12-11T15:43:11","modified_gmt":"2025-12-11T15:43:11","slug":"demografie-80-millionen-einwohner-das-war-einmal","status":"publish","type":"post","link":"https:\/\/www.europesays.com\/de\/639462\/","title":{"rendered":"Demografie: 80 Millionen Einwohner? Das war einmal"},"content":{"rendered":"<p>\n                        Trotz weniger Geburten ist die Bev\u00f6lkerung stetig gewachsen. Damit d\u00fcrfte bald Schluss sein, zeigen neue Prognosen \u2013 vor allem wegen eines Faktors.\n                    <\/p>\n<p>        11. Dezember 2025, 15:17 Uhr\n    <\/p>\n<p>            <a class=\"z-text-button\" href=\"#comments\" title=\"Kommentare anzeigen\" data-ct-row=\"comments\" data-ct-column=\"false\"><\/p>\n<p>            81 Kommentare<br \/>\n        <\/a><br \/>\n    Zusammenfassen<\/p>\n<p>                Schlie\u00dfen<br \/>\n                Artikelzusammenfassung<\/p>\n<p>Deutschlands Bev\u00f6lkerung schrumpft: Prognosen des Statistischen Bundesamts zeigen, dass die Einwohnerzahl bis 2070 auf unter 75 Millionen sinken k\u00f6nnte. Ursachen sind sinkende Geburtenraten, abnehmende Migration und die zunehmende Alterung der Gesellschaft. Die Zahl der \u00fcber 100-J\u00e4hrigen k\u00f6nnte sich bis 2070 auf 124.000 erh\u00f6hen. Trotz m\u00f6glicher Szenarien f\u00fcr einen Anstieg der Geburtenrate bleibt ein Bev\u00f6lkerungsr\u00fcckgang absehbar. Migration spielt eine entscheidende Rolle, doch auch hier wird mit einem R\u00fcckgang gerechnet.<\/p>\n<p>                Diese Zusammenfassung wurde mithilfe von K\u00fcnstlicher Intelligenz erstellt. Vereinzelt kann es dabei zu Fehlern kommen.<\/p>\n<p class=\"summy__feedback-paragraph\">Fanden Sie die Zusammenfassung hilfreich? <\/p>\n<p>                        Gef\u00e4llt mir<\/p>\n<p>                        Gef\u00e4llt mir<\/p>\n<p>                        Gef\u00e4llt mir nicht<\/p>\n<p>                        Gef\u00e4llt mir nicht<\/p>\n<p>                        Send<\/p>\n<p class=\"paragraph\">Von kurzen Unterbrechungen abgesehen ist Deutschlands Bev\u00f6lkerung seit Ende des Zweiten Weltkriegs durchg\u00e4ngig gewachsen. Seit der Wiedervereinigung lebten hier stets etwas mehr als 80 Millionen Menschen.\u00a0Damit d\u00fcrfte bald Schluss sein.<\/p>\n","protected":false},"excerpt":{"rendered":"Trotz weniger Geburten ist die Bev\u00f6lkerung stetig gewachsen. Damit d\u00fcrfte bald Schluss sein, zeigen neue Prognosen \u2013 vor&hellip;\n","protected":false},"author":2,"featured_media":639463,"comment_status":"","ping_status":"","sticky":false,"template":"","format":"standard","meta":{"footnotes":""},"categories":[5],"tags":[20326,46540,8500,17233,13,14,15,20794,12,10,8,9,11,55],"class_list":{"0":"post-639462","1":"post","2":"type-post","3":"status-publish","4":"format-standard","5":"has-post-thumbnail","7":"category-nachrichten","8":"tag-bundesrepublik-deutschland","9":"tag-demografie","10":"tag-geburt","11":"tag-geburtenrate","12":"tag-headlines","13":"tag-nachrichten","14":"tag-news","15":"tag-prognose","16":"tag-schlagzeilen","17":"tag-top-news","18":"tag-top-meldungen","19":"tag-topmeldungen","20":"tag-topnews","21":"tag-wirtschaft"},"share_on_mastodon":{"url":"https:\/\/pubeurope.com\/@de\/115701704679406869","error":""},"_links":{"self":[{"href":"https:\/\/www.europesays.com\/de\/wp-json\/wp\/v2\/posts\/639462","targetHints":{"allow":["GET"]}}],"collection":[{"href":"https:\/\/www.europesays.com\/de\/wp-json\/wp\/v2\/posts"}],"about":[{"href":"https:\/\/www.europesays.com\/de\/wp-json\/wp\/v2\/types\/post"}],"author":[{"embeddable":true,"href":"https:\/\/www.europesays.com\/de\/wp-json\/wp\/v2\/users\/2"}],"replies":[{"embeddable":true,"href":"https:\/\/www.europesays.com\/de\/wp-json\/wp\/v2\/comments?post=639462"}],"version-history":[{"count":0,"href":"https:\/\/www.europesays.com\/de\/wp-json\/wp\/v2\/posts\/639462\/revisions"}],"wp:featuredmedia":[{"embeddable":true,"href":"https:\/\/www.europesays.com\/de\/wp-json\/wp\/v2\/media\/639463"}],"wp:attachment":[{"href":"https:\/\/www.europesays.com\/de\/wp-json\/wp\/v2\/media?parent=639462"}],"wp:term":[{"taxonomy":"category","embeddable":true,"href":"https:\/\/www.europesays.com\/de\/wp-json\/wp\/v2\/categories?post=639462"},{"taxonomy":"post_tag","embeddable":true,"href":"https:\/\/www.europesays.com\/de\/wp-json\/wp\/v2\/tags?post=639462"}],"curies":[{"name":"wp","href":"https:\/\/api.w.org\/{rel}","templated":true}]}}