{"id":639470,"date":"2025-12-11T15:47:20","date_gmt":"2025-12-11T15:47:20","guid":{"rendered":"https:\/\/www.europesays.com\/de\/639470\/"},"modified":"2025-12-11T15:47:20","modified_gmt":"2025-12-11T15:47:20","slug":"sachsen-feiert-juedische-kultur-mit-hunderten-projekten","status":"publish","type":"post","link":"https:\/\/www.europesays.com\/de\/639470\/","title":{"rendered":"Sachsen feiert j\u00fcdische Kultur mit Hunderten Projekten"},"content":{"rendered":"<p class=\"bold\">\n\t\t\t\t\t\t\t\t\t\t2026 wird in Sachsen die Vielfalt j\u00fcdischer Kultur gefeiert. Daf\u00fcr wurde eigens ein ganz besonderer Chanukka-Leuchter geschaffen. Zur Er\u00f6ffnung des Themenjahres leuchtet die erste Kerze.\t\t\t\t<\/p>\n<p>\t\t\t\t\t\t\t\t\t\t\t\t\t\t\t\t\t\t\tChemnitz.<\/p>\n<p>Mit mehr als 300 Projekten feiert Sachsen im kommenden Jahr die j\u00fcdische Kultur. Konzerte, Ausstellungen, Lesungen, Workshops sowie Tanz- und Theaterauff\u00fchrungen sollen dabei in allen Regionen j\u00fcdisches Leben und j\u00fcdische Kultur sichtbar und erlebbar machen, hie\u00df es bei der Vorstellung des Programms. Daf\u00fcr stehen etwa 1,45 Millionen Euro zur Verf\u00fcgung, wie Kulturministerin Barbara Klepsch (CDU) sagte. &#8222;Die Menschen sollen j\u00fcdische Kultur und Geschichte vor ihrer eigenen Haust\u00fcr erleben k\u00f6nnen.&#8220;<\/p>\n<p>Eingel\u00e4utet wird das Themenjahr am Sonntag (14. Dezember) in <a href=\"https:\/\/www.freiepresse.de\/thema\/ort\/chemnitz\" title=\"Nachrichten f\u00fcr den Ort: Chemnitz\" class=\"internal-article-link\" data-ct=\"ENTITY\/LOCATION\/UNKNOWN\/CHEMNITZ\" target=\"_blank\" rel=\"noopener\">Chemnitz<\/a> mit dem Entz\u00fcnden der ersten Kerze f\u00fcr das Chanukka-Fest. Dazu hat der Seiffener Kunsthandwerker Ringo M\u00fcller zusammen mit dem Gestalter Markus Weber einen besonderen Leuchter geschaffen: Er verbindet den weihnachtlichen Schwibbogen mit der Form einer Chanukkia mit neun Kerzen. Nach j\u00fcdischer Tradition wird zu Chanukka jeden Abend eine weitere Kerze erleuchtet. Das Fest erinnert an die Wiedereinweihung des zweiten Tempels in Jerusalem.\u00a0<\/p>\n<p>                    \t\t\t        \t\t\t\t<img decoding=\"async\" class=\"media-image detail-img__media-image detail-img__image--rounded\" loading=\"lazy\" src=\"https:\/\/www.europesays.com\/de\/wp-content\/uploads\/2025\/12\/17732832_M400x267.jpg\" alt=\"Kunsthandwerker Ringo M\u00fcller und der Gestalter Markus Weber pr\u00e4sentieren ihre Schwibbogen-Chanukkia. Zum Auftakt des Jahres der j\u00fcdischen Kultur in Sachsen wird die erste Kerze erleuchtet. \"   style=\"&#10;&#9;&#9;&#9;aspect-ratio:2048\/1147;&#10;&#9;&#9;&#9;background: url(data:image\/jpg;base64,\/9j\/4AAQSkZJRgABAQEASABIAAD\/2wBDAAUDBAQEAwUEBAQFBQUGBwwIBwcHBw8LCwkMEQ8SEhEPERETFhwXExQaFRERGCEYGh0dHx8fExciJCIeJBweHx7\/2wBDAQUFBQcGBw4ICA4eFBEUHh4eHh4eHh4eHh4eHh4eHh4eHh4eHh4eHh4eHh4eHh4eHh4eHh4eHh4eHh4eHh4eHh7\/wAARCAAHAAoDASIAAhEBAxEB\/8QAFQABAQAAAAAAAAAAAAAAAAAAAAb\/xAAfEAACAAYDAQAAAAAAAAAAAAABAgADBAUSIQYRMUH\/xAAVAQEBAAAAAAAAAAAAAAAAAAADBP\/EABwRAAICAgMAAAAAAAAAAAAAAAECAAMEESExQf\/aAAwDAQACEQMRAD8AgrFKo7eGqqe04OHYAZriEDMoPW+\/PDuJir5ZepdVOlni9uBRyu5gJ0T9BhCLL8p2Iq40vUOrFRSbPTP\/2Q==) no-repeat left top; background-size: cover;&#9;&#9;&#9;width: 100%;&#9;&#9;\"\/><\/p>\n<p>\n            Kunsthandwerker Ringo M\u00fcller und der Gestalter Markus Weber pr\u00e4sentieren ihre Schwibbogen-Chanukkia. Zum Auftakt des Jahres der j\u00fcdischen Kultur in Sachsen wird die erste Kerze erleuchtet. <\/p>\n<p>                Bild:  Hendrik Schmidt\/dpa\n        <\/p>\n<p>            \t\t\t        \t\t\t\t<img decoding=\"async\" class=\"media-image lightbox__image\" loading=\"lazy\" src=\"https:\/\/www.europesays.com\/de\/wp-content\/uploads\/2025\/12\/17732832_M400x267.jpg\" alt=\"Kunsthandwerker Ringo M\u00fcller und der Gestalter Markus Weber pr\u00e4sentieren ihre Schwibbogen-Chanukkia. Zum Auftakt des Jahres der j\u00fcdischen Kultur in Sachsen wird die erste Kerze erleuchtet. \"   style=\"&#10;&#9;&#9;&#9;aspect-ratio:2048\/1147;&#10;&#9;&#9;&#9;background: url(data:image\/jpg;base64,\/9j\/4AAQSkZJRgABAQEASABIAAD\/2wBDAAUDBAQEAwUEBAQFBQUGBwwIBwcHBw8LCwkMEQ8SEhEPERETFhwXExQaFRERGCEYGh0dHx8fExciJCIeJBweHx7\/2wBDAQUFBQcGBw4ICA4eFBEUHh4eHh4eHh4eHh4eHh4eHh4eHh4eHh4eHh4eHh4eHh4eHh4eHh4eHh4eHh4eHh4eHh7\/wAARCAAHAAoDASIAAhEBAxEB\/8QAFQABAQAAAAAAAAAAAAAAAAAAAAb\/xAAfEAACAAYDAQAAAAAAAAAAAAABAgADBAUSIQYRMUH\/xAAVAQEBAAAAAAAAAAAAAAAAAAADBP\/EABwRAAICAgMAAAAAAAAAAAAAAAECAAMEESExQf\/aAAwDAQACEQMRAD8AgrFKo7eGqqe04OHYAZriEDMoPW+\/PDuJir5ZepdVOlni9uBRyu5gJ0T9BhCLL8p2Iq40vUOrFRSbPTP\/2Q==) no-repeat left top; background-size: cover;&#9;&#9;&#9;width: 100%;&#9;&#9;\"\/><\/p>\n<p>\n            Kunsthandwerker Ringo M\u00fcller und der Gestalter Markus Weber pr\u00e4sentieren ihre Schwibbogen-Chanukkia. Zum Auftakt des Jahres der j\u00fcdischen Kultur in Sachsen wird die erste Kerze erleuchtet.  Bild: Hendrik Schmidt\/dpa\n        <\/p>\n<p>\tBegegnungen und respektvoller Austausch<\/p>\n<p>&#8222;Dass wir j\u00fcdisches Leben in Deutschland haben, ist aus meiner Sicht ein gro\u00dfes Gl\u00fcck&#8220;, konstatierte Landtagspr\u00e4sident Alexander Dierks (CDU). &#8222;Es ist aus der Geschichte heraus alles andere als selbstverst\u00e4ndlich angesichts des f\u00fcrchterlichen Verbrechens der Schoah.&#8220;<\/p>\n<p>Das Themenjahr steht unter dem Titel &#8222;Tacheles&#8220; und damit f\u00fcr freien und respektvollen Meinungsaustausch auf Augenh\u00f6he. Zudem gehe es um Kultur, Geschichte und Begegnung und deren Beitrag zu einem friedlichen Miteinander, erkl\u00e4rte K\u00fcf Kaufmann, Pr\u00e4sidiumsmitglied des Landesverbandes der J\u00fcdischen Gemeinde in Sachsen.\u00a0<\/p>\n<p>                    \t\t\t        \t\t\t\t<img decoding=\"async\" class=\"media-image detail-img__media-image detail-img__image--rounded\" loading=\"lazy\" src=\"https:\/\/www.europesays.com\/de\/wp-content\/uploads\/2025\/12\/17732833_M400x267.jpg\" alt=\"K\u00fcf Kaufmann: &quot;Das Tacheles-Jahr bietet unglaublich viele M\u00f6glichkeiten, j\u00fcdischem Leben und j\u00fcdischer Kultur zu begegnen.&quot;\"   style=\"&#10;&#9;&#9;&#9;aspect-ratio:2048\/1299;&#10;&#9;&#9;&#9;background: url(data:image\/jpg;base64,\/9j\/4AAQSkZJRgABAQEASABIAAD\/2wBDAAUDBAQEAwUEBAQFBQUGBwwIBwcHBw8LCwkMEQ8SEhEPERETFhwXExQaFRERGCEYGh0dHx8fExciJCIeJBweHx7\/2wBDAQUFBQcGBw4ICA4eFBEUHh4eHh4eHh4eHh4eHh4eHh4eHh4eHh4eHh4eHh4eHh4eHh4eHh4eHh4eHh4eHh4eHh7\/wAARCAAHAAoDASIAAhEBAxEB\/8QAFgABAQEAAAAAAAAAAAAAAAAAAAIG\/8QAIBAAAQQCAQUAAAAAAAAAAAAAAQIDBAUAESETMVGRof\/EABQBAQAAAAAAAAAAAAAAAAAAAAb\/xAAhEQACAAQHAQAAAAAAAAAAAAABAgADBTEEERMhQVGhwf\/aAAwDAQACEQMRAD8AwtXdsMVy6OTCiS3YLiXXG+iAAg8FQVryU+zxlGygqJIpWEgnYAX2+Yxiajtq4cu1yT7kfsGayxlTwq2AHXG0f\/\/Z) no-repeat left top; background-size: cover;&#9;&#9;&#9;width: 100%;&#9;&#9;\"\/><\/p>\n<p>\n            K\u00fcf Kaufmann: &#8222;Das Tacheles-Jahr bietet unglaublich viele M\u00f6glichkeiten, j\u00fcdischem Leben und j\u00fcdischer Kultur zu begegnen.&#8220;<\/p>\n<p>                Bild:  Hendrik Schmidt\/dpa\n        <\/p>\n<p>            \t\t\t        \t\t\t\t<img decoding=\"async\" class=\"media-image lightbox__image\" loading=\"lazy\" src=\"https:\/\/www.europesays.com\/de\/wp-content\/uploads\/2025\/12\/17732833_M400x267.jpg\" alt=\"K\u00fcf Kaufmann: &quot;Das Tacheles-Jahr bietet unglaublich viele M\u00f6glichkeiten, j\u00fcdischem Leben und j\u00fcdischer Kultur zu begegnen.&quot;\"   style=\"&#10;&#9;&#9;&#9;aspect-ratio:2048\/1299;&#10;&#9;&#9;&#9;background: url(data:image\/jpg;base64,\/9j\/4AAQSkZJRgABAQEASABIAAD\/2wBDAAUDBAQEAwUEBAQFBQUGBwwIBwcHBw8LCwkMEQ8SEhEPERETFhwXExQaFRERGCEYGh0dHx8fExciJCIeJBweHx7\/2wBDAQUFBQcGBw4ICA4eFBEUHh4eHh4eHh4eHh4eHh4eHh4eHh4eHh4eHh4eHh4eHh4eHh4eHh4eHh4eHh4eHh4eHh7\/wAARCAAHAAoDASIAAhEBAxEB\/8QAFgABAQEAAAAAAAAAAAAAAAAAAAIG\/8QAIBAAAQQCAQUAAAAAAAAAAAAAAQIDBAUAESETMVGRof\/EABQBAQAAAAAAAAAAAAAAAAAAAAb\/xAAhEQACAAQHAQAAAAAAAAAAAAABAgADBTEEERMhQVGhwf\/aAAwDAQACEQMRAD8AwtXdsMVy6OTCiS3YLiXXG+iAAg8FQVryU+zxlGygqJIpWEgnYAX2+Yxiajtq4cu1yT7kfsGayxlTwq2AHXG0f\/\/Z) no-repeat left top; background-size: cover;&#9;&#9;&#9;width: 100%;&#9;&#9;\"\/><\/p>\n<p>\n            K\u00fcf Kaufmann: &#8222;Das Tacheles-Jahr bietet unglaublich viele M\u00f6glichkeiten, j\u00fcdischem Leben und j\u00fcdischer Kultur zu begegnen.&#8220; Bild: Hendrik Schmidt\/dpa\n        <\/p>\n<p>Auf dem Programm steht unter anderem ein Konzertprojekt in der <a href=\"https:\/\/www.freiepresse.de\/thema\/dresdner+frauenkirche\" title=\"Artikel zum Thema: Dresdner Frauenkirche\" class=\"internal-article-link\" data-ct=\"ENTITY\/KEYWORD\/DRESDNER-FRAUENKIRCHE\" target=\"_blank\" rel=\"noopener\">Dresdner Frauenkirche<\/a> und an weiteren Orten, wo Werke der christlichen und j\u00fcdischen Musiktradition aufgef\u00fchrt werden. In der Tuchfabrik Gebr\u00fcder Pfau in <a href=\"https:\/\/www.freiepresse.de\/thema\/ort\/crimmitschau\" title=\"Nachrichten f\u00fcr den Ort: Crimmitschau\" class=\"internal-article-link\" data-ct=\"ENTITY\/LOCATION\/UNKNOWN\/CRIMMITSCHAU\" target=\"_blank\" rel=\"noopener\">Crimmitschau<\/a> schafft die K\u00fcnstlerin Maja Gratzfeld unter dem Titel &#8222;Farben der Religionen&#8220; eine gro\u00dfe textile Installation und in <a href=\"https:\/\/www.freiepresse.de\/thema\/ort\/gro%C3%9Fschirma\" title=\"Nachrichten f\u00fcr den Ort: Gro\u00dfschirma\" class=\"internal-article-link\" data-ct=\"ENTITY\/LOCATION\/UNKNOWN\/GRO\u00dfSCHIRMA\" target=\"_blank\" rel=\"noopener\">Gro\u00dfschirma<\/a> ist ein interreligi\u00f6ser Moped-Gottesdienst geplant.\u00a0<\/p>\n<p>In Leipzig wird es in der Reihe &#8222;Allianzen, Stimmen, Perspektiven&#8220; unter anderem eine Podiumsdiskussion zu Antisemitismus in Rap und Hip-Hop geben, ebenso wie ein Zeitzeugengespr\u00e4ch mit der Holocaust-\u00dcberlebenden Renate Aris.\u00a0<\/p>\n<p>Anlass f\u00fcr das Themenjahr ist die Gr\u00fcndung des ersten Landesverbandes j\u00fcdischer Gemeinden in Sachsen vor 100 Jahren. (dpa)<\/p>\n","protected":false},"excerpt":{"rendered":"2026 wird in Sachsen die Vielfalt j\u00fcdischer Kultur gefeiert. Daf\u00fcr wurde eigens ein ganz besonderer Chanukka-Leuchter geschaffen. Zur&hellip;\n","protected":false},"author":2,"featured_media":639471,"comment_status":"","ping_status":"","sticky":false,"template":"","format":"standard","meta":{"footnotes":""},"categories":[1851],"tags":[2770,3364,29,548,663,3934,30,13,14,15,859,12,3866],"class_list":{"0":"post-639470","1":"post","2":"type-post","3":"status-publish","4":"format-standard","5":"has-post-thumbnail","7":"category-chemnitz","8":"tag-chemnitz","9":"tag-de","10":"tag-deutschland","11":"tag-eu","12":"tag-europa","13":"tag-europe","14":"tag-germany","15":"tag-headlines","16":"tag-nachrichten","17":"tag-news","18":"tag-sachsen","19":"tag-schlagzeilen","20":"tag-veranstaltungen"},"share_on_mastodon":{"url":"https:\/\/pubeurope.com\/@de\/115701723305246081","error":""},"_links":{"self":[{"href":"https:\/\/www.europesays.com\/de\/wp-json\/wp\/v2\/posts\/639470","targetHints":{"allow":["GET"]}}],"collection":[{"href":"https:\/\/www.europesays.com\/de\/wp-json\/wp\/v2\/posts"}],"about":[{"href":"https:\/\/www.europesays.com\/de\/wp-json\/wp\/v2\/types\/post"}],"author":[{"embeddable":true,"href":"https:\/\/www.europesays.com\/de\/wp-json\/wp\/v2\/users\/2"}],"replies":[{"embeddable":true,"href":"https:\/\/www.europesays.com\/de\/wp-json\/wp\/v2\/comments?post=639470"}],"version-history":[{"count":0,"href":"https:\/\/www.europesays.com\/de\/wp-json\/wp\/v2\/posts\/639470\/revisions"}],"wp:featuredmedia":[{"embeddable":true,"href":"https:\/\/www.europesays.com\/de\/wp-json\/wp\/v2\/media\/639471"}],"wp:attachment":[{"href":"https:\/\/www.europesays.com\/de\/wp-json\/wp\/v2\/media?parent=639470"}],"wp:term":[{"taxonomy":"category","embeddable":true,"href":"https:\/\/www.europesays.com\/de\/wp-json\/wp\/v2\/categories?post=639470"},{"taxonomy":"post_tag","embeddable":true,"href":"https:\/\/www.europesays.com\/de\/wp-json\/wp\/v2\/tags?post=639470"}],"curies":[{"name":"wp","href":"https:\/\/api.w.org\/{rel}","templated":true}]}}