{"id":639474,"date":"2025-12-11T15:49:14","date_gmt":"2025-12-11T15:49:14","guid":{"rendered":"https:\/\/www.europesays.com\/de\/639474\/"},"modified":"2025-12-11T15:49:14","modified_gmt":"2025-12-11T15:49:14","slug":"moenchengladbach-falsche-handwerkerinnen-bestehlen-seniorin","status":"publish","type":"post","link":"https:\/\/www.europesays.com\/de\/639474\/","title":{"rendered":"M\u00f6nchengladbach: Falsche Handwerkerinnen bestehlen Seniorin"},"content":{"rendered":"<p class=\"text_ohne_einzug richtext text-em-55 !leading-serif mx-6 desktop:mx-0\">Eine 92-J\u00e4hrige wurde am Mittwoch, 10. Dezember, in ihrer Wohnung in Odenkirchen von zwei Betr\u00fcgerinnen bestohlen. Zwei Frauen sollen sich nach Angaben der Polizei als Mitarbeiterinnen der LEG ausgegeben haben, um sich Zutritt zu dem Zuhause der Seniorin zu verschaffen. Sie sollen vorgegeben haben, f\u00fcr ihren Arbeitgeber Wasserrohre kontrollieren zu m\u00fcssen. Eine der Frauen sei ins Badezimmer gegangen, die andere habe sich gemeinsam mit der 92-J\u00e4hrigen in der K\u00fcche aufgehalten, hei\u00dft es von der Polizei. Nachdem die Frauen die Wohnung verlassen hatten, habe die Seniorin den Diebstahl bemerkt: Schmuck und Bargeld fehlten.<\/p>\n<p class=\"richtext text-em-55 !leading-serif mx-6 desktop:mx-0\">Die beiden Tatverd\u00e4chtigen sollen zwischen 1,60 und 1,65 Meter gro\u00df sein. Eine der Frauen wird auf Mitte 30 gesch\u00e4tzt, sie habe kurzes, blondes Haar gehabt. Die zweite Tatverd\u00e4chtige wird auf Mitte 20 gesch\u00e4tzt, sie habe laut der Zeugenbeschreibung dunkles, schulterlanges Haar und trug einen langen, dunklen Mantel. Zeugen, die am Mittwoch verd\u00e4chtige Personen beobachtet haben oder an deren Haust\u00fcr die Betr\u00fcgerinnen ebenfalls geklingelt haben, bittet die Polizei um Hinweise unter 02161 290. Die Polizei M\u00f6nchengladbach warnt au\u00dferdem davor, Fremde in die eigene Wohnung zu lassen. Dazu z\u00e4hlen laut Polizei auch Handwerker und sonstige Dienstleister, die nicht durch die Bewohner selbst beauftragt wurden.<\/p>\n","protected":false},"excerpt":{"rendered":"Eine 92-J\u00e4hrige wurde am Mittwoch, 10. Dezember, in ihrer Wohnung in Odenkirchen von zwei Betr\u00fcgerinnen bestohlen. Zwei Frauen&hellip;\n","protected":false},"author":2,"featured_media":639475,"comment_status":"","ping_status":"","sticky":false,"template":"","format":"standard","meta":{"footnotes":""},"categories":[1849],"tags":[88866,41891,150715,3364,29,1686,548,663,3934,26936,30,27285,13,62975,4455,14,15,1209,40976,12,7431,150714,626],"class_list":{"0":"post-639474","1":"post","2":"type-post","3":"status-publish","4":"format-standard","5":"has-post-thumbnail","7":"category-moenchengladbach","8":"tag-bemerkte","9":"tag-betrueger","10":"tag-betruegerinnen","11":"tag-de","12":"tag-deutschland","13":"tag-diebstahl","14":"tag-eu","15":"tag-europa","16":"tag-europe","17":"tag-gaben","18":"tag-germany","19":"tag-haar","20":"tag-headlines","21":"tag-kontrollieren","22":"tag-moenchengladbach","23":"tag-nachrichten","24":"tag-news","25":"tag-nordrhein-westfalen","26":"tag-odenkirchen","27":"tag-schlagzeilen","28":"tag-seniorin","29":"tag-wasserrohre","30":"tag-wohnung"},"share_on_mastodon":{"url":"","error":""},"_links":{"self":[{"href":"https:\/\/www.europesays.com\/de\/wp-json\/wp\/v2\/posts\/639474","targetHints":{"allow":["GET"]}}],"collection":[{"href":"https:\/\/www.europesays.com\/de\/wp-json\/wp\/v2\/posts"}],"about":[{"href":"https:\/\/www.europesays.com\/de\/wp-json\/wp\/v2\/types\/post"}],"author":[{"embeddable":true,"href":"https:\/\/www.europesays.com\/de\/wp-json\/wp\/v2\/users\/2"}],"replies":[{"embeddable":true,"href":"https:\/\/www.europesays.com\/de\/wp-json\/wp\/v2\/comments?post=639474"}],"version-history":[{"count":0,"href":"https:\/\/www.europesays.com\/de\/wp-json\/wp\/v2\/posts\/639474\/revisions"}],"wp:featuredmedia":[{"embeddable":true,"href":"https:\/\/www.europesays.com\/de\/wp-json\/wp\/v2\/media\/639475"}],"wp:attachment":[{"href":"https:\/\/www.europesays.com\/de\/wp-json\/wp\/v2\/media?parent=639474"}],"wp:term":[{"taxonomy":"category","embeddable":true,"href":"https:\/\/www.europesays.com\/de\/wp-json\/wp\/v2\/categories?post=639474"},{"taxonomy":"post_tag","embeddable":true,"href":"https:\/\/www.europesays.com\/de\/wp-json\/wp\/v2\/tags?post=639474"}],"curies":[{"name":"wp","href":"https:\/\/api.w.org\/{rel}","templated":true}]}}