{"id":639476,"date":"2025-12-11T15:50:22","date_gmt":"2025-12-11T15:50:22","guid":{"rendered":"https:\/\/www.europesays.com\/de\/639476\/"},"modified":"2025-12-11T15:50:22","modified_gmt":"2025-12-11T15:50:22","slug":"wochenmaerkte-entfallen-wegen-weihnachtsfeiertagen-halloherne-de","status":"publish","type":"post","link":"https:\/\/www.europesays.com\/de\/639476\/","title":{"rendered":"Wochenm\u00e4rkte entfallen wegen Weihnachtsfeiertagen | halloherne.de"},"content":{"rendered":"<p>                <img loading=\"lazy\" decoding=\"async\" class=\"article__image__img\"   src=\"https:\/\/www.europesays.com\/de\/wp-content\/uploads\/2025\/08\/de64409ef0bf66309476941a5f67650d.jpg\" width=\"812\" height=\"507\" alt=\"Der Wochenmarkt auf dem Friedrich-Ebert-Platz entf\u00e4llt ebenfalls.\"\/><\/p>\n<p>                    Foto:<br \/>\n                    Marcel Gruteser                <\/p>\n<p>                    Der Wochenmarkt auf dem Friedrich-Ebert-Platz entf\u00e4llt ebenfalls.                <\/p>\n<p>\n    R\u00f6hlinghausen, Herne-Mitte, Eickel und Wanne-Nord betroffen\n<\/p>\n<p>Wochenm\u00e4rkte entfallen wegen Weihnachtsfeiertagen<\/p>\n<p class=\"article__paragraph\">Wegen der Weihnachtsfeiertage am Donnerstag, 25. Dezember, und Freitag, 26. Dezember 2025, entfallen die Wochenm\u00e4rkte in R\u00f6hlinghausen, Herne-Mitte, Eickel und Wanne-Nord.<\/p>\n<p><a class=\"article__banner__link\" target=\"blank\" rel=\"nofollow\"><br \/>\n    <img loading=\"lazy\" decoding=\"async\" class=\"article__banner__image\" width=\"470\" height=\"210\" src=\"https:\/\/www.europesays.com\/de\/wp-content\/uploads\/2025\/12\/d0a809740addb0e2e12946507e6a5803.png\" alt=\"Anzeige: Lecker in Eickel - Winteredition\"\/><br \/>\n<\/a><\/p>\n<p class=\"article__paragraph\">Ebenso entf\u00e4llt am Donnerstag, 1. Januar 2026, der Wochenmarkt in R\u00f6hlinghausen.<\/p>\n<p>                     Donnerstag, <b>25. Dezember 2025<\/b>, um <b>6 Uhr<\/b>                <\/p>\n<p>            Weitere Termine (2) anzeigen&#8230;<\/p>\n<ul class=\"article__event-more__list\">\n<li>Freitag, <b>26. Dezember 2025<\/b>, um <b>6 Uhr<\/b><\/li>\n<li>Dienstag, <b>1. Dezember 2026<\/b>, um <b>6 Uhr<\/b><\/li>\n<\/ul>\n<p><a class=\"article__banner__link\" href=\"https:\/\/www.halloherne.de\/out\/blink\/1167\" target=\"blank\" rel=\"nofollow noopener\"><br \/>\n    <img loading=\"lazy\" decoding=\"async\" class=\"article__banner__image\" width=\"470\" height=\"210\" src=\"https:\/\/www.europesays.com\/de\/wp-content\/uploads\/2025\/12\/112462cfb32eb0c19b3b6080aab84642.png\" alt=\"Anzeige: Str\u00fcnkeder Advent 2025\"\/><br \/>\n<\/a><\/p>\n<p>\n    Donnerstag, 11. Dezember 2025<br \/>\n         | Quelle: Presseb\u00fcro der Stadt Herne<\/p>\n","protected":false},"excerpt":{"rendered":"Foto: Marcel Gruteser Der Wochenmarkt auf dem Friedrich-Ebert-Platz entf\u00e4llt ebenfalls. R\u00f6hlinghausen, Herne-Mitte, Eickel und Wanne-Nord betroffen Wochenm\u00e4rkte entfallen&hellip;\n","protected":false},"author":2,"featured_media":346845,"comment_status":"","ping_status":"","sticky":false,"template":"","format":"standard","meta":{"footnotes":""},"categories":[1848],"tags":[3364,29,548,663,3934,3658,30,13,14,15,1209,12],"class_list":{"0":"post-639476","1":"post","2":"type-post","3":"status-publish","4":"format-standard","5":"has-post-thumbnail","7":"category-gelsenkirchen","8":"tag-de","9":"tag-deutschland","10":"tag-eu","11":"tag-europa","12":"tag-europe","13":"tag-gelsenkirchen","14":"tag-germany","15":"tag-headlines","16":"tag-nachrichten","17":"tag-news","18":"tag-nordrhein-westfalen","19":"tag-schlagzeilen"},"share_on_mastodon":{"url":"https:\/\/pubeurope.com\/@de\/115701733793732918","error":""},"_links":{"self":[{"href":"https:\/\/www.europesays.com\/de\/wp-json\/wp\/v2\/posts\/639476","targetHints":{"allow":["GET"]}}],"collection":[{"href":"https:\/\/www.europesays.com\/de\/wp-json\/wp\/v2\/posts"}],"about":[{"href":"https:\/\/www.europesays.com\/de\/wp-json\/wp\/v2\/types\/post"}],"author":[{"embeddable":true,"href":"https:\/\/www.europesays.com\/de\/wp-json\/wp\/v2\/users\/2"}],"replies":[{"embeddable":true,"href":"https:\/\/www.europesays.com\/de\/wp-json\/wp\/v2\/comments?post=639476"}],"version-history":[{"count":0,"href":"https:\/\/www.europesays.com\/de\/wp-json\/wp\/v2\/posts\/639476\/revisions"}],"wp:featuredmedia":[{"embeddable":true,"href":"https:\/\/www.europesays.com\/de\/wp-json\/wp\/v2\/media\/346845"}],"wp:attachment":[{"href":"https:\/\/www.europesays.com\/de\/wp-json\/wp\/v2\/media?parent=639476"}],"wp:term":[{"taxonomy":"category","embeddable":true,"href":"https:\/\/www.europesays.com\/de\/wp-json\/wp\/v2\/categories?post=639476"},{"taxonomy":"post_tag","embeddable":true,"href":"https:\/\/www.europesays.com\/de\/wp-json\/wp\/v2\/tags?post=639476"}],"curies":[{"name":"wp","href":"https:\/\/api.w.org\/{rel}","templated":true}]}}