{"id":639477,"date":"2025-12-11T15:51:18","date_gmt":"2025-12-11T15:51:18","guid":{"rendered":"https:\/\/www.europesays.com\/de\/639477\/"},"modified":"2025-12-11T15:51:18","modified_gmt":"2025-12-11T15:51:18","slug":"wiesbaden-falscher-polizist-mit-mehr-als-240-000-euro-gefasst","status":"publish","type":"post","link":"https:\/\/www.europesays.com\/de\/639477\/","title":{"rendered":"Wiesbaden: Falscher Polizist mit mehr als 240.000 Euro gefasst"},"content":{"rendered":"<p>Wiesbaden : <\/p>\n<p>Falscher Polizist mit mehr als 240.000 Euro gefasst<\/p>\n<p>11.12.2025, 16:48Lesezeit: 1 Min.<\/p>\n<p><img decoding=\"async\" alt=\"Die Polizei hat einen mutma\u00dflichen Betr\u00fcger mit mehr als 240.000 Euro gefasst.\" fetchpriority=\"high\" height=\"2160\" loading=\"eager\"  src=\"https:\/\/www.europesays.com\/de\/wp-content\/uploads\/2025\/12\/die-polizei-hat-einen.webp.webp\" width=\"3000\" class=\"flex h-auto w-full\" tabindex=\"0\" data-selector=\"header-teaser-image\"\/>Bildbeschreibung ausklappen<\/p>\n<p>Die Polizei hat einen mutma\u00dflichen Betr\u00fcger mit mehr als 240.000 Euro gefasst.dpa<\/p>\n<p class=\"xs:p1-intro sm:p1-intro-medium flex items-start gap-[10px] pb-[30px]\" data-external-selector=\"header-teaser\">Immer wieder geben sich Betr\u00fcger am Telefon als Polizisten aus und setzen ihre Opfer systematisch unter Druck. In Wiesbaden konnte nun ein Verd\u00e4chtiger mit einer vollen Geldt\u00fcte festgenommen werden.<\/p>\n","protected":false},"excerpt":{"rendered":"Wiesbaden : Falscher Polizist mit mehr als 240.000 Euro gefasst 11.12.2025, 16:48Lesezeit: 1 Min. Bildbeschreibung ausklappen Die Polizei&hellip;\n","protected":false},"author":2,"featured_media":639478,"comment_status":"","ping_status":"","sticky":false,"template":"","format":"standard","meta":{"footnotes":""},"categories":[1847],"tags":[3364,29,548,663,3934,30,13,2052,14,15,12,4544],"class_list":{"0":"post-639477","1":"post","2":"type-post","3":"status-publish","4":"format-standard","5":"has-post-thumbnail","7":"category-wiesbaden","8":"tag-de","9":"tag-deutschland","10":"tag-eu","11":"tag-europa","12":"tag-europe","13":"tag-germany","14":"tag-headlines","15":"tag-hessen","16":"tag-nachrichten","17":"tag-news","18":"tag-schlagzeilen","19":"tag-wiesbaden"},"share_on_mastodon":{"url":"https:\/\/pubeurope.com\/@de\/115701736352257275","error":""},"_links":{"self":[{"href":"https:\/\/www.europesays.com\/de\/wp-json\/wp\/v2\/posts\/639477","targetHints":{"allow":["GET"]}}],"collection":[{"href":"https:\/\/www.europesays.com\/de\/wp-json\/wp\/v2\/posts"}],"about":[{"href":"https:\/\/www.europesays.com\/de\/wp-json\/wp\/v2\/types\/post"}],"author":[{"embeddable":true,"href":"https:\/\/www.europesays.com\/de\/wp-json\/wp\/v2\/users\/2"}],"replies":[{"embeddable":true,"href":"https:\/\/www.europesays.com\/de\/wp-json\/wp\/v2\/comments?post=639477"}],"version-history":[{"count":0,"href":"https:\/\/www.europesays.com\/de\/wp-json\/wp\/v2\/posts\/639477\/revisions"}],"wp:featuredmedia":[{"embeddable":true,"href":"https:\/\/www.europesays.com\/de\/wp-json\/wp\/v2\/media\/639478"}],"wp:attachment":[{"href":"https:\/\/www.europesays.com\/de\/wp-json\/wp\/v2\/media?parent=639477"}],"wp:term":[{"taxonomy":"category","embeddable":true,"href":"https:\/\/www.europesays.com\/de\/wp-json\/wp\/v2\/categories?post=639477"},{"taxonomy":"post_tag","embeddable":true,"href":"https:\/\/www.europesays.com\/de\/wp-json\/wp\/v2\/tags?post=639477"}],"curies":[{"name":"wp","href":"https:\/\/api.w.org\/{rel}","templated":true}]}}