{"id":639479,"date":"2025-12-11T15:52:20","date_gmt":"2025-12-11T15:52:20","guid":{"rendered":"https:\/\/www.europesays.com\/de\/639479\/"},"modified":"2025-12-11T15:52:20","modified_gmt":"2025-12-11T15:52:20","slug":"senior-75-soll-in-augsburg-4000-euro-ueberweisen","status":"publish","type":"post","link":"https:\/\/www.europesays.com\/de\/639479\/","title":{"rendered":"Senior (75) soll in Augsburg 4000 Euro \u00fcberweisen"},"content":{"rendered":"<p class=\"em_text\"><strong>Ein vermeintlicher Bankmitarbeiter hatte es am Mittwoch auf das Geld eines 75-j\u00e4hrigen Augsburgers abgesehen. Durch einen gl\u00fccklichen Zufall wurde der Betrug verhindert.<\/strong><\/p>\n<p class=\"em_text\">Das teilt die <a href=\"https:\/\/www.donaukurier.de\/polizei\" target=\"_blank\" rel=\"noopener\">Polizei <\/a>mit. Der bislang unbekannte T\u00e4ter gab sich am Telefon als Bankmitarbeiter aus und informierte den 75-J\u00e4hrigen \u00fcber zwei angebliche unrechtm\u00e4\u00dfige Abbuchungen. Daraufhin forderte der Betr\u00fcger den 75-J\u00e4hrigen auf, 4000 Euro zu \u00fcberweisen. Der 75-J\u00e4hrige machte sich mit dem ausgef\u00fcllten \u00dcberweisungstr\u00e4ger auf den Weg zur Bank, doch da die Filiale bereits geschlossen hatte, konnte der 75-J\u00e4hrige den \u00dcberweisungstr\u00e4ger nicht einreichen. <\/p>\n<p>Lesen Sie auch: <a href=\"https:\/\/www.donaukurier.de\/lokales\/region-augsburg\/gefaehrlicher-internettrend-buben-12-und-13-klammern-sich-in-augsburg-an-fahrende-tram-20122186\" target=\"_blank\" rel=\"noopener\">Gef\u00e4hrlicher Internettrend: Buben (12 und 13) klammern sich in Augsburg an fahrende Tram<\/a><\/p>\n<p>Schlie\u00dflich bemerkte er den Betrug, sodass dem 75-J\u00e4hrigen kein Verm\u00f6gensschaden entstand. Die Polizei ermittelt nun wegen Betrugs.<\/p>\n<p style=\"text-align:right;\">AZ<\/p>\n","protected":false},"excerpt":{"rendered":"Ein vermeintlicher Bankmitarbeiter hatte es am Mittwoch auf das Geld eines 75-j\u00e4hrigen Augsburgers abgesehen. Durch einen gl\u00fccklichen Zufall&hellip;\n","protected":false},"author":2,"featured_media":639480,"comment_status":"","ping_status":"","sticky":false,"template":"","format":"standard","meta":{"footnotes":""},"categories":[1846],"tags":[680,772,3364,29,548,663,3934,30,13,14,15,121,12],"class_list":{"0":"post-639479","1":"post","2":"type-post","3":"status-publish","4":"format-standard","5":"has-post-thumbnail","7":"category-augsburg","8":"tag-augsburg","9":"tag-bayern","10":"tag-de","11":"tag-deutschland","12":"tag-eu","13":"tag-europa","14":"tag-europe","15":"tag-germany","16":"tag-headlines","17":"tag-nachrichten","18":"tag-news","19":"tag-polizei","20":"tag-schlagzeilen"},"share_on_mastodon":{"url":"https:\/\/pubeurope.com\/@de\/115701740076642853","error":""},"_links":{"self":[{"href":"https:\/\/www.europesays.com\/de\/wp-json\/wp\/v2\/posts\/639479","targetHints":{"allow":["GET"]}}],"collection":[{"href":"https:\/\/www.europesays.com\/de\/wp-json\/wp\/v2\/posts"}],"about":[{"href":"https:\/\/www.europesays.com\/de\/wp-json\/wp\/v2\/types\/post"}],"author":[{"embeddable":true,"href":"https:\/\/www.europesays.com\/de\/wp-json\/wp\/v2\/users\/2"}],"replies":[{"embeddable":true,"href":"https:\/\/www.europesays.com\/de\/wp-json\/wp\/v2\/comments?post=639479"}],"version-history":[{"count":0,"href":"https:\/\/www.europesays.com\/de\/wp-json\/wp\/v2\/posts\/639479\/revisions"}],"wp:featuredmedia":[{"embeddable":true,"href":"https:\/\/www.europesays.com\/de\/wp-json\/wp\/v2\/media\/639480"}],"wp:attachment":[{"href":"https:\/\/www.europesays.com\/de\/wp-json\/wp\/v2\/media?parent=639479"}],"wp:term":[{"taxonomy":"category","embeddable":true,"href":"https:\/\/www.europesays.com\/de\/wp-json\/wp\/v2\/categories?post=639479"},{"taxonomy":"post_tag","embeddable":true,"href":"https:\/\/www.europesays.com\/de\/wp-json\/wp\/v2\/tags?post=639479"}],"curies":[{"name":"wp","href":"https:\/\/api.w.org\/{rel}","templated":true}]}}