{"id":639486,"date":"2025-12-11T15:56:25","date_gmt":"2025-12-11T15:56:25","guid":{"rendered":"https:\/\/www.europesays.com\/de\/639486\/"},"modified":"2025-12-11T15:56:25","modified_gmt":"2025-12-11T15:56:25","slug":"pol-ms-einsatz-an-berufsschule-in-lotte-wersen-polizei-ermittelt-weiter","status":"publish","type":"post","link":"https:\/\/www.europesays.com\/de\/639486\/","title":{"rendered":"POL-MS: Einsatz an Berufsschule in Lotte-Wersen &#8211; Polizei ermittelt weiter &#8211; &#8230;"},"content":{"rendered":"<p class=\"date\">11.12.2025 \u2013 16:10<\/p>\n<p class=\"customer\">\n                        <a class=\"story-customer\" title=\"weiter zum newsroom von Polizei M\u00fcnster\" href=\"https:\/\/www.presseportal.de\/blaulicht\/nr\/11187\" rel=\"nofollow noopener\" target=\"_blank\">Polizei M\u00fcnster<\/a>\n                    <\/p>\n<p><a data-category=\"citylink-story-view\" data-action=\"click\" data-label=\"Citylink in Meldungsansicht\" class=\"story-city event-trigger\" href=\"https:\/\/www.presseportal.de\/regional\/M%FCnster%20%252F%20Lotte\" title=\"News aus M\u00fcnster \/ Lotte \" rel=\"nofollow noopener\" target=\"_blank\">M\u00fcnster \/ Lotte<\/a> (ots)<\/p>\n<p>Nachtrag zur Pressemitteilung &#8222;Polizeieinsatz an Berufsschule &#8211; Zwei tatverd\u00e4chtige Personen identifiziert und in Gewahrsam&#8220; (ots vom 10.12., 19:43 Uhr, <a target=\"_blank\" class=\"uri-ext outbound\" rel=\"noopener nofollow\" href=\"https:\/\/www.presseportal.de\/blaulicht\/pm\/11187\/6176839\">https:\/\/www.presseportal.de\/blaulicht\/pm\/11187\/6176839<\/a>)<\/p>\n<p>Nachdem es am Mittwoch (10.12.) an einer Berufsschule an der Westerkappelner Stra\u00dfe im Stadtteil Wersen der Gemeinde Lotte zu einem gr\u00f6\u00dferen Polizeieinsatz aufgrund von zwei verd\u00e4chtigen Personen kam, hat die Polizei nun erste Ermittlungsergebnisse. Die beiden 21- und 35-j\u00e4hrigen M\u00e4nner sind polizeibekannt. Sie wurden am Mittwochabend zu den Geschehnissen befragt. Aus den Einlassungen ergaben sich zun\u00e4chst keine weiteren Erkenntnisse zu einer m\u00f6glichen Motivlage oder zum Ablauf des Geschehens.<\/p>\n<p>Polizisten durchsuchten noch am Mittwochabend die Wohnungen der beiden M\u00e4nner. Die mutma\u00dfliche Bewaffnung wurde dabei nicht aufgefunden. Zur Suche nach m\u00f6glichen Waffen setzte die Polizei unter anderem einen Mantrailerhund ein.<\/p>\n<p>Einsatzkr\u00e4fte stellten bei der Durchsuchung in der Wohnung des 35-J\u00e4hrigen einen Zufallsfund in Form einer Marihuana-Plantage fest. Die Beamten stellten die Pflanzen sicher.<\/p>\n<p>Die Ermittlungen zum genauen Hergang des Geschehens dauern an. Die Polizei Steinfurt \u00fcbernimmt die weitere Bearbeitung und strafrechtliche Bewertung des Vorfalls.<\/p>\n<p>Polizeipr\u00e4sidentin Alexandra Dorndorf bilanzierte: &#8222;Hier sieht man einmal mehr, wir sind wachsam! Wir sind jederzeit bereit, solche Situationen schnell und effektiv zu bew\u00e4ltigen. Mein Dank gilt allen Einsatzkr\u00e4ften, die besonnen vorgegangen sind und uneingeschr\u00e4nkt f\u00fcr unsere Sicherheit einstehen.&#8220;<\/p>\n<p class=\"contact-headline\">Kontakt f\u00fcr Medienvertreter:<\/p>\n<p class=\"contact-text\">Polizei M\u00fcnster<br \/>Pressestelle<\/p>\n<p>Telefon: 0251\/ 275- 1010<br \/>E-Mail: <a href=\"https:\/\/www.presseportal.de\/blaulicht\/pm\/11187\/mailto: pressestelle.muenster@polizei.nrw.de\" class=\"uri-mailto\" rel=\"nofollow noopener\" target=\"_blank\"> pressestelle.muenster@polizei.nrw.de<\/a><br \/><a target=\"_blank\" class=\"uri-ext outbound\" rel=\"noopener nofollow\" href=\"https:\/\/muenster.polizei.nrw\/\">https:\/\/muenster.polizei.nrw\/<\/a><\/p>\n<p class=\"originator\">Original-Content von: Polizei M\u00fcnster, \u00fcbermittelt durch news aktuell<\/p>\n","protected":false},"excerpt":{"rendered":"11.12.2025 \u2013 16:10 Polizei M\u00fcnster M\u00fcnster \/ Lotte (ots) Nachtrag zur Pressemitteilung &#8222;Polizeieinsatz an Berufsschule &#8211; Zwei tatverd\u00e4chtige&hellip;\n","protected":false},"author":2,"featured_media":386213,"comment_status":"","ping_status":"","sticky":false,"template":"","format":"standard","meta":{"footnotes":""},"categories":[1843],"tags":[3364,29,30,177,8970,1209,176,121,178,180,179,181],"class_list":{"0":"post-639486","1":"post","2":"type-post","3":"status-publish","4":"format-standard","5":"has-post-thumbnail","7":"category-muenster","8":"tag-de","9":"tag-deutschland","10":"tag-germany","11":"tag-kriminalitt","12":"tag-muenster","13":"tag-nordrhein-westfalen","14":"tag-nrw","15":"tag-polizei","16":"tag-presse","17":"tag-pressemeldung","18":"tag-pressemitteilung","19":"tag-pressemitteilungen"},"share_on_mastodon":{"url":"https:\/\/pubeurope.com\/@de\/115701755715834875","error":""},"_links":{"self":[{"href":"https:\/\/www.europesays.com\/de\/wp-json\/wp\/v2\/posts\/639486","targetHints":{"allow":["GET"]}}],"collection":[{"href":"https:\/\/www.europesays.com\/de\/wp-json\/wp\/v2\/posts"}],"about":[{"href":"https:\/\/www.europesays.com\/de\/wp-json\/wp\/v2\/types\/post"}],"author":[{"embeddable":true,"href":"https:\/\/www.europesays.com\/de\/wp-json\/wp\/v2\/users\/2"}],"replies":[{"embeddable":true,"href":"https:\/\/www.europesays.com\/de\/wp-json\/wp\/v2\/comments?post=639486"}],"version-history":[{"count":0,"href":"https:\/\/www.europesays.com\/de\/wp-json\/wp\/v2\/posts\/639486\/revisions"}],"wp:featuredmedia":[{"embeddable":true,"href":"https:\/\/www.europesays.com\/de\/wp-json\/wp\/v2\/media\/386213"}],"wp:attachment":[{"href":"https:\/\/www.europesays.com\/de\/wp-json\/wp\/v2\/media?parent=639486"}],"wp:term":[{"taxonomy":"category","embeddable":true,"href":"https:\/\/www.europesays.com\/de\/wp-json\/wp\/v2\/categories?post=639486"},{"taxonomy":"post_tag","embeddable":true,"href":"https:\/\/www.europesays.com\/de\/wp-json\/wp\/v2\/tags?post=639486"}],"curies":[{"name":"wp","href":"https:\/\/api.w.org\/{rel}","templated":true}]}}