{"id":639509,"date":"2025-12-11T16:09:19","date_gmt":"2025-12-11T16:09:19","guid":{"rendered":"https:\/\/www.europesays.com\/de\/639509\/"},"modified":"2025-12-11T16:09:19","modified_gmt":"2025-12-11T16:09:19","slug":"boerse-express-baywa-aktie-frankreich-deal","status":"publish","type":"post","link":"https:\/\/www.europesays.com\/de\/639509\/","title":{"rendered":"B\u00f6rse Express &#8211; BayWa Aktie: Frankreich-Deal"},"content":{"rendered":"<p>\n                                        Die BayWa-Tochter r.e. ver\u00e4u\u00dfert zwei Photovoltaik-Anlagen im Bau an Heling enr. Der Verkauf ist Teil der umfassenden Sanierungsstrategie, um die hohe Verschuldung des Konzerns zu verringern.\n                                    <\/p>\n<p>Die BayWa Aktie verliert am Donnerstag weiter an Boden und notiert bei 2,45 Euro \u2013 ein Minus von 1,6 Prozent. Gleichzeitig meldet die Tochter BayWa r.e. den Verkauf zweier Solarprojekte in Frankreich. Der Deal zeigt: Der angeschlagene Konzern setzt konsequent auf Asset-Rotation, um die Schuldenlast zu reduzieren.<\/p>\n<p>Zwei Solarparks mit 44 MWp verkauft<\/p>\n<p>BayWa r.e. ver\u00e4u\u00dfert zwei franz\u00f6sische Photovoltaik-Projekte mit insgesamt 44 Megawattpeak an Heling enr. Die Anlagen befinden sich im Bau:<\/p>\n<ul>\n<li><strong>Gi\u00e8vres (21 MWp):<\/strong> Entsteht auf einer ehemaligen Sandgrube, j\u00e4hrliche Produktion von 25 GWh geplant<\/li>\n<li><strong>Salsigne-Villardonnel (23 MWp):<\/strong> Agri-PV-Anlage mit erwarteten 34 GWh pro Jahr<\/li>\n<\/ul>\n<p>Beide Parks sollen im Sommer 2026 ans Netz gehen. BayWa beh\u00e4lt das Mandat f\u00fcr die technische Betriebsf\u00fchrung und sichert sich damit wiederkehrende Service-Ums\u00e4tze, w\u00e4hrend das kapitalintensive Asset aus der Bilanz verschwindet.<\/p>\n<p><a href=\"https:\/\/www.boerse-express.com\/lp\/einzel-analyse\/?source=Boerse-Express&amp;blog=Boerse-Express&amp;further_tracking=BE_Internal_Article&amp;adref=Source_Boerse-Express%3ABlog_Boerse-Express%3AFurther_tracking_BE_Internal_Article%3ABEXPID_848255&amp;trk=BE_Einzel_Analyse_Mitte&amp;isin=DE0005194005&amp;aktienname=BayWa&amp;author_id=30205\" rel=\"noopener nofollow\" style=\"color:#2892d0;\" target=\"_blank\"><strong>Sollten Anleger sofort verkaufen? Oder lohnt sich doch der Einstieg bei BayWa?<\/strong><\/a><\/p>\n<p>Liquidit\u00e4t wichtiger als Kursstabilisierung<\/p>\n<p>Der Projektverkauf ist Teil der umfassenden Sanierungsstrategie. Nach einem Umsatzr\u00fcckgang von 22 Prozent auf 9,6 Milliarden Euro in den ersten neun Monaten 2025 steht BayWa unter massivem Druck. Das Ziel: Die Verschuldung soll in den kommenden Jahren um rund 4 Milliarden Euro sinken.<\/p>\n<p>Parallel dazu forciert der Konzern die Digitalisierung. Am Mittwoch wurde eine f\u00fcnfj\u00e4hrige Partnerschaft mit dem US-IT-Dienstleister Cognizant verk\u00fcndet, um Kostenstrukturen zu optimieren.<\/p>\n<p>Markt bleibt skeptisch<\/p>\n<p>Trotz operativer Fortschritte reagiert die B\u00f6rse verhalten. Das Handelsvolumen liegt bei \u00fcberschaubaren 28.500 St\u00fcck auf Tradegate. Auf Jahressicht summieren sich die Verluste auf 75 Prozent, die Marktkapitalisierung ist auf unter 90 Millionen Euro geschrumpft.<\/p>\n<p>Charttechnisch verteidigt die Aktie m\u00fchsam die Marke von 2,40 Euro. Kaufinteresse zeigt sich im Orderbuch bei 2,45 Euro. F\u00fcr eine nachhaltige Erholung reichen einzelne Projektverk\u00e4ufe jedoch nicht aus \u2013 entscheidend wird die erfolgreiche Umsetzung des Schuldenabbau-Plans sein. In den kommenden Wochen d\u00fcrften weitere Asset-Deals folgen.<\/p>\n<p style=\"margin-bottom:1em;\"><strong>BayWa-Aktie: Kaufen oder verkaufen?! Neue BayWa-Analyse vom 11. Dezember liefert die Antwort:<\/strong><\/p>\n<p style=\"margin-bottom:1em;\">Die neusten BayWa-Zahlen sprechen eine klare Sprache: Dringender Handlungsbedarf f\u00fcr BayWa-Aktion\u00e4re. Lohnt sich ein Einstieg oder sollten Sie lieber verkaufen? In der aktuellen Gratis-Analyse vom 11. Dezember erfahren Sie was jetzt zu tun ist.<\/p>\n<p style=\"margin-bottom:1em;\"><strong>BayWa: Kaufen oder verkaufen? <a style=\"color: #2892d0\" href=\"https:\/\/www.boerse-express.com\/lp\/einzel-analyse\/?source=Boerse-Express&amp;blog=Boerse-Express&amp;further_tracking=BE_Internal_Article&amp;adref=Source_Boerse-Express%3ABlog_Boerse-Express%3AFurther_tracking_BE_Internal_Article%3ABEXPID_848255&amp;trk=BE_Einzel_Analyse_Unten&amp;isin=DE0005194005&amp;aktienname=BayWa&amp;author_id=30205\" rel=\"noopener nofollow\" target=\"_blank\">Hier weiterlesen&#8230;<\/a><\/strong><\/p>\n","protected":false},"excerpt":{"rendered":"Die BayWa-Tochter r.e. ver\u00e4u\u00dfert zwei Photovoltaik-Anlagen im Bau an Heling enr. Der Verkauf ist Teil der umfassenden Sanierungsstrategie,&hellip;\n","protected":false},"author":2,"featured_media":639510,"comment_status":"","ping_status":"","sticky":false,"template":"","format":"standard","meta":{"footnotes":""},"categories":[3974],"tags":[331,332,60787,150728,150729,1149,548,663,3934,3980,156,13,14,15,12,173],"class_list":{"0":"post-639509","1":"post","2":"type-post","3":"status-publish","4":"format-standard","5":"has-post-thumbnail","7":"category-frankreich","8":"tag-aktuelle-nachrichten","9":"tag-aktuelle-news","10":"tag-baywa","11":"tag-baywa-ag-na-o-n","12":"tag-de0005194005","13":"tag-energie","14":"tag-eu","15":"tag-europa","16":"tag-europe","17":"tag-france","18":"tag-frankreich","19":"tag-headlines","20":"tag-nachrichten","21":"tag-news","22":"tag-schlagzeilen","23":"tag-unternehmen"},"share_on_mastodon":{"url":"https:\/\/pubeurope.com\/@de\/115701806887630227","error":""},"_links":{"self":[{"href":"https:\/\/www.europesays.com\/de\/wp-json\/wp\/v2\/posts\/639509","targetHints":{"allow":["GET"]}}],"collection":[{"href":"https:\/\/www.europesays.com\/de\/wp-json\/wp\/v2\/posts"}],"about":[{"href":"https:\/\/www.europesays.com\/de\/wp-json\/wp\/v2\/types\/post"}],"author":[{"embeddable":true,"href":"https:\/\/www.europesays.com\/de\/wp-json\/wp\/v2\/users\/2"}],"replies":[{"embeddable":true,"href":"https:\/\/www.europesays.com\/de\/wp-json\/wp\/v2\/comments?post=639509"}],"version-history":[{"count":0,"href":"https:\/\/www.europesays.com\/de\/wp-json\/wp\/v2\/posts\/639509\/revisions"}],"wp:featuredmedia":[{"embeddable":true,"href":"https:\/\/www.europesays.com\/de\/wp-json\/wp\/v2\/media\/639510"}],"wp:attachment":[{"href":"https:\/\/www.europesays.com\/de\/wp-json\/wp\/v2\/media?parent=639509"}],"wp:term":[{"taxonomy":"category","embeddable":true,"href":"https:\/\/www.europesays.com\/de\/wp-json\/wp\/v2\/categories?post=639509"},{"taxonomy":"post_tag","embeddable":true,"href":"https:\/\/www.europesays.com\/de\/wp-json\/wp\/v2\/tags?post=639509"}],"curies":[{"name":"wp","href":"https:\/\/api.w.org\/{rel}","templated":true}]}}