{"id":639521,"date":"2025-12-11T16:15:27","date_gmt":"2025-12-11T16:15:27","guid":{"rendered":"https:\/\/www.europesays.com\/de\/639521\/"},"modified":"2025-12-11T16:15:27","modified_gmt":"2025-12-11T16:15:27","slug":"maedchen-missbraucht-jugendstrafe-fuer-15-jaehrigen","status":"publish","type":"post","link":"https:\/\/www.europesays.com\/de\/639521\/","title":{"rendered":"M\u00e4dchen missbraucht: Jugendstrafe f\u00fcr 15-J\u00e4hrigen"},"content":{"rendered":"<p>Prozesse <\/p>\n<p>M\u00e4dchen missbraucht: Jugendstrafe f\u00fcr 15-J\u00e4hrigen<\/p>\n<p>Aktualisiert am 11.12.2025 &#8211; 17:10 UhrLesedauer: 1 Min.<\/p>\n<p><a href=\"#focus-0\" class=\"transition-colors duration-200 block text-current relative\" data-sctrack=\"FocusGalleryImage.Reference\"><img fetchpriority=\"high\" data-testid=\"Opener.Image\" style=\"--lqipURL:url('https:\/\/images.t-online.de\/2025\/12\/nHVHfI11zs9G\/0x107:2048x1152\/fit-in\/150x0\/filters:blur(25)\/ein-15-jaehriger-wird-wegen-missbrauchs-einer-siebenjaehrigen-verurteilt-symbolbild.jpg')\"   loading=\"eager\" src=\"https:\/\/www.europesays.com\/de\/wp-content\/uploads\/2025\/12\/ein-15-jaehriger-wird-wegen-missbrauchs-einer-siebenjaehrigen-verurteilt-symbolbild.jpg\" alt=\"Landgericht Bonn\" title=\"Landgericht Bonn\" width=\"2048\" height=\"1152\" class=\"bg-[url:var(--lqipURL)] bg-cover bg-center flex h-full w-full max-w-full\" decoding=\"async\"\/><img style=\"--width:32;--height:32\" loading=\"lazy\" src=\"https:\/\/bonn.t-online.de\/s\/paper\/_next\/static\/media\/zoom-in.f7dae02f.svg\" alt=\"Vergr\u00f6\u00dfern des Bildes\" title=\"Vergr\u00f6\u00dfern des Bildes\" class=\"block h-[calc(var(--height)_\/_16_*_1rem)] w-[calc(var(--width)_\/_16_*_1rem)] max-w-none absolute bottom-8 right-8 rounded-4 bg-snow p-8\" decoding=\"async\"\/><\/a><\/p>\n<p>Ein 15-J\u00e4hriger wird wegen Missbrauchs einer Siebenj\u00e4hrigen verurteilt. (Symbolbild) (Quelle: Thomas Banneyer\/dpa\/dpa-bilder)<\/p>\n<p class=\"font-bold text-18 leading-17\">Ein 15-J\u00e4hriger wird nach sexuellem Missbrauch und W\u00fcrgen einer Siebenj\u00e4hrigen zu dreieinhalb Jahren Jugendstrafe verurteilt. Eine T\u00f6tungsabsicht sieht das Gericht aber nicht.<\/p>\n<p class=\"text-18 leading-17\">Im Prozess gegen einen 15-J\u00e4hrigen, der eine Siebenj\u00e4hrige sexuell missbraucht und anschlie\u00dfend bewusstlos gew\u00fcrgt haben soll, hat das Bonner Landgericht eine Jugendstrafe von drei Jahren und sechs Monaten verh\u00e4ngt. Das teilte ein Gerichtssprecher mit. Das Urteil hatte &#8211; wie das gesamte Verfahren &#8211; unter Ausschluss der \u00d6ffentlichkeit stattgefunden.<\/p>\n<p class=\"text-18 leading-17\">Der Jugendliche war urspr\u00fcnglich wegen versuchten Mordes angeklagt worden. Eine T\u00f6tungsabsicht sah die Kammer aber nicht, obwohl der Jugendliche das M\u00e4dchen nach der Tat eine Minute lang gew\u00fcrgt hatte. Das M\u00e4dchen war sp\u00e4ter wieder zu sich gekommen.<\/p>\n<p class=\"text-18 leading-17\">T\u00e4ter und Opfer waren sich am Tattag, am 5. Mai 2025, zuf\u00e4llig auf der Stra\u00dfe begegnet. Aus Neugier soll sie ihm mit ihrem Fahrrad nachgefahren sein. Er soll sie unter einem Vorwand in ein nahegelegenes Waldst\u00fcck gelockt haben, wo es zun\u00e4chst zu einvernehmlichen sexuellen Handlungen gekommen sein soll. Als sie nicht mehr wollte, machte er weiter und w\u00fcrgte sie anschlie\u00dfend bis zur Bewusstlosigkeit, hie\u00df es. <\/p>\n<p class=\"text-18 leading-17\">Der Angeklagte hatte sich im Prozess gest\u00e4ndig gezeigt. Den Missbrauch des Kindes hatte er einger\u00e4umt, allerdings bestritten, dass er es t\u00f6ten wollte.<\/p>\n","protected":false},"excerpt":{"rendered":"Prozesse M\u00e4dchen missbraucht: Jugendstrafe f\u00fcr 15-J\u00e4hrigen Aktualisiert am 11.12.2025 &#8211; 17:10 UhrLesedauer: 1 Min. Ein 15-J\u00e4hriger wird wegen&hellip;\n","protected":false},"author":2,"featured_media":639522,"comment_status":"","ping_status":"","sticky":false,"template":"","format":"standard","meta":{"footnotes":""},"categories":[1842],"tags":[38126,1741,3364,29,30,1920,1209,150730],"class_list":{"0":"post-639521","1":"post","2":"type-post","3":"status-publish","4":"format-standard","5":"has-post-thumbnail","7":"category-bonn","8":"tag-jugendstrafe","9":"tag-bonn","10":"tag-de","11":"tag-deutschland","12":"tag-germany","13":"tag-missbrauch","14":"tag-nordrhein-westfalen","15":"tag-toetungsabsicht"},"share_on_mastodon":{"url":"https:\/\/pubeurope.com\/@de\/115701832190547386","error":""},"_links":{"self":[{"href":"https:\/\/www.europesays.com\/de\/wp-json\/wp\/v2\/posts\/639521","targetHints":{"allow":["GET"]}}],"collection":[{"href":"https:\/\/www.europesays.com\/de\/wp-json\/wp\/v2\/posts"}],"about":[{"href":"https:\/\/www.europesays.com\/de\/wp-json\/wp\/v2\/types\/post"}],"author":[{"embeddable":true,"href":"https:\/\/www.europesays.com\/de\/wp-json\/wp\/v2\/users\/2"}],"replies":[{"embeddable":true,"href":"https:\/\/www.europesays.com\/de\/wp-json\/wp\/v2\/comments?post=639521"}],"version-history":[{"count":0,"href":"https:\/\/www.europesays.com\/de\/wp-json\/wp\/v2\/posts\/639521\/revisions"}],"wp:featuredmedia":[{"embeddable":true,"href":"https:\/\/www.europesays.com\/de\/wp-json\/wp\/v2\/media\/639522"}],"wp:attachment":[{"href":"https:\/\/www.europesays.com\/de\/wp-json\/wp\/v2\/media?parent=639521"}],"wp:term":[{"taxonomy":"category","embeddable":true,"href":"https:\/\/www.europesays.com\/de\/wp-json\/wp\/v2\/categories?post=639521"},{"taxonomy":"post_tag","embeddable":true,"href":"https:\/\/www.europesays.com\/de\/wp-json\/wp\/v2\/tags?post=639521"}],"curies":[{"name":"wp","href":"https:\/\/api.w.org\/{rel}","templated":true}]}}