{"id":63953,"date":"2025-04-26T23:09:08","date_gmt":"2025-04-26T23:09:08","guid":{"rendered":"https:\/\/www.europesays.com\/de\/63953\/"},"modified":"2025-04-26T23:09:08","modified_gmt":"2025-04-26T23:09:08","slug":"andrea-casiraghi-und-tatiana-santo-domingo-ihre-flucht-aus-monaco","status":"publish","type":"post","link":"https:\/\/www.europesays.com\/de\/63953\/","title":{"rendered":"Andrea Casiraghi und Tatiana Santo Domingo: Ihre Flucht aus Monaco"},"content":{"rendered":"<p>\nvon Stefanie Richter sowie Arndt Striegler\n<\/p>\n<p>26.04.2025, 20:00 Uhr<\/p>\n<p>\nWarum Prinzessin Carolines \u00e4ltester Sohn Andrea Casiraghi<strong> <\/strong>und seine Frau Tatiana Santo Domingo mit ihren Kindern lieber in London und der Schweiz leben als im F\u00fcrstentum.\n<\/p>\n<p class=\"text-element u-richtext u-typo u-typo--article-text article__text-element text-element--context-article\"> Bunte Luftballons, ein Eiscremewagen und viele junge Paare mit ihren Kindern. In Jeans und Turnschuhen begr\u00fc\u00dft <a class=\"link--person\" data-target-type=\"article\" href=\"https:\/\/www.gala.de\/stars\/starportraets\/tatiana-santo-domingo-20477116.html\" rel=\"nofollow noopener\" target=\"_blank\">Tatiana Santo Domingo<\/a>, 41, die G\u00e4ste des Sommerfests ihres Fashion-Labels Muzungu Sisters in London. Im Partnerlook mit Tochter India, 10, wirbt sie f\u00fcr die neue Mutter-Kind-Kollektion: blaue Pilze auf wei\u00dfem Grund, \u00fcber der Brust feine Stickereien einer kleinen Manufaktur in Indien.<\/p>\n<p>Andrea Casiraghi und Tatiana Santo Domingo meiden Monaco, so gut wie es geht<\/p>\n<p class=\"text-element u-richtext u-typo u-typo--article-text article__text-element text-element--context-article\"> Ein perfekter Nachmittag f\u00fcr Prinzessin Carolines Schwiegertochter! Selbst Ehemann <a class=\"link--person\" data-target-type=\"article\" href=\"https:\/\/www.gala.de\/stars\/starportraets\/andrea-casiraghi-21983032.html\" rel=\"nofollow noopener\" target=\"_blank\">Andrea Casiraghi<\/a>, 40, der in Monaco als Gesellschaftsmuffel gilt, plaudert entspannt mit anderen V\u00e4tern. Seit 13 Jahren wohnen er und Tatiana mit ihren drei Kindern in der britischen Hauptstadt, seit 2023 haben sie laut der spanischen Zeitschrift &#8222;Hola!&#8220; einen weiteren Wohnsitz in der Schweiz. Nach Monaco kommen sie nur, wenn es sich gar nicht vermeiden l\u00e4sst: etwa zum Rosenball im M\u00e4rz und zum Nationalfeiertag im November.<\/p>\n<p class=\"text-element u-richtext u-typo u-typo--article-text article__text-element text-element--context-article\"> &#8222;Sie sind nach London gezogen, weil sie hier unbehelligt und anonym leben k\u00f6nnen&#8220;, sagt ein alter Freund von Tatiana, der Gast auf ihrer Hochzeitsfeier 2014 in Gstaad war, zu GALA. Auch in Saanen, einem 7000-Einwohner-Nachbarort Gstaads in den Berner Alpen, findet die Familie viel Privatsph\u00e4re. Dort sollen India, Sasha, 12, und Maximilian, 7, die JFK International School besuchen. F\u00fcr Tatiana, die ebenfalls in der Schweiz aufwuchs, ein Ort mit vielen sch\u00f6nen Erinnerungen.<\/p>\n<p><a href=\"https:\/\/www.gala.de\/beauty-fashion\/fashion\/caroline-von-hannover-erhaelt-applaus-fuer-ihren-fruehlingslook-20871942.html\" class=\"teaser__link teaser-multi-picture__link teaser__link--overlay\" rel=\"nofollow noopener\" target=\"_blank\">  <\/p>\n<p>Caroline von Hannover<br \/>\nIhr l\u00e4ssiger Fr\u00fchlingslook wird mit einer Extraportion Applaus belohnt <\/p>\n<p>85<br \/>\nBilder  <\/p>\n<p><\/a><\/p>\n<p>Sie war keine Unbekannte<\/p>\n<p class=\"text-element u-richtext u-typo u-typo--article-text article__text-element text-element--context-article\"> Zum internationalen Jetset geh\u00f6rte die Tochter eines Kolumbianers und einer Brasilianerin schon, bevor sie sich vor 20 Jahren in den monegassischen F\u00fcrstenneffen verliebte. In New York geboren, besuchte sie Schulen in Genf, Paris und London. Ihr Gro\u00dfvater wurde mit der Brauerei Bavaria Brewery Multimilliard\u00e4r, 2011 hinterlie\u00df er ihr ein Sechstel seines Verm\u00f6gens. Zu ihren Freundinnen z\u00e4hlen die griechische Reedereierbin <a class=\"\" data-target-type=\"article\" href=\"https:\/\/www.gala.de\/stars\/starportraets\/themen\/eugenie-niarchos-21010520.html\" rel=\"nofollow noopener\" target=\"_blank\">Eugenie Niarchos<\/a>, 38, und Margherita Missoni, 42, aus Italiens Modesdynastie.<\/p>\n<p class=\"text-element u-richtext u-typo u-typo--article-text article__text-element text-element--context-article\"> In der iranischen Menschenrechtsaktivistin <a class=\"\" data-target-type=\"article\" href=\"https:\/\/www.gala.de\/stars\/starportraets\/themen\/dana-alikhani-21010516.html\" rel=\"nofollow noopener\" target=\"_blank\">Dana Alikhani<\/a>, 41, fand Tatiana eine Schwester im Geiste. 2011 gr\u00fcndeten sie das Label Muzungu Sisters, das fair gehandelte Produkte kleiner Handwerksbetriebe in S\u00fcdamerika, Afrika und Asien vertreibt. Bunt gemusterte Stoffe, flie\u00dfende Schnitte \u2013 mit ihrem Ethno-Hippie-Style schm\u00fcckt Tatiana jede Gesellschaft in London oder Gstaad. In Monaco, wo nicht nur die Grimaldis, sondern die meisten der 40.000 Bewohner Dior, Chanel, Gucci oder Prada tragen, wirkt sie hingegen oft wie ein Fremdk\u00f6rper.<\/p>\n<p>Er arbeitet lieber von zu Hause aus<\/p>\n<p class=\"text-element u-richtext u-typo u-typo--article-text article__text-element text-element--context-article\"> Auch Ehemann Andrea, der wie sein Bruder <a class=\"link--person\" data-target-type=\"article\" href=\"https:\/\/www.gala.de\/stars\/starportraets\/pierre-casiraghi-20548620.html\" rel=\"nofollow noopener\" target=\"_blank\">Pierre Casiraghi<\/a>, 37, in der monegassischen Baubranche mitmischt, sieht eher gequ\u00e4lt aus, wenn er mit der Verwandtschaft auf dem Palastbalkon posieren soll. Genau wie seine Frau k\u00fcmmert er sich lieber aus dem Homeoffice in London oder Saanen um die Gesch\u00e4fte. &#8222;Muzungu&#8220; ist schlie\u00dflich Swahili und bedeutet Reisender. Ein fester Wohnsitz im F\u00fcrstenschloss? Undenkbar!<\/p>\n<p>\nGala\n<\/p>\n<p>#Themen<\/p>\n","protected":false},"excerpt":{"rendered":"von Stefanie Richter sowie Arndt Striegler 26.04.2025, 20:00 Uhr Warum Prinzessin Carolines \u00e4ltester Sohn Andrea Casiraghi und seine&hellip;\n","protected":false},"author":2,"featured_media":63954,"comment_status":"","ping_status":"","sticky":false,"template":"","format":"standard","meta":{"footnotes":""},"categories":[1776],"tags":[1801,29,214,30,1802,215],"class_list":{"0":"post-63953","1":"post","2":"type-post","3":"status-publish","4":"format-standard","5":"has-post-thumbnail","7":"category-prominente","8":"tag-celebrities","9":"tag-deutschland","10":"tag-entertainment","11":"tag-germany","12":"tag-prominente","13":"tag-unterhaltung"},"share_on_mastodon":{"url":"https:\/\/pubeurope.com\/@de\/114406789136423712","error":""},"_links":{"self":[{"href":"https:\/\/www.europesays.com\/de\/wp-json\/wp\/v2\/posts\/63953","targetHints":{"allow":["GET"]}}],"collection":[{"href":"https:\/\/www.europesays.com\/de\/wp-json\/wp\/v2\/posts"}],"about":[{"href":"https:\/\/www.europesays.com\/de\/wp-json\/wp\/v2\/types\/post"}],"author":[{"embeddable":true,"href":"https:\/\/www.europesays.com\/de\/wp-json\/wp\/v2\/users\/2"}],"replies":[{"embeddable":true,"href":"https:\/\/www.europesays.com\/de\/wp-json\/wp\/v2\/comments?post=63953"}],"version-history":[{"count":0,"href":"https:\/\/www.europesays.com\/de\/wp-json\/wp\/v2\/posts\/63953\/revisions"}],"wp:featuredmedia":[{"embeddable":true,"href":"https:\/\/www.europesays.com\/de\/wp-json\/wp\/v2\/media\/63954"}],"wp:attachment":[{"href":"https:\/\/www.europesays.com\/de\/wp-json\/wp\/v2\/media?parent=63953"}],"wp:term":[{"taxonomy":"category","embeddable":true,"href":"https:\/\/www.europesays.com\/de\/wp-json\/wp\/v2\/categories?post=63953"},{"taxonomy":"post_tag","embeddable":true,"href":"https:\/\/www.europesays.com\/de\/wp-json\/wp\/v2\/tags?post=63953"}],"curies":[{"name":"wp","href":"https:\/\/api.w.org\/{rel}","templated":true}]}}