{"id":639533,"date":"2025-12-11T16:23:24","date_gmt":"2025-12-11T16:23:24","guid":{"rendered":"https:\/\/www.europesays.com\/de\/639533\/"},"modified":"2025-12-11T16:23:24","modified_gmt":"2025-12-11T16:23:24","slug":"hannover-islamische-gemeinden-mit-parolen-beschmiert","status":"publish","type":"post","link":"https:\/\/www.europesays.com\/de\/639533\/","title":{"rendered":"Hannover: Islamische Gemeinden mit Parolen beschmiert"},"content":{"rendered":"<p>\n            Stand: 11.12.2025 14:49 Uhr<\/p>\n<p>                    <a href=\"https:\/\/www.europesays.com\/de\/wp-content\/uploads\/2025\/12\/schmierereien-104.webp\" class=\"zoomimage\" title=\"Bild vergr\u00f6\u00dfern\"><\/p>\n<p>        <img decoding=\"async\" src=\"https:\/\/www.europesays.com\/de\/wp-content\/uploads\/2025\/12\/schmierereien-104.webp\" alt=\"In der Stiftstra\u00dfe ist das Wort &quot;Israel&quot; auf ein Plakat der Ditib-Gemeinde geschmiert worden. Laut Polizei wurden zwei Fassaden religi\u00f6ser Einrichtungen mit Schriftz\u00fcgen beschmiert.\" title=\"Die Polizei h\u00e4lt die weltpolitische Lage f\u00fcr den Hintergrund der Taten. | dpa-Bildfunk, Shireen Broszies\" class=\"responsive\" loading=\"lazy\"\/><\/p>\n<p>                    <\/a><\/p>\n<p>                    Die Polizei h\u00e4lt die weltpolitische Lage f\u00fcr den Hintergrund der Taten.<\/p>\n<p class=\"\">In Hannover sind zwei islamische Einrichtungen beschmiert worden. Die Schriftz\u00fcge lie\u00dfen &#8222;einen Bezug zur weltpolitischen Lage und zu den israelischen Streitkr\u00e4ften erkennen&#8220;, hie\u00df es am Donnerstag von der Polizei. Es werde ein m\u00f6glicher Zusammenhang mit einer weiteren Farbschmiererei an einem Geb\u00e4ude sowie einem besch\u00e4digten Fenster gepr\u00fcft. Zuerst hatte die &#8222;Hannoversche Allgemeine Zeitung&#8220; dar\u00fcber berichtet. Der nieders\u00e4chsische Antisemitismus-Beauftragte Gerhard Wegner rief zur Solidarit\u00e4t mit den muslimischen Gemeinden auf. Die Vorsitzende der Liberalen J\u00fcdischen Gemeinde in Hannover, Rebecca Seidler, schrieb auf Facebook: &#8222;Schmierereien und Parolen haben auf Gottesh\u00e4usern keinen Platz.&#8220; Die Gemeinde stehe &#8222;solidarisch an der Seite der muslimischen Community&#8220;.<\/p>\n<p>        <img decoding=\"async\" src=\"https:\/\/www.europesays.com\/de\/wp-content\/uploads\/2025\/12\/landtag6496.webp\" alt=\"Reinigungskr\u00e4fte entfernen Farbschmierereien am Nieders\u00e4chsischen Landtag.\" title=\"Reinigungskr\u00e4fte entfernen Farbschmierereien am Nieders\u00e4chsischen Landtag. | NDR, Martina Thorausch\" class=\"responsive\" loading=\"lazy\"\/><\/p>\n<p>(04.04.25) Die Tat in Hannover ereignete sich im September 2024. Ein 24-J\u00e4hriger wurde laut Staatsanwaltschaft auf \u00dcberwachungsvideos erkannt.<\/p>\n<p>        <img decoding=\"async\" src=\"https:\/\/www.europesays.com\/de\/wp-content\/uploads\/2025\/12\/rathaus962.webp\" alt=\"Das Neue Rathaus mit Kuppel und Aussichtsplattform.\" title=\"Das Neue Rathaus mit Kuppel und Aussichtsplattform. | picture alliance\/dpa | Julian Stratenschulte, Julian Stratenschulte\" class=\"responsive\" loading=\"lazy\"\/><\/p>\n<p>(16.11.24) Zum Teil richten sich die Schmierereien direkt gegen Oberb\u00fcrgermeister Belit Onay. Wer daf\u00fcr verantwortlich ist, ist unklar.<\/p>\n<p>Dieses Thema im Programm:<\/p>\n<p>                NDR 1 Niedersachsen | Aktuell | 11.12.2025 | 12:00 Uhr<\/p>\n<p>        Schlagw\u00f6rter zu diesem Artikel<\/p>\n<p>            <a href=\"https:\/\/www.ndr.de\/nachrichten\/niedersachsen\/hannover_weser-leinegebiet\/Hannover-Aktuelle-News-und-Nachrichten,hannover18518.html\" target=\"_blank\" rel=\"noopener\">Hannover<\/a><\/p>\n","protected":false},"excerpt":{"rendered":"Stand: 11.12.2025 14:49 Uhr Die Polizei h\u00e4lt die weltpolitische Lage f\u00fcr den Hintergrund der Taten. In Hannover sind&hellip;\n","protected":false},"author":2,"featured_media":639534,"comment_status":"","ping_status":"","sticky":false,"template":"","format":"standard","meta":{"footnotes":""},"categories":[1836],"tags":[119176,590,89845,3364,29,30,46,411,14,15,1411,46336],"class_list":{"0":"post-639533","1":"post","2":"type-post","3":"status-publish","4":"format-standard","5":"has-post-thumbnail","7":"category-hannover","8":"tag-moscheen","9":"tag-aktuell","10":"tag-beschmiert","11":"tag-de","12":"tag-deutschland","13":"tag-germany","14":"tag-hannover","15":"tag-israel","16":"tag-nachrichten","17":"tag-news","18":"tag-niedersachsen","19":"tag-parolen"},"share_on_mastodon":{"url":"https:\/\/pubeurope.com\/@de\/115701865214997078","error":""},"_links":{"self":[{"href":"https:\/\/www.europesays.com\/de\/wp-json\/wp\/v2\/posts\/639533","targetHints":{"allow":["GET"]}}],"collection":[{"href":"https:\/\/www.europesays.com\/de\/wp-json\/wp\/v2\/posts"}],"about":[{"href":"https:\/\/www.europesays.com\/de\/wp-json\/wp\/v2\/types\/post"}],"author":[{"embeddable":true,"href":"https:\/\/www.europesays.com\/de\/wp-json\/wp\/v2\/users\/2"}],"replies":[{"embeddable":true,"href":"https:\/\/www.europesays.com\/de\/wp-json\/wp\/v2\/comments?post=639533"}],"version-history":[{"count":0,"href":"https:\/\/www.europesays.com\/de\/wp-json\/wp\/v2\/posts\/639533\/revisions"}],"wp:featuredmedia":[{"embeddable":true,"href":"https:\/\/www.europesays.com\/de\/wp-json\/wp\/v2\/media\/639534"}],"wp:attachment":[{"href":"https:\/\/www.europesays.com\/de\/wp-json\/wp\/v2\/media?parent=639533"}],"wp:term":[{"taxonomy":"category","embeddable":true,"href":"https:\/\/www.europesays.com\/de\/wp-json\/wp\/v2\/categories?post=639533"},{"taxonomy":"post_tag","embeddable":true,"href":"https:\/\/www.europesays.com\/de\/wp-json\/wp\/v2\/tags?post=639533"}],"curies":[{"name":"wp","href":"https:\/\/api.w.org\/{rel}","templated":true}]}}