{"id":639552,"date":"2025-12-11T16:34:12","date_gmt":"2025-12-11T16:34:12","guid":{"rendered":"https:\/\/www.europesays.com\/de\/639552\/"},"modified":"2025-12-11T16:34:12","modified_gmt":"2025-12-11T16:34:12","slug":"leipzig-zweifel-an-neu-entdeckten-bach-werken","status":"publish","type":"post","link":"https:\/\/www.europesays.com\/de\/639552\/","title":{"rendered":"Leipzig: Zweifel an neu entdeckten Bach-Werken"},"content":{"rendered":"<p><a name=\"Organisten\">Organisten<\/a> bezweifeln Autorschaft von Bach<\/p>\n<p class=\"text\">\nAuch unter Organisten gebe es Zweifel daran, dass die beiden neu aufgenommenen Werke tats\u00e4chlich von Bach stammen, berichtet Schrammek. Nach Angaben des Musikwissenschaftlers haben einige berichtet, beide St\u00fccke bereits gekannt und gespielt zu haben, allerdings nicht unter Bachs Namen, sondern als anonymes St\u00fcck. &#8222;Die kannten diese Handschrift, hatten das St\u00fcck interessant gefunden und schon mal aufgef\u00fchrt.&#8220;\n<\/p>\n<p class=\"text\">\nVor der Aufnahme in das Bach-Werke-Verzeichnis h\u00e4tten nach Schrammeks Ansicht nach mehr Organisten einbezogen werden m\u00fcssen. Sie w\u00fcrden das Werk des Komponisten &#8222;in- und auswendig&#8220; kennen. Einige h\u00e4tten erkl\u00e4rt, die St\u00fccke kl\u00e4ngen nicht nach Bach, sondern eher nach einem Mitglied seiner Familie oder aus seinem Umfeld.\n<\/p>\n<p><a name=\"Stilistische\">Stilistische<\/a> Zweifel an Zuordnung zu Bach<\/p>\n<p class=\"text\">\nLaut Schrammek bestehen vor allem stilistische Zweifel an der Zuschreibung. Quellenkundlich, betonte er, sei die Zuordnung vom <a href=\"https:\/\/www.mdr.de\/nachrichten\/sachsen\/leipzig\/leipzig-leipzig-land\/schenkung-kulukundis-bach-archiv-ausstellung-kultur-news-100.html\" title=\"Bach-Archiv pr\u00e4sentiert 10-Millionen-Schenkung der Sammlung Kulukundis in Ausstellung\" rel=\"nofollow noopener\" target=\"_blank\">Leipziger Bach-Archiv-Direktor Peter Wollny<\/a> korrekt. Sein &#8222;ganz gro\u00dfer Verdienst&#8220; sei, den Schreiber der Chaconnen, der lange anonym war, zuzuordnen. Aber man k\u00f6nne dennoch nicht &#8222;von 99,9 Prozent Sicherheit sprechen&#8220;, sondern m\u00fcsse ein Fragezeichen setzen.\n<\/p>\n<p class=\"text\">\nAuch die Einsch\u00e4tzung von Kulturminister Wolfram Weimer, es handle sich um eine &#8222;Weltsensation&#8220;, geht Schrammek zu weit. Eine solche w\u00e4re seiner Ansicht nach nur gegeben, wenn etwa eine verschollene Bach-Kantate gefunden w\u00fcrde, deren Autorschaft eindeutig belegt ist.<\/p>\n","protected":false},"excerpt":{"rendered":"Organisten bezweifeln Autorschaft von Bach Auch unter Organisten gebe es Zweifel daran, dass die beiden neu aufgenommenen Werke&hellip;\n","protected":false},"author":2,"featured_media":639553,"comment_status":"","ping_status":"","sticky":false,"template":"","format":"standard","meta":{"footnotes":""},"categories":[1832],"tags":[13097,150734,3364,29,30,66,71,81,810,46592,859,37719,27898,150733],"class_list":{"0":"post-639552","1":"post","2":"type-post","3":"status-publish","4":"format-standard","5":"has-post-thumbnail","7":"category-leipzig","8":"tag-bach","9":"tag-chaconnen","10":"tag-de","11":"tag-deutschland","12":"tag-germany","13":"tag-kulturnachrichten","14":"tag-leipzig","15":"tag-mdr","16":"tag-musik","17":"tag-orgel","18":"tag-sachsen","19":"tag-weimer","20":"tag-werke","21":"tag-wiederentdeckte"},"share_on_mastodon":{"url":"https:\/\/pubeurope.com\/@de\/115701905169535571","error":""},"_links":{"self":[{"href":"https:\/\/www.europesays.com\/de\/wp-json\/wp\/v2\/posts\/639552","targetHints":{"allow":["GET"]}}],"collection":[{"href":"https:\/\/www.europesays.com\/de\/wp-json\/wp\/v2\/posts"}],"about":[{"href":"https:\/\/www.europesays.com\/de\/wp-json\/wp\/v2\/types\/post"}],"author":[{"embeddable":true,"href":"https:\/\/www.europesays.com\/de\/wp-json\/wp\/v2\/users\/2"}],"replies":[{"embeddable":true,"href":"https:\/\/www.europesays.com\/de\/wp-json\/wp\/v2\/comments?post=639552"}],"version-history":[{"count":0,"href":"https:\/\/www.europesays.com\/de\/wp-json\/wp\/v2\/posts\/639552\/revisions"}],"wp:featuredmedia":[{"embeddable":true,"href":"https:\/\/www.europesays.com\/de\/wp-json\/wp\/v2\/media\/639553"}],"wp:attachment":[{"href":"https:\/\/www.europesays.com\/de\/wp-json\/wp\/v2\/media?parent=639552"}],"wp:term":[{"taxonomy":"category","embeddable":true,"href":"https:\/\/www.europesays.com\/de\/wp-json\/wp\/v2\/categories?post=639552"},{"taxonomy":"post_tag","embeddable":true,"href":"https:\/\/www.europesays.com\/de\/wp-json\/wp\/v2\/tags?post=639552"}],"curies":[{"name":"wp","href":"https:\/\/api.w.org\/{rel}","templated":true}]}}