{"id":639562,"date":"2025-12-11T16:39:12","date_gmt":"2025-12-11T16:39:12","guid":{"rendered":"https:\/\/www.europesays.com\/de\/639562\/"},"modified":"2025-12-11T16:39:12","modified_gmt":"2025-12-11T16:39:12","slug":"liveblog-vfb-gegen-maccabi-starke-polizeipraesenz-vor-der-mhp-arena-nachrichten-aus-stuttgart","status":"publish","type":"post","link":"https:\/\/www.europesays.com\/de\/639562\/","title":{"rendered":"Liveblog: VfB gegen Maccabi \u2013 Starke Polizeipr\u00e4senz vor der MHP-Arena &#8211; Nachrichten aus Stuttgart"},"content":{"rendered":"<p><strong>Stuttgart. <\/strong> Am heutigen Donnerstag, den 11. Dezember, findet das Europa-League-Spiel des <a href=\"https:\/\/www.zvw.de\/vfb-stuttgart\/\" rel=\"noopener nofollow\" target=\"_blank\"> VfB Stuttgart<\/a> gegen Maccabi Tel Aviv statt. Der Fu\u00dfball r\u00fcckt dabei eher in den Hintergrund: Die Polizei ist mit mehreren Tausend Einsatzkr\u00e4ften in Stuttgart sowie am Stadion vor Ort und bereitet sich auf verschiedene Eins\u00e4tze bis hin zu \u201eterroristischen Szenarien\u201c vor.  Wir halten Sie in diesem Newsblog auf dem Laufenden.<\/p>\n<p>Sie wollen keine News zum VfB Stuttgart verpassen? <a href=\"https:\/\/www.zvw.de\/vfb-stuttgart\/umfrage-zum-vfb-spiel-gegen-tel-aviv-trotz-sicherheitsvorkehrungen-ins-stadion_arid-935278\" rel=\"noopener nofollow\" target=\"_blank\"> In diesem Newsblog<\/a> halten wir Sie auch abseits von diesem Spiel auf dem Laufenden.<\/p>\n","protected":false},"excerpt":{"rendered":"Stuttgart. Am heutigen Donnerstag, den 11. Dezember, findet das Europa-League-Spiel des VfB Stuttgart gegen Maccabi Tel Aviv statt.&hellip;\n","protected":false},"author":2,"featured_media":639563,"comment_status":"","ping_status":"","sticky":false,"template":"","format":"standard","meta":{"footnotes":""},"categories":[1830],"tags":[1634,3364,29,347,30,116795,3129,4085,1441,4112,150742],"class_list":{"0":"post-639562","1":"post","2":"type-post","3":"status-publish","4":"format-standard","5":"has-post-thumbnail","7":"category-stuttgart","8":"tag-baden-wuerttemberg","9":"tag-de","10":"tag-deutschland","11":"tag-fussball","12":"tag-germany","13":"tag-maccabi-tel-aviv","14":"tag-newsblog","15":"tag-strassensperrung","16":"tag-stuttgart","17":"tag-vfb","18":"tag-vfb-spiel"},"share_on_mastodon":{"url":"https:\/\/pubeurope.com\/@de\/115701924849424354","error":""},"_links":{"self":[{"href":"https:\/\/www.europesays.com\/de\/wp-json\/wp\/v2\/posts\/639562","targetHints":{"allow":["GET"]}}],"collection":[{"href":"https:\/\/www.europesays.com\/de\/wp-json\/wp\/v2\/posts"}],"about":[{"href":"https:\/\/www.europesays.com\/de\/wp-json\/wp\/v2\/types\/post"}],"author":[{"embeddable":true,"href":"https:\/\/www.europesays.com\/de\/wp-json\/wp\/v2\/users\/2"}],"replies":[{"embeddable":true,"href":"https:\/\/www.europesays.com\/de\/wp-json\/wp\/v2\/comments?post=639562"}],"version-history":[{"count":0,"href":"https:\/\/www.europesays.com\/de\/wp-json\/wp\/v2\/posts\/639562\/revisions"}],"wp:featuredmedia":[{"embeddable":true,"href":"https:\/\/www.europesays.com\/de\/wp-json\/wp\/v2\/media\/639563"}],"wp:attachment":[{"href":"https:\/\/www.europesays.com\/de\/wp-json\/wp\/v2\/media?parent=639562"}],"wp:term":[{"taxonomy":"category","embeddable":true,"href":"https:\/\/www.europesays.com\/de\/wp-json\/wp\/v2\/categories?post=639562"},{"taxonomy":"post_tag","embeddable":true,"href":"https:\/\/www.europesays.com\/de\/wp-json\/wp\/v2\/tags?post=639562"}],"curies":[{"name":"wp","href":"https:\/\/api.w.org\/{rel}","templated":true}]}}