{"id":639564,"date":"2025-12-11T16:40:11","date_gmt":"2025-12-11T16:40:11","guid":{"rendered":"https:\/\/www.europesays.com\/de\/639564\/"},"modified":"2025-12-11T16:40:11","modified_gmt":"2025-12-11T16:40:11","slug":"kpch-naehe-und-insolvenzen-frankfurter-politiker-mit-heiklen-china-verbindungen","status":"publish","type":"post","link":"https:\/\/www.europesays.com\/de\/639564\/","title":{"rendered":"KPCh-N\u00e4he und Insolvenzen: Frankfurter Politiker mit heiklen China-Verbindungen"},"content":{"rendered":"<p>Ming Yang ist Mitglied der Kommunalen Ausl\u00e4ndervertretung in Frankfurt. Eine Einladung nach Peking legt eine N\u00e4he zur Einheitsfront der Kommunistischen Partei Chinas nahe. Gemeinsam mit einem ehemaligen Wirtschaftsminister organisiert er hochrangig besetzte Wirtschaftskonferenzen in China. Mehrere von Yangs Frankfurter Firmen sind jedoch insolvent.<\/p>\n<p>                    Audiobeitrag                             <\/p>\n<p>Audio<\/p>\n<p>04:29 Min.|11.12.25|hr-iNFO im Gespr\u00e4ch mit Reporter Volker Siefert                                                                        <\/p>\n<p>Bild \u00a9  dpa|<a href=\"https:\/\/www.hessenschau.de\/wirtschaft\/wie-riskant-sind-geschaefte-mit-china,audio-114862.html\" class=\"ds-link js-load  hover:underline hover:!decoration-1 text-link dark:text-link-dark \" rel=\"nofollow noopener\" target=\"_blank\"><br \/>\nzur Audio-Einzelseite<br \/>\n<\/a>                                            <\/p>\n<p>Ende des Audiobeitrags <\/p>\n<p class=\"hrds-copytext__paragraph mt-4 sm:mt-5 text-lg leading-normal sm480:text-xl lg:leading-7.5 dark:text-text-dark\">Vor einigen Jahren war Ming Yang bundesweit in den Schlagzeilen. Er war der erste chinesisch-st\u00e4mmige Deutsche, der Oberb\u00fcrgermeister einer Gro\u00dfstadt werden wollte. Auch wenn dieser Traum 2018 an den Wahlurnen geplatzt ist, mischt er als gew\u00e4hltes Mitglied der Kommunalen Ausl\u00e4ndervertretung (KAV) weiterhin in der Lokalpolitik in Frankfurt mit.<\/p>\n<p class=\"hrds-copytext__paragraph mt-4 sm:mt-5 text-lg leading-normal sm480:text-xl lg:leading-7.5 dark:text-text-dark\">Das Oberlandesgericht (OLG) Frankfurt entschied vor kurzem, dass Yang es hinnehmen muss, in die N\u00e4he der Einheitsfront der Kommunistischen Partei Chinas (KPCh) ger\u00fcckt zu werden. &#8222;An einer m\u00f6glichen Einflussnahme der chinesischen Regierung auf das Bild Chinas in Deutschland besteht ein hohes politisches Interesse der \u00d6ffentlichkeit&#8220;, erkl\u00e4rte das OLG.<\/p>\n<p class=\"hrds-copytext__paragraph mt-4 sm:mt-5 text-lg leading-normal sm480:text-xl lg:leading-7.5 dark:text-text-dark\">Anlass war eine <a class=\"hrds-copytext__link js-load \" target=\"_blank\" href=\"https:\/\/www.tagesschau.de\/inland\/regional\/hessen\/hr-chinas-einflussnahme-der-frankfurter-kommunalpolitiker-mit-kontakten-zur-einheitsfront-100.html\" data-hr-click-tracking=\"{&quot;settings&quot;: [{&quot;type&quot;:&quot;uxAction&quot;, &quot;clickLabel&quot;: &quot;Externer-Link::textlink-68486 geklickt&quot;}]}\" rel=\"nofollow noopener\">wissenschaftliche Studie<\/a>, gegen die Yang rechtlich vorgegangen ist. In ihr wurde Yang in die N\u00e4he zur Einheitsfront ger\u00fcckt, weil er 2019 zu einer Polit-Konferenz in Peking eingeladen war.<\/p>\n<p>Mit Walter D\u00f6ring unterwegs in China<\/p>\n<p class=\"hrds-copytext__paragraph mt-4 sm:mt-5 text-lg leading-normal sm480:text-xl lg:leading-7.5 dark:text-text-dark\">Yang gibt an, Unternehmensberater zu sein. Auf der Website der Kommunalen Ausl\u00e4ndervertretung wird er als Mitglied im Pr\u00e4sidium des Senate of Economy Europe gef\u00fchrt, einem Wirtschaftsgremium des ehemaligen FDP-Politikers Walter D\u00f6ring. Dieser war bis 2004 Wirtschaftsminister und Vizeministerpr\u00e4sident von Baden-W\u00fcrttemberg. In den letzten Jahren haben D\u00f6ring und Yang mehrere Delegationsreisen deutscher Unternehmen nach China organisiert.<\/p>\n<p class=\"hrds-copytext__paragraph mt-4 sm:mt-5 text-lg leading-normal sm480:text-xl lg:leading-7.5 dark:text-text-dark\">D\u00f6ring wickelt diese Gesch\u00e4fte \u00fcber seine Akademie Deutscher Weltmarktf\u00fchrer (ADWM) in Schw\u00e4bisch Hall (Baden-W\u00fcrttemberg) ab. Das letzte von den beiden organisierte Event war das 2. Weltmarktf\u00fchrer-Forum in Peking vor ein paar Monaten. Bei der Konferenz kamen mehrere hundert Teilnehmer aus Deutschland und China zusammen.<\/p>\n<p><img decoding=\"async\"  loading=\"lazy\"  src=\"data:image\/gif;base64,R0lGODlhAQABAIAAAP\/\/\/wAAACH5BAEAAAAALAAAAAABAAEAAAICRAEAOw==\" alt=\"Walter D\u00f6ring und Ming Yang beim Hidden Champions Forum 2025.\" class=\"w-full\"\/><\/p>\n<p>Walter D\u00f6ring (3.v.l.) und Ming Yang (4.v.l.) beim Hidden Champions Forum 2025.<br \/>\nBild \u00a9  Screenshot\/ Hidden Champions Forum 2025                                                                    <\/p>\n<p class=\"hrds-copytext__paragraph mt-4 sm:mt-5 text-lg leading-normal sm480:text-xl lg:leading-7.5 dark:text-text-dark\">Dort sprachen mehrere hochrangige Vertreter der KPCh sowie ehemalige europ\u00e4ische Politiker. Mit dabei der fr\u00fchere Bundesinnenminister Hans-Peter Friedrich (CSU) oder der ehemalige Regierende B\u00fcrgermeister von Berlin, Michael M\u00fcller (SPD).<\/p>\n<p>Deutsch-chinesischer Industriepark in Yangzhou<\/p>\n<p class=\"hrds-copytext__paragraph mt-4 sm:mt-5 text-lg leading-normal sm480:text-xl lg:leading-7.5 dark:text-text-dark\">D\u00f6ring beschreibt auf der Website seiner Akademie (ADWM) und auf seinem LinkedIn-Profil ausf\u00fchrlich seine Vermittlungst\u00e4tigkeit. So findet sich bei LinkedIn ein k\u00fcrzlich eingestellter Beitrag, in dem er von einem ersten Abschluss nach dem Weltmarktf\u00fchrer-Forum im Sommer berichtet. Ein s\u00fcddeutscher Mittelst\u00e4ndler siedle in China an.<\/p>\n<p class=\"hrds-copytext__paragraph mt-4 sm:mt-5 text-lg leading-normal sm480:text-xl lg:leading-7.5 dark:text-text-dark\">Bei der Unterschrift waren Vertreter der kommunistischen Staats- und Parteif\u00fchrung digital zugeschaltet und Ming Yang vom DEZ. Das K\u00fcrzel steht laut D\u00f6ring f\u00fcr Deutsch-Europ\u00e4isches Zentrum und soll von Yang geleitet werden.<\/p>\n<p class=\"hrds-copytext__paragraph mt-4 sm:mt-5 text-lg leading-normal sm480:text-xl lg:leading-7.5 dark:text-text-dark\">An anderer Stelle freut sich D\u00f6ring \u00fcber die Teilnahme an der Grundsteinlegung f\u00fcr einen deutsch-chinesischen Industriepark in der Wirtschaftsmetropole Yangzhou diesen Sommer. Die Initiative f\u00fcr den Industriepark wurde von ihm und Yang angesto\u00dfen.<\/p>\n<p><img decoding=\"async\"  loading=\"lazy\"  src=\"data:image\/gif;base64,R0lGODlhAQABAIAAAP\/\/\/wAAACH5BAEAAAAALAAAAAABAAEAAAICRAEAOw==\" alt=\"Portr\u00e4t Ming Yang\" class=\"w-full\"\/><\/p>\n<p>Ming Yang<br \/>\nBild \u00a9  Ming Yang                                                                    <\/p>\n<p>Ming Yangs Website noch im Aufbau<\/p>\n<p class=\"hrds-copytext__paragraph mt-4 sm:mt-5 text-lg leading-normal sm480:text-xl lg:leading-7.5 dark:text-text-dark\">Entsprechende Internetseiten, auf denen Yang seine wirtschaftlichen Erfolge in China auf deutsch darstellt, lassen sich nur schwer finden. Die Seite, die den Namen des 61-j\u00e4hrigen Unternehmensberaters tr\u00e4gt, befindet sich derzeit im Aufbau.<\/p>\n<p class=\"hrds-copytext__paragraph mt-4 sm:mt-5 text-lg leading-normal sm480:text-xl lg:leading-7.5 dark:text-text-dark\">Es gibt jedoch eine Website, die vom Namen her mit dem Deutsch-Europ\u00e4ischen Zentrum in Verbindung steht. Auf dieser finden sich auch zahlreiche Fotos von Delegationsreisen Yangs und D\u00f6rings und genaue Beschreibungen, wie DEZ deutsche Mittelst\u00e4ndler nach China vermittelt. Yangs Name taucht dort jedoch aktuell weder auf der Seite noch im Impressum auf.<\/p>\n<p>Slogan: &#8222;Unterst\u00fctzung von ganz oben&#8220;<\/p>\n<p class=\"hrds-copytext__paragraph mt-4 sm:mt-5 text-lg leading-normal sm480:text-xl lg:leading-7.5 dark:text-text-dark\">In \u00e4lteren Versionen war Yang noch auf der DEZ-Website pr\u00e4sent und stand im Impressum. Im Jahr 2021 fand sich dort der Slogan &#8222;Unterst\u00fctzung von ganz oben&#8220; mit einem Zitat von Staats- und Parteichef Xi Jinping.<\/p>\n<p class=\"hrds-copytext__paragraph mt-4 sm:mt-5 text-lg leading-normal sm480:text-xl lg:leading-7.5 dark:text-text-dark\">Der hr hatte Yang bereits vor Monaten Fragen zu von ihm betriebenen Firmen gestellt, die im China-Gesch\u00e4ft aktiv waren. Eine davon war die &#8222;DEZ Deutschland GmbH&#8220;, deren Gesch\u00e4ftsf\u00fchrer er war. Laut Amtsgericht Frankfurt hat das Finanzamt Frankfurt bereits Ende 2021 \u00fcber die Firma einen Insolvenzantrag gestellt. Der Grund waren offene Steuerforderungen und Zahlungsunf\u00e4higkeit.<\/p>\n<p class=\"hrds-copytext__paragraph mt-4 sm:mt-5 text-lg leading-normal sm480:text-xl lg:leading-7.5 dark:text-text-dark\">Bei der ersten Anfrage hatte Yang durch seinen Medienanwalt zun\u00e4chst antworten lassen, die Bezeichnung &#8222;DEZ&#8220; sei lediglich als &#8222;Label&#8220; zu verstehen, das &#8222;in keinem rechtlichen oder organisatorischen Zusammenhang mit der Gesellschaft und insbesondere nicht auf eine unternehmerische Bet\u00e4tigung der Gesellschaft gerichtet&#8220; sei.<\/p>\n<p class=\"hrds-copytext__paragraph mt-4 sm:mt-5 text-lg leading-normal sm480:text-xl lg:leading-7.5 dark:text-text-dark\">Laut Anwalt handle es sich dabei um einen \u00fcblichen Vorgang, &#8222;der keineswegs zwingend mit negativen Umst\u00e4nden wie etwa einer Insolvenz verbunden ist&#8220;.<\/p>\n<p>Zu wenig Zeit, um Insolvenz zu verifizieren<\/p>\n<p class=\"hrds-copytext__paragraph mt-4 sm:mt-5 text-lg leading-normal sm480:text-xl lg:leading-7.5 dark:text-text-dark\">Der hr stellte Yang Anfang Dezember erneut Fragen zu dem vor mehreren Jahren eingeleiteten Insolvenzverfahren der DEZ. Sein Anwalt erkl\u00e4rte nun, dass eine Frist von vier Werktagen, um die hr-Anfrage zu beantworten, nicht ausreichend sei. &#8222;Wenn Sie vermuten oder Informationen dahingehend haben, dass dieser L\u00f6schung ein Insolvenzverfahren zugrunde lag, k\u00f6nnen wir das aufgrund der mangelnden Fristverl\u00e4ngerung nicht verifizieren.&#8220;<\/p>\n<p class=\"hrds-copytext__paragraph mt-4 sm:mt-5 text-lg leading-normal sm480:text-xl lg:leading-7.5 dark:text-text-dark\">Neben der DEZ sind laut Amtsgericht zwei weitere Gesellschaften von Yang insolvent. Dazu z\u00e4hlt die Germany Hidden Champions Verwaltungs GmbH, die als Partner der ADWM Veranstaltungen und Konferenzen organisieren sollte.<\/p>\n<p class=\"hrds-copytext__paragraph mt-4 sm:mt-5 text-lg leading-normal sm480:text-xl lg:leading-7.5 dark:text-text-dark\">Das Finanzamt Frankfurt stellte \u00fcber sie einen Insolvenzantrag wegen Zahlungsunf\u00e4higkeit. Der Gutachter habe, so eine Sprecherin des Amtsgerichts, keinen Kontakt zum Gesch\u00e4ftsf\u00fchrer herstellen k\u00f6nnen. Die Staatsanwaltschaft Frankfurt habe die Akte angefordert.<\/p>\n<p>Ermittlungen wegen Insolvenzverschleppung<\/p>\n<p class=\"hrds-copytext__paragraph mt-4 sm:mt-5 text-lg leading-normal sm480:text-xl lg:leading-7.5 dark:text-text-dark\">Ein Sprecher der Staatsanwaltschaft best\u00e4tigte, dass sie im Zusammenhang mit der Germany Hidden Champions Verwaltungs GmbH gegen einen 61-j\u00e4hrigen Frankfurter wegen des Verdachts der Insolvenzverschleppung ermittelt. Es gilt die Unschuldsvermutung.<\/p>\n<p class=\"hrds-copytext__paragraph mt-4 sm:mt-5 text-lg leading-normal sm480:text-xl lg:leading-7.5 dark:text-text-dark\">Yangs Medienanwalt erkl\u00e4rt, seinem Mandanten sei von Ermittlungen nichts bekannt. &#8222;Entsprechend gelassen sieht Herr Yang etwaigen beh\u00f6rdlichen Pr\u00fcfungen entgegen \u2013 er hat nichts zu verbergen.&#8220;<\/p>\n<p class=\"hrds-copytext__paragraph mt-4 sm:mt-5 text-lg leading-normal sm480:text-xl lg:leading-7.5 dark:text-text-dark\">Der Anwalt best\u00e4tigt die Existenz der DEZ-Website, erkl\u00e4rt aber, es handle sich nicht um eine Seite von Herrn Yang. Die Website stehe im Zusammenhang mit der Detou GmbH, \u00fcber die 2024 ein Insolvenzantrag gestellt wurde. Der Grund sei &#8222;wie bei vielen Unternehmen jener Zeit&#8220; eine wirtschaftliche Schieflage durch die Pandemie und andere &#8222;externe Faktoren&#8220; gewesen.<\/p>\n<p>Engagement f\u00fcr Industriepark als Privatperson <\/p>\n<p class=\"hrds-copytext__paragraph mt-4 sm:mt-5 text-lg leading-normal sm480:text-xl lg:leading-7.5 dark:text-text-dark\">Zum Engagement f\u00fcr den Industriepark Yangzhou erkl\u00e4rt der Anwalt, Yang und D\u00f6ring st\u00fcnden &#8222;als Privatpersonen, beziehungsweise im Rahmen ihrer gesch\u00e4ftlichen Funktionen mit den Verantwortlichen in Yangzhou in Kontakt&#8220;, um die Idee voranzubringen. Yang habe die Initiative unterst\u00fctzt und deutsche Unternehmen interessiert, &#8222;aber die Abrechnung etwaiger Leistungen erfolgt \u00fcber separate vertragliche Vereinbarungen&#8220;.<\/p>\n<p>Politikwissenschaftler: &#8222;Naive Kooperationsbereitschaft&#8220;<\/p>\n<p class=\"hrds-copytext__paragraph mt-4 sm:mt-5 text-lg leading-normal sm480:text-xl lg:leading-7.5 dark:text-text-dark\">Der Politologe Andreas Fulda von der Universit\u00e4t Nottingham weist auf Gefahren hin, die von den Verstrickungen der deutschen Wirtschaft mit China ausgehen. Deutsche &#8222;Hidden Champions&#8220; m\u00fcssten in China Technologie abgeben und nicht selten Joint Ventures mit 51-prozentiger chinesischer Kontrolle eingehen, w\u00e4hrend chinesische Investoren in Deutschland volle Marktfreiheit genie\u00dfen.<\/p>\n<p class=\"hrds-copytext__paragraph mt-4 sm:mt-5 text-lg leading-normal sm480:text-xl lg:leading-7.5 dark:text-text-dark\">Mit der Strategie &#8222;Made in China 2025&#8220; ziele die chinesische F\u00fchrung gezielt auf Bereiche ab, in denen Baden-W\u00fcrttemberg weltweit f\u00fchrend ist: Automatisierung, Maschinenbau und gr\u00fcne Technologien. &#8222;Wer wie D\u00f6ring den Austausch forciere, ohne gleichzeitig bedingungslose Reziprozit\u00e4t einzufordern, riskiere, dass Deutschland langfristig Technologiehoheit und Wettbewerbsf\u00e4higkeit verliert,&#8220; so Fulda.<\/p>\n<p>D\u00f6ring zieht Anwalt hinzu<\/p>\n<p class=\"hrds-copytext__paragraph mt-4 sm:mt-5 text-lg leading-normal sm480:text-xl lg:leading-7.5 dark:text-text-dark\">Ex-Wirtschaftsminister D\u00f6ring hat sich bislang zu seiner Vermittlung mittelst\u00e4ndischer Unternehmen nicht detailliert ge\u00e4u\u00dfert. Er macht aber klar, dass er keine Gefahr ungleicher Vertr\u00e4ge f\u00fcr seine Kunden sieht. Zu seiner Kooperation mit Yang schrieb er dem hr: &#8222;Da von Ihren Rechercheergebnissen viel abh\u00e4ngt, auch was meine weitere Zusammenarbeit angehen wird, werde ich n\u00e4chste Woche einen Anwalt hinzuziehen.&#8220; Bislang hat dieser sich nicht gemeldet.<\/p>\n<p class=\"hrds-copytext__paragraph mt-4 sm:mt-5 text-lg leading-normal sm480:text-xl lg:leading-7.5 dark:text-text-dark\">Yang l\u00e4sst durch seinen Medienanwalt erkl\u00e4ren, dass kleine und mittlere Unternehmen durch seine Veranstaltungen reale Chancen auf neue M\u00e4rkte und Kooperationen erhalten haben. Sie h\u00e4tten niemals Druck versp\u00fcrt oder seien dazu aufgefordert worden, Unternehmensanteile abzugeben. &#8222;Im Gegenteil, sie f\u00fchlten sich jederzeit professionell und korrekt beraten.&#8220;<\/p>\n<p>Bald kein Senate of Europe mehr<\/p>\n<p class=\"hrds-copytext__paragraph mt-4 sm:mt-5 text-lg leading-normal sm480:text-xl lg:leading-7.5 dark:text-text-dark\">Auf der Website von Senate of Europe wurde Yang zum Zeitpunkt der ersten Anfrage als Mitglied des Pr\u00e4sidiums gef\u00fchrt. Inzwischen lassen sich die Namen der Mitglieder dort nicht mehr finden. Als Grund gibt D\u00f6ring Neuwahlen bis Ende 2025 an. Yang l\u00e4sst \u00fcber seinen Anwalt erkl\u00e4ren, er sei noch Mitglied, habe aber vor l\u00e4ngerer Zeit beschlossen, nicht mehr zu kandidieren.<\/p>\n<p class=\"hrds-copytext__paragraph mt-4 sm:mt-5 text-lg leading-normal sm480:text-xl lg:leading-7.5 dark:text-text-dark\">Die Fraktion der Satirepartei &#8222;Die Partei&#8220; nimmt die OLG-Entscheidung zu Yang zum Anlass, dem Frankfurter Magistrat in der n\u00e4chsten Stadtverordnetensitzung Fragen dazu zu stellen, wie die Stadtregierung damit umgehen will, &#8222;dass sich fremde Dienste im Rathaus breitmachen&#8220;.<\/p>\n","protected":false},"excerpt":{"rendered":"Ming Yang ist Mitglied der Kommunalen Ausl\u00e4ndervertretung in Frankfurt. Eine Einladung nach Peking legt eine N\u00e4he zur Einheitsfront&hellip;\n","protected":false},"author":2,"featured_media":639565,"comment_status":"","ping_status":"","sticky":false,"template":"","format":"standard","meta":{"footnotes":""},"categories":[1829],"tags":[29,2050,2051,30,2052],"class_list":{"0":"post-639564","1":"post","2":"type-post","3":"status-publish","4":"format-standard","5":"has-post-thumbnail","7":"category-frankfurt-am-main","8":"tag-deutschland","9":"tag-frankfurt","10":"tag-frankfurt-am-main","11":"tag-germany","12":"tag-hessen"},"share_on_mastodon":{"url":"https:\/\/pubeurope.com\/@de\/115701929123863594","error":""},"_links":{"self":[{"href":"https:\/\/www.europesays.com\/de\/wp-json\/wp\/v2\/posts\/639564","targetHints":{"allow":["GET"]}}],"collection":[{"href":"https:\/\/www.europesays.com\/de\/wp-json\/wp\/v2\/posts"}],"about":[{"href":"https:\/\/www.europesays.com\/de\/wp-json\/wp\/v2\/types\/post"}],"author":[{"embeddable":true,"href":"https:\/\/www.europesays.com\/de\/wp-json\/wp\/v2\/users\/2"}],"replies":[{"embeddable":true,"href":"https:\/\/www.europesays.com\/de\/wp-json\/wp\/v2\/comments?post=639564"}],"version-history":[{"count":0,"href":"https:\/\/www.europesays.com\/de\/wp-json\/wp\/v2\/posts\/639564\/revisions"}],"wp:featuredmedia":[{"embeddable":true,"href":"https:\/\/www.europesays.com\/de\/wp-json\/wp\/v2\/media\/639565"}],"wp:attachment":[{"href":"https:\/\/www.europesays.com\/de\/wp-json\/wp\/v2\/media?parent=639564"}],"wp:term":[{"taxonomy":"category","embeddable":true,"href":"https:\/\/www.europesays.com\/de\/wp-json\/wp\/v2\/categories?post=639564"},{"taxonomy":"post_tag","embeddable":true,"href":"https:\/\/www.europesays.com\/de\/wp-json\/wp\/v2\/tags?post=639564"}],"curies":[{"name":"wp","href":"https:\/\/api.w.org\/{rel}","templated":true}]}}