{"id":639566,"date":"2025-12-11T16:41:13","date_gmt":"2025-12-11T16:41:13","guid":{"rendered":"https:\/\/www.europesays.com\/de\/639566\/"},"modified":"2025-12-11T16:41:13","modified_gmt":"2025-12-11T16:41:13","slug":"frankfurter-stadtparlament-beschliesst-neuen-stadtteil","status":"publish","type":"post","link":"https:\/\/www.europesays.com\/de\/639566\/","title":{"rendered":"Frankfurter Stadtparlament beschlie\u00dft neuen Stadtteil"},"content":{"rendered":"<p class=\"p1 sm:p1-medium items-start pb-[20px]\" data-selector=\"body-paragraph\" data-external-selector=\"body-elements-paragraph\" data-v-f16c667d=\"\" data-v-439309db=\"\">1. Frankfurter Stadtpolitik vor der <a data-rtr-index=\"0\" title=\"Kommunalwahl\" href=\"https:\/\/www.faz.net\/aktuell\/politik\/thema\/kommunalwahl\" rel=\"nofollow noopener\" target=\"_blank\">Kommunalwahl<\/a>: Kurz vor der Kommunalwahl im M\u00e4rz 2026 stehen im Frankfurter Stadtparlament wichtige Entscheidungen an. Die \u201egesundgeschrumpfte Koalition\u201c aus Gr\u00fcnen, SPD und Volt plant unter anderem einen neuen Stadtteil mit bis zu 6800 Wohnungen und einen Autobahndeckel \u00fcber der A661. Weitere Projekte umfassen ein Kinder- und Jugendparlament sowie die Verl\u00e4ngerung der Stra\u00dfenbahn ins Gutleut.<\/p>\n<p class=\"p1 sm:p1-medium items-start pb-[20px]\" data-selector=\"body-paragraph\" data-external-selector=\"body-elements-paragraph\" data-v-f16c667d=\"\" data-v-439309db=\"\">2. Zerschlagung eines internationalen Drogenrings: Die hessische Polizei hat einen gro\u00dfen Drogenring zerschlagen, der \u00fcber zwei Tonnen Rauschgift aus S\u00fcdamerika nach Deutschland geschmuggelt haben soll. Bei Razzien in Frankfurt und dem Landkreis Offenbach wurden Verm\u00f6genswerte im Wert von f\u00fcnf Millionen Euro beschlagnahmt. Der Kopf der Bande wird weiterhin international gesucht.<\/p>\n<p class=\"p1 sm:p1-medium items-start pb-[20px]\" data-selector=\"body-paragraph\" data-external-selector=\"body-elements-paragraph\" data-v-f16c667d=\"\" data-v-439309db=\"\">3. Haushaltsstreit in <a data-rtr-index=\"3\" title=\"Wiesbaden\" href=\"https:\/\/www.faz.net\/aktuell\/rhein-main\/thema\/wiesbaden\" rel=\"nofollow noopener\" target=\"_blank\">Wiesbaden<\/a>: In Wiesbaden sorgt ein Rechenfehler der K\u00e4mmerei f\u00fcr Diskussionen \u00fcber ein bevorstehendes Haushaltsdefizit. K\u00e4mmerer Hendrik Schmehl r\u00e4umte ein, dass falsche Bev\u00f6lkerungszahlen verwendet wurden, was zu einer fehlerhaften Prognose der Schl\u00fcsselzuweisungen f\u00fchrte. Die CDU kritisiert die sp\u00e4te Bekanntgabe des Fehlbetrags.<\/p>\n<p class=\"p1 sm:p1-medium items-start pb-[20px]\" data-selector=\"body-paragraph\" data-external-selector=\"body-elements-paragraph\" data-v-f16c667d=\"\" data-v-439309db=\"\">4. Tipps f\u00fcr den Weihnachtsbaumkauf: Michael R\u00f6ckel, ein langj\u00e4hriger H\u00e4ndler im Frankfurter Stadtteil Nied, gibt Tipps f\u00fcr den Kauf von Weihnachtsb\u00e4umen. Er empfiehlt, auf einen hellen Stamm und frische Nadeln zu achten und einen St\u00e4nder mit Wassertank zu verwenden. R\u00f6ckel bietet neben Nordmanntannen und Blaufichten auch Korktannen an.<\/p>\n<p class=\"p1 sm:p1-medium items-start pb-[20px]\" data-selector=\"body-paragraph\" data-external-selector=\"body-elements-paragraph\" data-v-f16c667d=\"\" data-v-439309db=\"\">Dieser Podcast wird mithilfe von KI-Technologie erstellt und vor der Ver\u00f6ffentlichung von Redakteuren gepr\u00fcft. Die eingesetzte Stimme wird, wie bei allen Text-to-Speech-Angeboten, durch KI erzeugt und ist entsprechend lizenziert. Bei Fragen, Anmerkungen oder Problemen wenden Sie sich gern an: rmz-leserbriefe@faz.de.<\/p>\n<p>Sie k\u00f6nnen den Podcast auch ganz einfach bei Apple Podcasts, Spotify oder Deezer abonnieren und verpassen so keine neue Folge. Ebenfalls finden Sie uns in der FAZ.NET-App.<\/p>\n<p>H\u00f6ren Sie unsere exklusiven Podcast-Folgen auf Apple Podcasts, FAZ.NET oder in der FAZ-App und erhalten Sie Zugriff auf alle Artikel: Testen Sie FAZ+ jetzt 3 Monate lang f\u00fcr nur 1 \u20ac im Monat \u2013 <a href=\"https:\/\/digitale-angebote.faz.net\/start?product=O_JHOICT71N1B3CAU514\" rel=\"noreferrer noopener nofollow\" target=\"_blank\">hier geht\u2019s zum Angebot.<\/a>Schreiben Sie uns bitte Ihre Fragen, Anmerkungen und Meinungen an: <a href=\"https:\/\/www.faz.net\/podcasts\/rhein-main-feierabendbriefing\/mailto:podcast@faz.de\" rel=\"noreferrer noopener nofollow\" target=\"_blank\">podcast@faz.de<\/a>. Oder senden Sie uns eine Sprach- oder Textnachricht unter 0172-7782384.F\u00fcr tiefere Einblicke: Den F.A.Z. Newsletter PRO Weltwirtschaft k\u00f6nnen Sie <a href=\"https:\/\/aktion.faz.net\/faz-pro-weltwirtschaft\/?campID=ANZ-ECa2500003010\" rel=\"noreferrer noopener nofollow\" target=\"_blank\">hier<\/a> bestellen. Weitere F.A.Z.-Abos finden Sie <a href=\"https:\/\/abo.faz.net\/?campID=INT-IPe2400001542\" rel=\"noreferrer noopener nofollow\" target=\"_blank\">hier<\/a>.Alle unsere Podcasts finden Sie <a href=\"https:\/\/www.faz.net\/podcasts\/\" rel=\"noreferrer noopener nofollow\" target=\"_blank\">hier<\/a>.Mehr \u00fcber die Angebote unserer Werbepartner finden Sie <a href=\"https:\/\/aktion.faz.net\/blick-in-die-welt-usa-24\/\" rel=\"noreferrer noopener nofollow\" target=\"_blank\">hier<\/a>.<\/p>\n","protected":false},"excerpt":{"rendered":"1. Frankfurter Stadtpolitik vor der Kommunalwahl: Kurz vor der Kommunalwahl im M\u00e4rz 2026 stehen im Frankfurter Stadtparlament wichtige&hellip;\n","protected":false},"author":2,"featured_media":639567,"comment_status":"","ping_status":"","sticky":false,"template":"","format":"standard","meta":{"footnotes":""},"categories":[1829],"tags":[29,2050,2051,30,2052],"class_list":{"0":"post-639566","1":"post","2":"type-post","3":"status-publish","4":"format-standard","5":"has-post-thumbnail","7":"category-frankfurt-am-main","8":"tag-deutschland","9":"tag-frankfurt","10":"tag-frankfurt-am-main","11":"tag-germany","12":"tag-hessen"},"share_on_mastodon":{"url":"https:\/\/pubeurope.com\/@de\/115701932644721941","error":""},"_links":{"self":[{"href":"https:\/\/www.europesays.com\/de\/wp-json\/wp\/v2\/posts\/639566","targetHints":{"allow":["GET"]}}],"collection":[{"href":"https:\/\/www.europesays.com\/de\/wp-json\/wp\/v2\/posts"}],"about":[{"href":"https:\/\/www.europesays.com\/de\/wp-json\/wp\/v2\/types\/post"}],"author":[{"embeddable":true,"href":"https:\/\/www.europesays.com\/de\/wp-json\/wp\/v2\/users\/2"}],"replies":[{"embeddable":true,"href":"https:\/\/www.europesays.com\/de\/wp-json\/wp\/v2\/comments?post=639566"}],"version-history":[{"count":0,"href":"https:\/\/www.europesays.com\/de\/wp-json\/wp\/v2\/posts\/639566\/revisions"}],"wp:featuredmedia":[{"embeddable":true,"href":"https:\/\/www.europesays.com\/de\/wp-json\/wp\/v2\/media\/639567"}],"wp:attachment":[{"href":"https:\/\/www.europesays.com\/de\/wp-json\/wp\/v2\/media?parent=639566"}],"wp:term":[{"taxonomy":"category","embeddable":true,"href":"https:\/\/www.europesays.com\/de\/wp-json\/wp\/v2\/categories?post=639566"},{"taxonomy":"post_tag","embeddable":true,"href":"https:\/\/www.europesays.com\/de\/wp-json\/wp\/v2\/tags?post=639566"}],"curies":[{"name":"wp","href":"https:\/\/api.w.org\/{rel}","templated":true}]}}