{"id":639572,"date":"2025-12-11T16:44:21","date_gmt":"2025-12-11T16:44:21","guid":{"rendered":"https:\/\/www.europesays.com\/de\/639572\/"},"modified":"2025-12-11T16:44:21","modified_gmt":"2025-12-11T16:44:21","slug":"in-den-landkreis-muenchen-fliessen-265-millionen-euro-aus-dem-investitionspaket-des-bundes-landkreis-muenchen","status":"publish","type":"post","link":"https:\/\/www.europesays.com\/de\/639572\/","title":{"rendered":"In den Landkreis M\u00fcnchen flie\u00dfen 26,5 Millionen Euro aus dem Investitionspaket des Bundes &#8211; Landkreis M\u00fcnchen"},"content":{"rendered":"<p data-manual=\"paragraph\" data-schema-org-speakable=\"true\" class=\"css-1eosz7k\">Kurz vor Weihnachten legen Bund und Freistaat den Kommunen im <a href=\"https:\/\/www.sueddeutsche.de\/thema\/Landkreis_M%C3%BCnchen\" target=\"_blank\" rel=\"noopener\">Landkreis M\u00fcnchen<\/a> mehrere Millionen Euro schwere Geldgeschenke unter den Baum. So erhalten 16 der 29 St\u00e4dte und Gemeinden insgesamt 19,5 Millionen Euro aus dem Investitionspaket des Bundes. An den Landkreis flie\u00dfen 6,8 Millionen Euro aus diesem F\u00f6rdertopf des Bundes, dessen Mittel bayernweit pro Kopf und nach der Finanzkraft der einzelnen St\u00e4dte und Gemeinden vergeben werden. Dazu kommen 3,8 Millionen Euro an Unterst\u00fctzung aus den Schl\u00fcsselzuweisungen des Freistaats f\u00fcr finanzschwache Kommunen. Diese Summe aus dem kommunalen Finanzausgleich teilen sich im Landkreis die Stadt Haar sowie die Gemeinden Neuried, Ottobrunn und Sch\u00e4ftlarn.<\/p>\n<p data-manual=\"paragraph\" data-schema-org-speakable=\"true\" class=\"css-1eosz7k\">Damit profitiert der finanzstarke Landkreis M\u00fcnchen dieses Jahr besonders von staatlichen Zuwendungen. Denn zus\u00e4tzlich zu den sonst f\u00fcr dessen Kommunen kaum relevanten Schl\u00fcsselzuweisungen werden dieses Jahr einmalig die Gelder aus dem Sonderverm\u00f6gen des Bundes ausgesch\u00fcttet. 3,9 Milliarden Euro macht in Bayern der kommunale Anteil am Sonderverm\u00f6gen des Bundes aus. Knapp die H\u00e4lfte davon ist zweckgebunden f\u00fcr Investitionen unter anderem zur F\u00f6rderung von Schulbauten, Wohnungsbau und Breitbandausbau zu verwenden. Die finanzpolitische Sprecherin der Gr\u00fcnen im Landtag, Claudia K\u00f6hler aus <a href=\"https:\/\/www.sueddeutsche.de\/thema\/Unterhaching\" target=\"_blank\" rel=\"noopener\">Unterhaching<\/a>, beklagt allerdings, der aufgelaufene Investitionsstau werde damit nicht behoben. Die Staatsregierung und der Bund m\u00fcssten langfristige \u201eL\u00f6sungen auf den Weg bringen, damit unsere St\u00e4dte, Landkreise und Gemeinden wieder atmen k\u00f6nnen\u201c.<\/p>\n<p data-manual=\"paragraph\" data-schema-org-speakable=\"true\" class=\"css-1eosz7k\">Aus den Bundesmitteln erhalten Ottobrunn mit 2,7 Millionen Euro, Haar mit 2,3 Millionen und Unterhaching mit 2,2 Millionen die gr\u00f6\u00dften Betr\u00e4ge. Nach Unterschlei\u00dfheim flie\u00dfen 1,9 Millionen Euro, nach Taufkirchen 1,8 Millionen, nach Oberschlei\u00dfheim 1,4 und nach H\u00f6henkirchen-Siegertsbrunn 1,3 Millionen. Immerhin noch 269 000 Euro erh\u00e4lt Stra\u00dflach-Dingharting. V\u00f6llig leer gehen aus: Aschheim, Garching, Gr\u00e4felfing, Grasbrunn, Gr\u00fcnwald, Feldkirchen, Ismaning, Oberhaching, Planegg, Pullach, Putzbrunn, Neubiberg und Unterf\u00f6hring. Aus dem Finanzausgleich des Freistaats bekommt Haar eine Schl\u00fcsselzuweisung in H\u00f6he von 2,6 Millionen Euro, Neuried erh\u00e4lt 372 000 Euro, Ottobrunn 252 000 und Sch\u00e4ftlarn 556 000.<\/p>\n<p data-manual=\"paragraph\" data-schema-org-speakable=\"true\" class=\"css-1eosz7k\">Bayernweit werden knapp f\u00fcnf Milliarden \u00fcber den Finanzausgleich verteilt, das sind 131 Millionen Euro mehr als im Jahr davor. \u201eWir st\u00e4rken damit die kommunale Selbstverwaltung und erm\u00f6glichen passgenaue Angebote vor Ort\u201c, erkl\u00e4rt die Stimmkreisabgeordnete f\u00fcr den S\u00fcden des Landkreises, Kerstin Schreyer (CSU) aus Unterhaching. Der Kirchheimer Abgeordnete Maximilian B\u00f6ltl (CSU) aus dem Stimmkreis M\u00fcnchen-Land Nord betont zudem eine \u00c4nderung im Vergaberecht, die die Kommunen entlaste. Freih\u00e4ndige Vergaben von Bauleistungen bis eine Million Euro w\u00fcrden m\u00f6glich. Der Ausstieg aus den Verwendungsnachweisen sei eingeleitet. \u201eBeides spart Geld. Vor Ort, wo es am meisten gebraucht wird.\u201c<\/p>\n","protected":false},"excerpt":{"rendered":"Kurz vor Weihnachten legen Bund und Freistaat den Kommunen im Landkreis M\u00fcnchen mehrere Millionen Euro schwere Geldgeschenke unter&hellip;\n","protected":false},"author":2,"featured_media":639573,"comment_status":"","ping_status":"","sticky":false,"template":"","format":"standard","meta":{"footnotes":""},"categories":[1827],"tags":[772,29,30,11385,2527,1268,2339,18438,149,5534],"class_list":{"0":"post-639572","1":"post","2":"type-post","3":"status-publish","4":"format-standard","5":"has-post-thumbnail","7":"category-muenchen","8":"tag-bayern","9":"tag-deutschland","10":"tag-germany","11":"tag-kirchheim","12":"tag-landkreis-muenchen","13":"tag-muenchen","14":"tag-oberbayern","15":"tag-politik-im-landkreis-muenchen","16":"tag-sueddeutsche-zeitung","17":"tag-unterhaching"},"share_on_mastodon":{"url":"https:\/\/pubeurope.com\/@de\/115701944769546610","error":""},"_links":{"self":[{"href":"https:\/\/www.europesays.com\/de\/wp-json\/wp\/v2\/posts\/639572","targetHints":{"allow":["GET"]}}],"collection":[{"href":"https:\/\/www.europesays.com\/de\/wp-json\/wp\/v2\/posts"}],"about":[{"href":"https:\/\/www.europesays.com\/de\/wp-json\/wp\/v2\/types\/post"}],"author":[{"embeddable":true,"href":"https:\/\/www.europesays.com\/de\/wp-json\/wp\/v2\/users\/2"}],"replies":[{"embeddable":true,"href":"https:\/\/www.europesays.com\/de\/wp-json\/wp\/v2\/comments?post=639572"}],"version-history":[{"count":0,"href":"https:\/\/www.europesays.com\/de\/wp-json\/wp\/v2\/posts\/639572\/revisions"}],"wp:featuredmedia":[{"embeddable":true,"href":"https:\/\/www.europesays.com\/de\/wp-json\/wp\/v2\/media\/639573"}],"wp:attachment":[{"href":"https:\/\/www.europesays.com\/de\/wp-json\/wp\/v2\/media?parent=639572"}],"wp:term":[{"taxonomy":"category","embeddable":true,"href":"https:\/\/www.europesays.com\/de\/wp-json\/wp\/v2\/categories?post=639572"},{"taxonomy":"post_tag","embeddable":true,"href":"https:\/\/www.europesays.com\/de\/wp-json\/wp\/v2\/tags?post=639572"}],"curies":[{"name":"wp","href":"https:\/\/api.w.org\/{rel}","templated":true}]}}