{"id":639574,"date":"2025-12-11T16:45:33","date_gmt":"2025-12-11T16:45:33","guid":{"rendered":"https:\/\/www.europesays.com\/de\/639574\/"},"modified":"2025-12-11T16:45:33","modified_gmt":"2025-12-11T16:45:33","slug":"muenchen-heute-nachrichten-vom-11-12-2025-muenchen","status":"publish","type":"post","link":"https:\/\/www.europesays.com\/de\/639574\/","title":{"rendered":"M\u00fcnchen heute &#8211; Nachrichten vom 11.12.2025 &#8211; M\u00fcnchen"},"content":{"rendered":"<p data-manual=\"paragraph\" data-schema-org-speakable=\"true\" class=\"css-1eosz7k\"><strong>DER TAG IN <\/strong><strong><a href=\"https:\/\/www.sueddeutsche.de\/thema\/M%C3%BCnchen\" target=\"_blank\" rel=\"noopener\">M\u00dcNCHEN<\/a><\/strong><\/p>\n<p data-manual=\"paragraph\" data-schema-org-speakable=\"true\" class=\"css-1eosz7k\"><strong>\u201eMan bekommt sehr viel, wenn man Alkohol wegl\u00e4sst\u201c<\/strong> Felix Hutt hat fast t\u00e4glich getrunken, bevor er den Entschluss fasst, ein Jahr abstinent zu leben und dar\u00fcber ein Buch zu schreiben. Es wird ein Bestseller. <a href=\"https:\/\/www.sueddeutsche.de\/muenchen\/ein-jahr-ohne-alkohol-felix-hutt-selbstversuch-bestseller-interview-li.3341097\" target=\"_blank\" rel=\"noopener\">Und jetzt, ein Jahr danach (SZ Plus)?<\/a><\/p>\n<p data-manual=\"paragraph\" data-schema-org-speakable=\"true\" class=\"css-1eosz7k\"><strong>Warum Oldtimer durch M\u00fcnchens Untergrund rollen<\/strong> Die M\u00fcnchner Verkehrsgesellschaft muss weiter den Takt ausd\u00fcnnen, weil Fahrzeuge fehlen. <a href=\"https:\/\/www.sueddeutsche.de\/muenchen\/muenchen-u-bahn-mvg-einschraenkungen-li.3351604\" target=\"_blank\" rel=\"noopener\">Das hat auch mit der \u00dcberflutung eines Aluminiumwerks zu tun.<\/a><\/p>\n<p data-manual=\"paragraph\" data-schema-org-speakable=\"true\" class=\"css-1eosz7k\"><strong>Wohnungsverk\u00e4ufer wirbt mit Option auf schnelle Eigenbedarfsk\u00fcndigung \u2013 zu Recht?<\/strong> Bereits 2027 sollen K\u00e4ufer dreier Wohnungen im \u201eK\u00fcnstlerhaus\u201c in der Thalkirchner Stra\u00dfe den darin lebenden Mietern k\u00fcndigen k\u00f6nnen, hei\u00dft es in einem Verkaufsinserat. <a href=\"https:\/\/www.sueddeutsche.de\/muenchen\/muenchen-thalkirchner-strasse-wohnungsverkauf-eigenbedarf-mieterschutz-li.3352543\" target=\"_blank\" rel=\"noopener\">Doch Experten bezweifeln, dass das zul\u00e4ssig ist (SZ Plus).<\/a><\/p>\n<p data-manual=\"paragraph\" data-schema-org-speakable=\"true\" class=\"css-1eosz7k\"><strong>Vergewaltiger ringt sich zu sp\u00e4tem Gest\u00e4ndnis durch \u2013 Strafe erheblich verk\u00fcrzt<\/strong> Als die Eltern einer Sechsj\u00e4hrigen in der Geburtsklinik sind, vergeht sich ein \u201eFreund der Familie\u201c an dem M\u00e4dchen. <a href=\"https:\/\/www.sueddeutsche.de\/muenchen\/muenchen-sechsjaehrige-vergewaltigt-prozess-urteil-li.3352331\" target=\"_blank\" rel=\"noopener\">Angesichts der Schwere der Taten sieht der Verteidiger das Urteil als \u201egutes Ergebnis f\u00fcr uns\u201c (SZ Plus).<\/a><\/p>\n<p data-manual=\"paragraph\" data-schema-org-speakable=\"true\" class=\"css-1eosz7k\"><strong>Zwei Sterne f\u00fcrs schlechte Wetter \u2013 wie Gastronomen an Google-Bewertungen verzweifeln<\/strong> Die Rezensionen auf der m\u00e4chtigen Plattform sind essenziell f\u00fcrs Gesch\u00e4ft von Restaurants. Doch sie sind unberechenbar und k\u00f6nnen ungerecht sein. Wie gehen Wirte mit Kritik um? <a href=\"https:\/\/www.sueddeutsche.de\/muenchen\/gastronomie-google-bewertungen-restaurants-muenchen-folgen-li.3307546\" target=\"_blank\" rel=\"noopener\">Ist L\u00f6schen die beste Wahl (SZ Plus)?<\/a><\/p>\n<p data-manual=\"paragraph\" data-schema-org-speakable=\"true\" class=\"css-1eosz7k\"><strong>WEITERE NACHRICHTEN<\/strong><\/p>\n<p data-manual=\"paragraph\" data-schema-org-speakable=\"true\" class=\"css-1eosz7k\"><strong>Preissenkung bei den Stadtwerken:<\/strong>\u00a0<a href=\"https:\/\/www.sueddeutsche.de\/muenchen\/stadtwerke-muenchen-strompreis-2026-senkung-februar-billiger-li.3352847\" target=\"_blank\" rel=\"noopener\">F\u00fcr viele M\u00fcnchner wird der Strom billiger<\/a><\/p>\n<p data-manual=\"paragraph\" data-schema-org-speakable=\"true\" class=\"css-1eosz7k\"><strong>Stau auf Autobahnring M\u00fcnchen:<\/strong>\u00a0<a href=\"https:\/\/www.sueddeutsche.de\/muenchen\/muenchen-a99-autobahn-lkw-unfall-polizei-stau-ludwigsfeld-li.3353039\" target=\"_blank\" rel=\"noopener\">Lkw-Unfall hinterl\u00e4sst Tr\u00fcmmerfeld auf A99 \u2013 Bergung dauert ganzen Tag<\/a><\/p>\n<p data-manual=\"paragraph\" data-schema-org-speakable=\"true\" class=\"css-1eosz7k\"><strong>Prozess am Landgericht M\u00fcnchen:<\/strong>\u00a0<a href=\"https:\/\/www.sueddeutsche.de\/muenchen\/muenchen-prozess-gartenhaeuschen-brand-psychiatrie-li.3350010\" target=\"_blank\" rel=\"noopener\">Obdachloser bricht 23 Gartenh\u00e4uschen auf \u2013 und setzt zwei in Brand<\/a><\/p>\n<p data-manual=\"paragraph\" data-schema-org-speakable=\"true\" class=\"css-1eosz7k\"><strong>M\u00dcNCHEN ERLESEN<\/strong><\/p>\n<p><a href=\"https:\/\/www.sueddeutsche.de\/muenchen\/fuerstenfeldbruck\/stalin-spezialisten-blick-breuninger-sowjetunion-germering-li.3328583\" aria-label=\"Artikelverlinkung:\" data-track-szde=\"{&quot;event&quot;:&quot;teaser_clicked&quot;,&quot;teaser_clicked&quot;:{&quot;article_title&quot;:&quot;verschleppt_in_stalins_reich&quot;,&quot;doctype&quot;:&quot;&quot;,&quot;label&quot;:&quot;szplus&quot;,&quot;main_topic&quot;:&quot;landkreis_fuerstenfeldbruck&quot;,&quot;object_id&quot;:&quot;li.3328583&quot;,&quot;pcat&quot;:&quot;paid&quot;,&quot;section&quot;:&quot;fuerstenfeldbruck&quot;,&quot;teaser_type&quot;:&quot;article_teaser_top&quot;}}\" data-manual=\"teaser-url\" data-tb-link=\"\" aria-labelledby=\"teaser-httpswwwsueddeutschedemuenchenfuerstenfeldbruckstalin-spezialisten-blick-breuninger-sowjetunion-germering-li3328583\" class=\"css-14tg8sh\" target=\"_blank\" rel=\"noopener\"><img decoding=\"async\" src=\"https:\/\/www.europesays.com\/de\/wp-content\/uploads\/2025\/12\/3b13cc28-32cc-4f34-b478-db9167b73eeb.jpg\"   alt=\"\" loading=\"lazy\" class=\"css-8atqhb\"\/><\/p>\n<p>Nachkriegsschicksal<\/p>\n<p>:Verschleppt in Stalins Reich<\/p>\n<p class=\"css-a6ecqs\" data-manual=\"teaser-text\" data-tb-description=\"\" data-schema-org-speakable=\"true\">Der Germeringer Karl Breuninger verbrachte seine Kindheit in der UdSSR. Sein Vater sollte ein Flugabwehrsystem gegen die Spionagefl\u00fcge der USA entwickeln. Nach dem Krieg wurde der Physiker mit seiner Familie in die Sowjetunion deportiert.<\/p>\n<p><a href=\"https:\/\/www.sueddeutsche.de\/muenchen\/sz-gute-werke-karl-ulrich-vorsitzender-verein-spendenhilfswerk-der-sueddeutschen-zeitung-li.3348224\" aria-label=\"Artikelverlinkung:\" data-track-szde=\"{&quot;event&quot;:&quot;teaser_clicked&quot;,&quot;teaser_clicked&quot;:{&quot;article_title&quot;:&quot;die_in_der_not_sind_schreien_nicht&quot;,&quot;doctype&quot;:&quot;&quot;,&quot;label&quot;:&quot;&quot;,&quot;main_topic&quot;:&quot;leben_und_gesellschaft_in_muenchen&quot;,&quot;object_id&quot;:&quot;li.3348224&quot;,&quot;pcat&quot;:&quot;free&quot;,&quot;section&quot;:&quot;muenchen&quot;,&quot;teaser_type&quot;:&quot;article_teaser_top&quot;}}\" data-manual=\"teaser-url\" data-tb-link=\"\" aria-labelledby=\"teaser-httpswwwsueddeutschedemuenchensz-gute-werke-karl-ulrich-vorsitzender-verein-spendenhilfswerk-der-sueddeutschen-zeitung-li3348224\" class=\"css-14tg8sh\" target=\"_blank\" rel=\"noopener\"><img decoding=\"async\" src=\"https:\/\/www.europesays.com\/de\/wp-content\/uploads\/2025\/12\/4cb4546a-4ce4-4692-af29-902dfab1906a.jpg\"   alt=\"\" loading=\"lazy\" class=\"css-8atqhb\"\/><\/p>\n<p>SZ Gute Werke<\/p>\n<p>:\u201eDie in der Not sind, schreien nicht\u201c<\/p>\n<p class=\"css-a6ecqs\" data-manual=\"teaser-text\" data-tb-description=\"\" data-schema-org-speakable=\"true\">Nach 17 Jahren als erster Vorsitzender von SZ Gute Werke, dem Spendenhilfswerk der S\u00fcddeutschen Zeitung, gibt Karl Ulrich sein Amt auf. Im Interview erinnert er sich an bewegende Schicksale und blickt darauf zur\u00fcck, wie sich Armut in M\u00fcnchen ver\u00e4ndert hat.<\/p>\n<p>Interview von Karin Kampwerth<\/p>\n<p data-manual=\"paragraph\" data-schema-org-speakable=\"true\" class=\"css-1eosz7k\"><strong>UNSER KULTURTIPP<\/strong><\/p>\n<p><a href=\"https:\/\/www.sueddeutsche.de\/muenchen\/night-of-the-proms-2025-sportfreunde-stiller-apache-207-konzerte-muenchen-li.3330984\" aria-label=\"Artikelverlinkung:\" data-track-szde=\"{&quot;event&quot;:&quot;teaser_clicked&quot;,&quot;teaser_clicked&quot;:{&quot;article_title&quot;:&quot;alice_cooper_apache_207_co_diese_konzerte_im_dezember_sprengen_jeden_rahmen&quot;,&quot;doctype&quot;:&quot;&quot;,&quot;label&quot;:&quot;&quot;,&quot;main_topic&quot;:&quot;kultur_in_muenchen&quot;,&quot;object_id&quot;:&quot;li.3330984&quot;,&quot;pcat&quot;:&quot;metered&quot;,&quot;section&quot;:&quot;muenchen&quot;,&quot;teaser_type&quot;:&quot;article_teaser_top&quot;}}\" data-manual=\"teaser-url\" data-tb-link=\"\" aria-labelledby=\"teaser-httpswwwsueddeutschedemuenchennight-of-the-proms-2025-sportfreunde-stiller-apache-207-konzerte-muenchen-li3330984\" class=\"css-14tg8sh\" target=\"_blank\" rel=\"noopener\"><img decoding=\"async\" src=\"https:\/\/www.europesays.com\/de\/wp-content\/uploads\/2025\/12\/bd7de1ed-2ee3-4f93-ad31-5e05a74a5bf1.jpg\"   alt=\"\" loading=\"lazy\" class=\"css-8atqhb\"\/><\/p>\n<p>Was l\u00e4uft im M\u00fcnchner Pop?<\/p>\n<p>:Alice Cooper, Apache 207 &amp; Co.: Diese Konzerte im Dezember sprengen jeden Rahmen<\/p>\n<p class=\"css-a6ecqs\" data-manual=\"teaser-text\" data-tb-description=\"\" data-schema-org-speakable=\"true\">Dreimal gastiert die \u201eNight of The Proms\u201c mit Alice Cooper in der Olympiahalle, ebenso oft f\u00fcllt Apache 207 den Riesensaal. Daf\u00fcr machen sich andere erstaunlich klein auf der Jahres-Zielgeraden.<\/p>\n<p data-manual=\"paragraph\" data-schema-org-speakable=\"true\" class=\"css-1eosz7k\"><a href=\"https:\/\/www.sueddeutsche.de\/thema\/Restaurants\" target=\"_blank\" rel=\"noopener\">Restaurants in M\u00fcnchen<\/a> | <a href=\"https:\/\/www.sueddeutsche.de\/thema\/Bars\" target=\"_blank\" rel=\"noopener\">Bars in M\u00fcnchen<\/a> | <a href=\"https:\/\/www.sueddeutsche.de\/thema\/Fr%C3%BChst%C3%BCck_und_Brunch\" target=\"_blank\" rel=\"noopener\">Fr\u00fchst\u00fcck und Brunch<\/a><strong>Zu den Landkreisen:<\/strong> <a href=\"https:\/\/www.sueddeutsche.de\/muenchen\/wolfratshausen\" target=\"_blank\" rel=\"noopener\">Bad T\u00f6lz-Wolfratshausen<\/a> | <a href=\"https:\/\/www.sueddeutsche.de\/muenchen\/dachau\" target=\"_blank\" rel=\"noopener\">Dachau<\/a> | <a href=\"https:\/\/www.sueddeutsche.de\/muenchen\/ebersberg\" target=\"_blank\" rel=\"noopener\">Ebersberg<\/a> | <a href=\"https:\/\/www.sueddeutsche.de\/muenchen\/erding\" target=\"_blank\" rel=\"noopener\">Erding<\/a> | <a href=\"https:\/\/www.sueddeutsche.de\/muenchen\/freising\" target=\"_blank\" rel=\"noopener\">Freising<\/a> | <a href=\"https:\/\/www.sueddeutsche.de\/muenchen\/fuerstenfeldbruck\" target=\"_blank\" rel=\"noopener\">F\u00fcrstenfeldbruck<\/a> | <a href=\"https:\/\/www.sueddeutsche.de\/muenchen\/landkreismuenchen\" target=\"_blank\" rel=\"noopener\">M\u00fcnchen<\/a> | <a href=\"https:\/\/www.sueddeutsche.de\/muenchen\/starnberg\" target=\"_blank\" rel=\"noopener\">Starnberg<\/a><\/p>\n","protected":false},"excerpt":{"rendered":"DER TAG IN M\u00dcNCHEN \u201eMan bekommt sehr viel, wenn man Alkohol wegl\u00e4sst\u201c Felix Hutt hat fast t\u00e4glich getrunken,&hellip;\n","protected":false},"author":2,"featured_media":387201,"comment_status":"","ping_status":"","sticky":false,"template":"","format":"standard","meta":{"footnotes":""},"categories":[1827],"tags":[772,29,2634,30,5726,1268,2176,2338,2339,149],"class_list":{"0":"post-639574","1":"post","2":"type-post","3":"status-publish","4":"format-standard","5":"has-post-thumbnail","7":"category-muenchen","8":"tag-bayern","9":"tag-deutschland","10":"tag-gerichtsprozesse-in-muenchen","11":"tag-germany","12":"tag-immobilien-und-wohnen-in-muenchen","13":"tag-muenchen","14":"tag-mvg","15":"tag-newsletter","16":"tag-oberbayern","17":"tag-sueddeutsche-zeitung"},"share_on_mastodon":{"url":"https:\/\/pubeurope.com\/@de\/115701949750066518","error":""},"_links":{"self":[{"href":"https:\/\/www.europesays.com\/de\/wp-json\/wp\/v2\/posts\/639574","targetHints":{"allow":["GET"]}}],"collection":[{"href":"https:\/\/www.europesays.com\/de\/wp-json\/wp\/v2\/posts"}],"about":[{"href":"https:\/\/www.europesays.com\/de\/wp-json\/wp\/v2\/types\/post"}],"author":[{"embeddable":true,"href":"https:\/\/www.europesays.com\/de\/wp-json\/wp\/v2\/users\/2"}],"replies":[{"embeddable":true,"href":"https:\/\/www.europesays.com\/de\/wp-json\/wp\/v2\/comments?post=639574"}],"version-history":[{"count":0,"href":"https:\/\/www.europesays.com\/de\/wp-json\/wp\/v2\/posts\/639574\/revisions"}],"wp:featuredmedia":[{"embeddable":true,"href":"https:\/\/www.europesays.com\/de\/wp-json\/wp\/v2\/media\/387201"}],"wp:attachment":[{"href":"https:\/\/www.europesays.com\/de\/wp-json\/wp\/v2\/media?parent=639574"}],"wp:term":[{"taxonomy":"category","embeddable":true,"href":"https:\/\/www.europesays.com\/de\/wp-json\/wp\/v2\/categories?post=639574"},{"taxonomy":"post_tag","embeddable":true,"href":"https:\/\/www.europesays.com\/de\/wp-json\/wp\/v2\/tags?post=639574"}],"curies":[{"name":"wp","href":"https:\/\/api.w.org\/{rel}","templated":true}]}}