{"id":639579,"date":"2025-12-11T16:49:16","date_gmt":"2025-12-11T16:49:16","guid":{"rendered":"https:\/\/www.europesays.com\/de\/639579\/"},"modified":"2025-12-11T16:49:16","modified_gmt":"2025-12-11T16:49:16","slug":"berlin-brandenburg-rotes-rathaus-zeigt-gastgeschenke-aus-75-jahren","status":"publish","type":"post","link":"https:\/\/www.europesays.com\/de\/639579\/","title":{"rendered":"Berlin &#038; Brandenburg: Rotes Rathaus zeigt Gastgeschenke aus 75 Jahren"},"content":{"rendered":"<p>Berlin &amp; BrandenburgRotes Rathaus zeigt Gastgeschenke aus 75 Jahren<img decoding=\"async\" class=\"Image_img__fQCi0 Image_Img_16_9__4BLfH\" loading=\"eager\" fetchpriority=\"high\" src=\"https:\/\/www.europesays.com\/de\/wp-content\/uploads\/2025\/12\/Eine-Vitrine-der-Ausstellung-enthaelt-Goldgeschenke.webp.webp\" alt=\"Eine-Vitrine-der-Ausstellung-enthaelt-Goldgeschenke\"\/>(Foto: Elisa Schu\/dpa)TeilenFolgen auf:<a href=\"https:\/\/www.whatsapp.com\/channel\/0029Va5cdVJD8SDp5YZgYF01\" title=\"Auf WhatsApp folgen\" target=\"_blank\" rel=\"noopener\"><img decoding=\"async\" src=\"https:\/\/www.n-tv.de\/socialIcons\/whatsapp.svg\" alt=\"whatsapp\" class=\"ArticleShare_icon__FsrC2\"\/><\/a><a href=\"https:\/\/news.google.com\/publications\/CAAiEPMdif5mpRNxiLOeUpHCwwsqFAgKIhDzHYn-ZqUTcYiznlKRwsML?hl=de&amp;gl=DE&amp;ceid=DE%3Ade\" title=\"Auf Google News folgen\" target=\"_blank\" rel=\"noopener\"><img decoding=\"async\" src=\"https:\/\/www.n-tv.de\/socialIcons\/google.svg\" alt=\"whatsapp\" class=\"ArticleShare_icon__FsrC2\"\/><\/a><\/p>\n<p class=\"Typography_text-m__XI0da Typography_weight-bold__uT6mq storyline_lead_text_leadtext__q_wg8\">Von goldenen Erinnerungen bis zu skurrilen \u00dcberraschungen: Das Rote Rathaus pr\u00e4sentiert besondere Sch\u00e4tze, die offizielle Besucher in mehr als sieben Jahrzehnten mitbrachten.<\/p>\n<p class=\"Typography_text-default__P3otY Typography_weight-normal__pqUbH storyline_paragraph_p__qSR5N\">Berlin (dpa\/bb) &#8211; Goldkreationen, B\u00e4ren oder Porzellanfiguren: Wenn internationale Politiker, gekr\u00f6nte H\u00e4upter oder andere Promis bei offiziellen Berlin-Visiten das Rote Rathaus besuchen, bringen sie oft Gastgeschenke mit. 500 davon aus mehr als sieben Jahrzehnten sind dort in einer neuen Dauerausstellung zu sehen. Zuvor schlummerten sie teils seit sehr langer Zeit auf dem Dachboden des Rathauses.<\/p>\n<p class=\"Typography_text-default__P3otY Typography_weight-normal__pqUbH storyline_paragraph_p__qSR5N\">Die Schau tr\u00e4gt den Titel &#8222;Berlin packt aus \u2013 Gastgeschenke aus 75 Jahren&#8220; und wurde vom Regierenden B\u00fcrgermeister Kai Wegner (CDU) er\u00f6ffnet. Interessierte k\u00f6nnen sie sich w\u00e4hrend der \u00d6ffnungszeiten des Roten Rathauses montags bis freitags von 9.00 bis 18.00 Uhr kostenfrei anschauen.<\/p>\n<p class=\"Typography_text-default__P3otY Typography_weight-normal__pqUbH storyline_paragraph_p__qSR5N\">Zusammengestellt wurde die Ausstellung vom Stadtmuseum Berlin. Wie es hie\u00df, k\u00f6nnen viele der Pr\u00e4sente gar nicht mehr bestimmten Besuchern oder genauen Besuchsterminen zugeordnet werden, weil das nicht dokumentiert wurde. Sortiert sind sie daher zum Beispiel nach L\u00e4ndern.<\/p>\n<p class=\"Typography_text-default__P3otY Typography_weight-normal__pqUbH storyline_paragraph_p__qSR5N\">Blickfang ist eine Sammlung kunstvoller St\u00fccke aus echtem Gold. Teils skurril muten unterschiedlichste Varianten von Berliner B\u00e4ren an, die G\u00e4ste mitbrachten. In einer der Vitrinen werden wechselnd aktuelle Geschenke gezeigt.<\/p>\n<p class=\"Typography_text-s__wu_cm Typography_weight-normal__pqUbH Typography_color-darkgrey__sZEnP article-detail-footer_source__KslPc\">Quelle: dpa<\/p>\n","protected":false},"excerpt":{"rendered":"Berlin &amp; BrandenburgRotes Rathaus zeigt Gastgeschenke aus 75 Jahren(Foto: Elisa Schu\/dpa)TeilenFolgen auf: Von goldenen Erinnerungen bis zu skurrilen&hellip;\n","protected":false},"author":2,"featured_media":639580,"comment_status":"","ping_status":"","sticky":false,"template":"","format":"standard","meta":{"footnotes":""},"categories":[1816],"tags":[1960,1958,1959,1957,1956,1890,29,30],"class_list":{"0":"post-639579","1":"post","2":"type-post","3":"status-publish","4":"format-standard","5":"has-post-thumbnail","7":"category-brandenburg","8":"tag-aktuelle-nachrichten-aus-berlin-und-brandenburg","9":"tag-aktuelle-nachrichten-aus-brandenburg","10":"tag-aktuelle-news-aus-berlin-und-brandenburg","11":"tag-aktuelle-news-aus-brandenburg","12":"tag-berlin-und-brandenburg","13":"tag-brandenburg","14":"tag-deutschland","15":"tag-germany"},"share_on_mastodon":{"url":"","error":""},"_links":{"self":[{"href":"https:\/\/www.europesays.com\/de\/wp-json\/wp\/v2\/posts\/639579","targetHints":{"allow":["GET"]}}],"collection":[{"href":"https:\/\/www.europesays.com\/de\/wp-json\/wp\/v2\/posts"}],"about":[{"href":"https:\/\/www.europesays.com\/de\/wp-json\/wp\/v2\/types\/post"}],"author":[{"embeddable":true,"href":"https:\/\/www.europesays.com\/de\/wp-json\/wp\/v2\/users\/2"}],"replies":[{"embeddable":true,"href":"https:\/\/www.europesays.com\/de\/wp-json\/wp\/v2\/comments?post=639579"}],"version-history":[{"count":0,"href":"https:\/\/www.europesays.com\/de\/wp-json\/wp\/v2\/posts\/639579\/revisions"}],"wp:featuredmedia":[{"embeddable":true,"href":"https:\/\/www.europesays.com\/de\/wp-json\/wp\/v2\/media\/639580"}],"wp:attachment":[{"href":"https:\/\/www.europesays.com\/de\/wp-json\/wp\/v2\/media?parent=639579"}],"wp:term":[{"taxonomy":"category","embeddable":true,"href":"https:\/\/www.europesays.com\/de\/wp-json\/wp\/v2\/categories?post=639579"},{"taxonomy":"post_tag","embeddable":true,"href":"https:\/\/www.europesays.com\/de\/wp-json\/wp\/v2\/tags?post=639579"}],"curies":[{"name":"wp","href":"https:\/\/api.w.org\/{rel}","templated":true}]}}