{"id":639589,"date":"2025-12-11T16:54:13","date_gmt":"2025-12-11T16:54:13","guid":{"rendered":"https:\/\/www.europesays.com\/de\/639589\/"},"modified":"2025-12-11T16:54:13","modified_gmt":"2025-12-11T16:54:13","slug":"das-rote-rathaus-in-berlin-oeffnet-seine-schatzkammer","status":"publish","type":"post","link":"https:\/\/www.europesays.com\/de\/639589\/","title":{"rendered":"Das Rote Rathaus in Berlin \u00f6ffnet seine Schatzkammer"},"content":{"rendered":"<p class=\"tspCBne tspCBnf\">Goldkreationen, B\u00e4ren oder Porzellanfiguren: Wenn internationale Politiker, gekr\u00f6nte H\u00e4upter oder andere Promis bei offiziellen Berlin-Visiten das Rote Rathaus besuchen, bringen sie oft Gastgeschenke mit. 500 davon aus mehr als sieben Jahrzehnten sind dort in einer neuen Dauerausstellung zu sehen. Zuvor schlummerten sie teils seit sehr langer Zeit auf dem Dachboden des Rathauses.<\/p>\n<p>Tagesspiegel Checkpoint: Berlins beliebtester Newsletter<\/p>\n<p><img decoding=\"async\" src=\"https:\/\/www.europesays.com\/de\/wp-content\/uploads\/2025\/04\/cp-icon.png\" alt=\"\" class=\"tspCThn\"\/><\/p>\n<p class=\"tspCTpc\"> Der schnellste Berlin-\u00dcberblick von Montag bis Samstag. <\/p>\n<p class=\"tspCBne\">Die Schau tr\u00e4gt den Titel \u201eBerlin packt aus \u2013 Gastgeschenke aus 75 Jahren\u201c und wurde vom Regierenden B\u00fcrgermeister Kai Wegner (CDU) er\u00f6ffnet. Interessierte k\u00f6nnen sie sich w\u00e4hrend der \u00d6ffnungszeiten des Roten Rathauses montags bis freitags von 9.00 bis 18.00 Uhr kostenfrei anschauen.\u00a0<\/p>\n<p class=\"tspCBne\">Zusammengestellt wurde die Ausstellung vom Stadtmuseum Berlin. Wie es hie\u00df, k\u00f6nnen viele der Pr\u00e4sente gar nicht mehr bestimmten Besuchern oder genauen Besuchsterminen zugeordnet werden, weil das nicht dokumentiert wurde. Sortiert sind sie daher zum Beispiel nach L\u00e4ndern.\u00a0<\/p>\n<p> Mehr zum Roten Rathaus in Berlin <a href=\"https:\/\/www.tagesspiegel.de\/kultur\/berlins-vergesslichkeiten-wo-bleibt-eigentlich-das-archaologische-fenster-am-roten-rathaus-15027280.html?icid=topic-list_15044384___\" data-gtm-class=\"article-mzt-link\" data-hydrate-fingerprint=\"09740a54944caac75fd2c0c63fd5c5df\" data-hydrate-props=\"{&amp;escapedquot;element&amp;escapedquot;:{&amp;escapedquot;type&amp;escapedquot;:&amp;escapedquot;relatedContent&amp;escapedquot;,&amp;escapedquot;fieldMap&amp;escapedquot;:{},&amp;escapedquot;relation&amp;escapedquot;:{&amp;escapedquot;fields&amp;escapedquot;:{&amp;escapedquot;isPaid&amp;escapedquot;:false},&amp;escapedquot;href&amp;escapedquot;:&amp;escapedquot;\/kultur\/berlins-vergesslichkeiten-wo-bleibt-eigentlich-das-archaologische-fenster-am-roten-rathaus-15027280.html&amp;escapedquot;,&amp;escapedquot;teaserTitle&amp;escapedquot;:{&amp;escapedquot;kicker&amp;escapedquot;:&amp;escapedquot;Berlins Vergesslichkeiten&amp;escapedquot;,&amp;escapedquot;headline&amp;escapedquot;:&amp;escapedquot;Wo bleibt eigentlich das \u201eArch\u00e4ologische Fenster\u201c am Roten Rathaus? &amp;escapedquot;},&amp;escapedquot;id&amp;escapedquot;:&amp;escapedquot;15027280&amp;escapedquot;,&amp;escapedquot;type&amp;escapedquot;:&amp;escapedquot;story&amp;escapedquot;},&amp;escapedquot;isPartOfList&amp;escapedquot;:true,&amp;escapedquot;topicListType&amp;escapedquot;:&amp;escapedquot;topic-list&amp;escapedquot;},&amp;escapedquot;showArrow&amp;escapedquot;:true}\" data-hydrate-slots=\"{&#039;default&#039;:[]}\" class=\"tspCWpl\" rel=\"nofollow noopener\" target=\"_blank\">Berlins Vergesslichkeiten Wo bleibt eigentlich das \u201eArch\u00e4ologische Fenster\u201c am Roten Rathaus?  <\/a><a href=\"https:\/\/www.tagesspiegel.de\/berlin\/merz-pflichtbesuch-bei-wegner-in-berlin-ins-buch-der-stadt-schreibt-der-bundeskanzler-nur-das-minimum-15013427.html?icid=topic-list_15044384___\" data-gtm-class=\"article-mzt-link\" data-hydrate-fingerprint=\"09740a54944caac75fd2c0c63fd5c5df\" data-hydrate-props=\"{&amp;escapedquot;element&amp;escapedquot;:{&amp;escapedquot;type&amp;escapedquot;:&amp;escapedquot;relatedContent&amp;escapedquot;,&amp;escapedquot;fieldMap&amp;escapedquot;:{},&amp;escapedquot;relation&amp;escapedquot;:{&amp;escapedquot;fields&amp;escapedquot;:{&amp;escapedquot;isPaid&amp;escapedquot;:true},&amp;escapedquot;href&amp;escapedquot;:&amp;escapedquot;\/berlin\/merz-pflichtbesuch-bei-wegner-in-berlin-ins-buch-der-stadt-schreibt-der-bundeskanzler-nur-das-minimum-15013427.html&amp;escapedquot;,&amp;escapedquot;teaserTitle&amp;escapedquot;:{&amp;escapedquot;kicker&amp;escapedquot;:&amp;escapedquot;Merz\u2019 Pflichtbesuch bei Wegner in Berlin&amp;escapedquot;,&amp;escapedquot;headline&amp;escapedquot;:&amp;escapedquot;Ins Buch der Stadt schreibt der Bundeskanzler nur das Minimum&amp;escapedquot;},&amp;escapedquot;id&amp;escapedquot;:&amp;escapedquot;15013427&amp;escapedquot;,&amp;escapedquot;type&amp;escapedquot;:&amp;escapedquot;story&amp;escapedquot;},&amp;escapedquot;isPartOfList&amp;escapedquot;:true,&amp;escapedquot;topicListType&amp;escapedquot;:&amp;escapedquot;topic-list&amp;escapedquot;},&amp;escapedquot;showArrow&amp;escapedquot;:true}\" data-hydrate-slots=\"{&#039;default&#039;:[]}\" class=\"tspCWpl\" rel=\"nofollow noopener\" target=\"_blank\">Merz\u2019 Pflichtbesuch bei Wegner in Berlin Ins Buch der Stadt schreibt der Bundeskanzler nur das Minimum <\/a><a href=\"https:\/\/www.tagesspiegel.de\/berlin\/als-zeichen-gegen-todesstrafe-rotes-rathaus-in-berlin-leuchte-grun-14993540.html?icid=topic-list_15044384___\" data-gtm-class=\"article-mzt-link\" data-hydrate-fingerprint=\"09740a54944caac75fd2c0c63fd5c5df\" data-hydrate-props=\"{&amp;escapedquot;element&amp;escapedquot;:{&amp;escapedquot;type&amp;escapedquot;:&amp;escapedquot;relatedContent&amp;escapedquot;,&amp;escapedquot;fieldMap&amp;escapedquot;:{},&amp;escapedquot;relation&amp;escapedquot;:{&amp;escapedquot;fields&amp;escapedquot;:{&amp;escapedquot;isPaid&amp;escapedquot;:null},&amp;escapedquot;href&amp;escapedquot;:&amp;escapedquot;\/berlin\/als-zeichen-gegen-todesstrafe-rotes-rathaus-in-berlin-leuchte-grun-14993540.html&amp;escapedquot;,&amp;escapedquot;teaserTitle&amp;escapedquot;:{&amp;escapedquot;kicker&amp;escapedquot;:&amp;escapedquot;Als Zeichen gegen Todesstrafe&amp;escapedquot;,&amp;escapedquot;headline&amp;escapedquot;:&amp;escapedquot;Rotes Rathaus in Berlin leuchtete gr\u00fcn&amp;escapedquot;},&amp;escapedquot;id&amp;escapedquot;:&amp;escapedquot;14993540&amp;escapedquot;,&amp;escapedquot;type&amp;escapedquot;:&amp;escapedquot;story&amp;escapedquot;},&amp;escapedquot;isPartOfList&amp;escapedquot;:true,&amp;escapedquot;topicListType&amp;escapedquot;:&amp;escapedquot;topic-list&amp;escapedquot;},&amp;escapedquot;showArrow&amp;escapedquot;:true}\" data-hydrate-slots=\"{&#039;default&#039;:[]}\" class=\"tspCWpl\" rel=\"nofollow noopener\" target=\"_blank\">Als Zeichen gegen Todesstrafe Rotes Rathaus in Berlin leuchtete gr\u00fcn <\/a><\/p>\n<p class=\"tspCBne\">Blickfang ist eine Sammlung kunstvoller St\u00fccke aus echtem Gold. Teils skurril muten unterschiedlichste Varianten von Berliner B\u00e4ren an, die G\u00e4ste mitbrachten. In einer der Vitrinen werden wechselnd aktuelle Geschenke gezeigt. (dpa)<\/p>\n","protected":false},"excerpt":{"rendered":"Goldkreationen, B\u00e4ren oder Porzellanfiguren: Wenn internationale Politiker, gekr\u00f6nte H\u00e4upter oder andere Promis bei offiziellen Berlin-Visiten das Rote Rathaus&hellip;\n","protected":false},"author":2,"featured_media":639590,"comment_status":"","ping_status":"","sticky":false,"template":"","format":"standard","meta":{"footnotes":""},"categories":[1825],"tags":[296,29,30,27668],"class_list":{"0":"post-639589","1":"post","2":"type-post","3":"status-publish","4":"format-standard","5":"has-post-thumbnail","7":"category-berlin","8":"tag-berlin","9":"tag-deutschland","10":"tag-germany","11":"tag-kunst-in-berlin"},"share_on_mastodon":{"url":"https:\/\/pubeurope.com\/@de\/115701984682937899","error":""},"_links":{"self":[{"href":"https:\/\/www.europesays.com\/de\/wp-json\/wp\/v2\/posts\/639589","targetHints":{"allow":["GET"]}}],"collection":[{"href":"https:\/\/www.europesays.com\/de\/wp-json\/wp\/v2\/posts"}],"about":[{"href":"https:\/\/www.europesays.com\/de\/wp-json\/wp\/v2\/types\/post"}],"author":[{"embeddable":true,"href":"https:\/\/www.europesays.com\/de\/wp-json\/wp\/v2\/users\/2"}],"replies":[{"embeddable":true,"href":"https:\/\/www.europesays.com\/de\/wp-json\/wp\/v2\/comments?post=639589"}],"version-history":[{"count":0,"href":"https:\/\/www.europesays.com\/de\/wp-json\/wp\/v2\/posts\/639589\/revisions"}],"wp:featuredmedia":[{"embeddable":true,"href":"https:\/\/www.europesays.com\/de\/wp-json\/wp\/v2\/media\/639590"}],"wp:attachment":[{"href":"https:\/\/www.europesays.com\/de\/wp-json\/wp\/v2\/media?parent=639589"}],"wp:term":[{"taxonomy":"category","embeddable":true,"href":"https:\/\/www.europesays.com\/de\/wp-json\/wp\/v2\/categories?post=639589"},{"taxonomy":"post_tag","embeddable":true,"href":"https:\/\/www.europesays.com\/de\/wp-json\/wp\/v2\/tags?post=639589"}],"curies":[{"name":"wp","href":"https:\/\/api.w.org\/{rel}","templated":true}]}}