{"id":63959,"date":"2025-04-26T23:13:10","date_gmt":"2025-04-26T23:13:10","guid":{"rendered":"https:\/\/www.europesays.com\/de\/63959\/"},"modified":"2025-04-26T23:13:10","modified_gmt":"2025-04-26T23:13:10","slug":"heiligkeiten-und-dreistigkeiten-468-wdr-5-satire-deluxe-wdr-5-podcasts-und-audios-mediathek","status":"publish","type":"post","link":"https:\/\/www.europesays.com\/de\/63959\/","title":{"rendered":"Heiligkeiten und Dreistigkeiten (468) &#8211; WDR 5 Satire Deluxe &#8211; WDR 5 &#8211; Podcasts und Audios &#8211; Mediathek"},"content":{"rendered":"<p>\nWDR 5 Satire Deluxe.<br \/>\n26.04.2025.<br \/>\n54:03 Min..<br \/>\nVerf\u00fcgbar bis 26.04.2026.<br \/>\nWDR 5.\n<\/p>\n<p>\nJulia Kl\u00f6ckner engagiert sich daf\u00fcr, dass sich die Kirchen weniger politisch engagieren. Die CDU fragt sich unterdessen, wof\u00fcr eigentlich dieses &#8222;C&#8220; im Parteinamen steht.\n<\/p>\n<p>\nModeration: Henning Bornemann und Axel Naumer &#8211; Gast: J\u00fcrgen B. Hausmann &#8211; Mitwirkende: Tom Beinlich, Luksan Wunder, Hans Zippert, Doris Anselm, Christoph Tiemann, Jan Lukas Winter &#8211; Redaktion: Simon Strehlau\n<\/p>\n<p>Julia Kl\u00f6ckner engagiert sich daf\u00fcr, dass sich die Kirchen weniger politisch engagieren. Die CDU fragt sich unterdessen, wof\u00fcr eigentlich dieses &#8222;C&#8220; im Parteinamen steht.<\/p>\n<p>Aber vielleicht bedeutet Kl\u00f6ckners Forderung auch einfach nur das Gegenteil: Die Christlich Demokratische Union soll sich aus der Politik raushalten. Daf\u00fcr w\u00e4re Markus S\u00f6der in Bayern schon ein super Vorbild, denn wie er selbst sagte: das \u201eC\u201c in CSU steht f\u00fcr Commerziell.<\/p>\n<p>W\u00e4hrend die CDU also neue Bedeutungen f\u00fcr ihr &#8222;C&#8220; sucht, geht es beim BSW eher um dringend gesuchte W\u00e4hlerstimmen. &#8222;Eine Wahlstimme, leichte Gebrauchsspuren, funktioniert noch 1A&#8220; &#8211; Dieses Angebot hat Sahra Wagenknecht gerade in den Kleinanzeigen gefunden. Super, dann fehlen nur noch 9.528 Stimmen, bis zum Einzug in den Bundestag. Aber kein Stress, bis die gefunden sind, machen wir schon mal weiter.<\/p>\n<p>Und zwar mit unserem Studiogast Deluxe: J\u00fcrgen B. Hausmann alias J\u00fcrgen Beckers war einmal Latein- und Altgriechischlehrer. Er kennt sich also aus mit komplizierten Buchstabenkombinationen. Heute begeistert er das Publikum mit seinem Jubil\u00e4umsprogramm &#8222;Dat is e Ding&#8220; und erkl\u00e4rt, wie schnell man in Deutschland Lehrer werden kann &#8211; ob man will oder nicht.<\/p>\n<p><strong>Moderation<\/strong>: Henning Bornemann und Axel Naumer<\/p>\n<p><strong>Gast:<\/strong> <a href=\"https:\/\/www1.wdr.de\/radio\/wdr5\/sendungen\/satire-deluxe\/studiogast-deluxe-juergen-b-hausmann-100.html\" rel=\"nofollow noopener\" target=\"_blank\">J\u00fcrgen B. Hausman<\/a>n<\/p>\n<p><strong>Redaktion<\/strong>: Simon Strehlau<\/p>\n<p><strong>Mitwirkende<\/strong>: Tom Beinlich, Luksan Wunder, Hans Zippert, Doris Anselm, Christoph Tiemann, Jan Lukas Winter<\/p>\n<p><strong>Musik:<\/strong><\/p>\n<ul>\n<li>Everyone Says Hi<\/li>\n<li>Brain FreezeFrente!<\/li>\n<li>Ordinary AnglesSoft R\u00f6nin &#8211; Rumblin&#8216;<\/li>\n<li>The Bug Club &#8211; Have You Ever Been To Wales<\/li>\n<\/ul>\n<p><a href=\"https:\/\/www1.wdr.de\/radio\/wdr5\/sendungen\/satire-deluxe\/index.html\" rel=\"nofollow noopener\" target=\"_blank\">Alle Sendungen, alle Infos &#8211; Satire Deluxe auf wdr5.de<\/a><\/p>\n","protected":false},"excerpt":{"rendered":"WDR 5 Satire Deluxe. 26.04.2025. 54:03 Min.. Verf\u00fcgbar bis 26.04.2026. WDR 5. Julia Kl\u00f6ckner engagiert sich daf\u00fcr, dass&hellip;\n","protected":false},"author":2,"featured_media":63960,"comment_status":"","ping_status":"","sticky":false,"template":"","format":"standard","meta":{"footnotes":""},"categories":[1772],"tags":[29,214,30,1779,810,215],"class_list":{"0":"post-63959","1":"post","2":"type-post","3":"status-publish","4":"format-standard","5":"has-post-thumbnail","7":"category-musik","8":"tag-deutschland","9":"tag-entertainment","10":"tag-germany","11":"tag-music","12":"tag-musik","13":"tag-unterhaltung"},"share_on_mastodon":{"url":"https:\/\/pubeurope.com\/@de\/114406805064603266","error":""},"_links":{"self":[{"href":"https:\/\/www.europesays.com\/de\/wp-json\/wp\/v2\/posts\/63959","targetHints":{"allow":["GET"]}}],"collection":[{"href":"https:\/\/www.europesays.com\/de\/wp-json\/wp\/v2\/posts"}],"about":[{"href":"https:\/\/www.europesays.com\/de\/wp-json\/wp\/v2\/types\/post"}],"author":[{"embeddable":true,"href":"https:\/\/www.europesays.com\/de\/wp-json\/wp\/v2\/users\/2"}],"replies":[{"embeddable":true,"href":"https:\/\/www.europesays.com\/de\/wp-json\/wp\/v2\/comments?post=63959"}],"version-history":[{"count":0,"href":"https:\/\/www.europesays.com\/de\/wp-json\/wp\/v2\/posts\/63959\/revisions"}],"wp:featuredmedia":[{"embeddable":true,"href":"https:\/\/www.europesays.com\/de\/wp-json\/wp\/v2\/media\/63960"}],"wp:attachment":[{"href":"https:\/\/www.europesays.com\/de\/wp-json\/wp\/v2\/media?parent=63959"}],"wp:term":[{"taxonomy":"category","embeddable":true,"href":"https:\/\/www.europesays.com\/de\/wp-json\/wp\/v2\/categories?post=63959"},{"taxonomy":"post_tag","embeddable":true,"href":"https:\/\/www.europesays.com\/de\/wp-json\/wp\/v2\/tags?post=63959"}],"curies":[{"name":"wp","href":"https:\/\/api.w.org\/{rel}","templated":true}]}}