{"id":639591,"date":"2025-12-11T16:55:17","date_gmt":"2025-12-11T16:55:17","guid":{"rendered":"https:\/\/www.europesays.com\/de\/639591\/"},"modified":"2025-12-11T16:55:17","modified_gmt":"2025-12-11T16:55:17","slug":"seitenhieb-in-duerens-richtung-amira-aly-heizt-trennungsgeruechte-an","status":"publish","type":"post","link":"https:\/\/www.europesays.com\/de\/639591\/","title":{"rendered":"Seitenhieb in D\u00fcrens Richtung?: Amira Aly heizt Trennungsger\u00fcchte an"},"content":{"rendered":"<p>Seitenhieb in D\u00fcrens Richtung?Amira Aly heizt Trennungsger\u00fcchte an<\/p>\n<p>11.12.2025, 16:57 Uhr <\/p>\n<p>Artikel anh\u00f6ren(03:34 min)<\/p>\n<p><img decoding=\"async\" class=\"Image_img__fQCi0 Image_Img_16_9__4BLfH widget-picture-inline_maximizable__t_E7h\" loading=\"eager\" fetchpriority=\"high\" src=\"https:\/\/www.europesays.com\/de\/wp-content\/uploads\/2025\/12\/Amira-Aly-und-Christian-Dueren-zu-Gast-bei-der-Fashion-Show-von-Lascana-Summer-Club-im-Maaya-am-02.w.webp\" alt=\"Amira-Aly-und-Christian-Dueren-zu-Gast-bei-der-Fashion-Show-von-Lascana-Summer-Club-im-Maaya-am-02\"\/>Amira Aly und Christian D\u00fcren zu Gast bei einer Fashion Show im vergangenen Sommer. (Foto: picture alliance \/ ABBfoto)TeilenFolgen auf:<a href=\"https:\/\/www.whatsapp.com\/channel\/0029Va5cdVJD8SDp5YZgYF01\" title=\"Auf WhatsApp folgen\" target=\"_blank\" rel=\"noopener\"><img decoding=\"async\" src=\"https:\/\/www.n-tv.de\/socialIcons\/whatsapp.svg\" alt=\"whatsapp\" class=\"ArticleShare_icon__FsrC2\"\/><\/a><a href=\"https:\/\/news.google.com\/publications\/CAAiEPMdif5mpRNxiLOeUpHCwwsqFAgKIhDzHYn-ZqUTcYiznlKRwsML?hl=de&amp;gl=DE&amp;ceid=DE%3Ade\" title=\"Auf Google News folgen\" target=\"_blank\" rel=\"noopener\"><img decoding=\"async\" src=\"https:\/\/www.n-tv.de\/socialIcons\/google.svg\" alt=\"whatsapp\" class=\"ArticleShare_icon__FsrC2\"\/><\/a><\/p>\n<p class=\"Typography_text-m__XI0da Typography_weight-bold__uT6mq storyline_lead_text_leadtext__q_wg8\">Medienberichten zufolge soll es in der Beziehung von Amira Aly und Christian D\u00fcren kriseln. Sogar von Trennung ist die Rede. In ihrem Podcast heizt die Moderatorin die Ger\u00fcchte nun an, ger\u00e4t an einer Stelle aber auch ins Schw\u00e4rmen.<\/p>\n<p class=\"Typography_text-default__P3otY Typography_weight-normal__pqUbH storyline_paragraph_p__qSR5N\">Seit ein paar Tagen brodelt die Ger\u00fcchtek\u00fcche bez\u00fcglich der Beziehung von Amira Aly und Christian D\u00fcren. W\u00e4hrend ohnehin schon \u00fcber eine m\u00f6gliche Trennung spekuliert wird, heizt die 33-J\u00e4hrige das mit einer Bemerkung in ihrem Podcast weiter an. \u00dcber eine romantische Geste ihres Partners ger\u00e4t sie dann aber auch ins Schw\u00e4rmen.<\/p>\n<p class=\"Typography_text-default__P3otY Typography_weight-normal__pqUbH storyline_paragraph_p__qSR5N\">In &#8222;Iced Macho Latte&#8220; geht es um Dinge, die sie von einem Mann erwartet beziehungsweise an ihm nicht ausstehen kann. &#8222;Ich bin da sehr konservativ, ich bin da schon der Meinung, dass die M\u00e4nner die K\u00fcmmerer sein sollten&#8220;, erkl\u00e4rt Aly ihre Idealvorstellung von Rollenverteilung. Zudem d\u00fcrfe ein Mann nicht zu weich sein. &#8222;Da kriege ich das Kotzen. Die sind ja wirklich null abgeh\u00e4rtet heutzutage, die Jungs&#8220;, findet sie.<\/p>\n<p>Lieber keine Skinny Jeans<\/p>\n<p class=\"Typography_text-default__P3otY Typography_weight-normal__pqUbH storyline_paragraph_p__qSR5N\">Auch &#8222;Lange Haare&#8220; seien f\u00fcr sie ein No-Go. Daher w\u00fcrde &#8222;Aquaman&#8220;-Star Jason Momoa ihr &#8222;nicht ins Bett kommen&#8220;, verr\u00e4t Amira Aly scherzhaft. &#8222;Ich m\u00f6chte da einfach mit der Schere hinlaufen&#8220;, so die zweifache Mutter zu ihrer Podcast-Partnerin Paula Lambert. Ein weiterer Abturner seien Skinny Jeans. Das w\u00fcrde furchtbar aussehen, &#8222;als h\u00e4tte der eine Leggings an.&#8220; Dazu muss man wissen, dass auch Christian D\u00fcren dazu neigt, sehr enge Hosen zu tragen, sodass manch einer diese Aussage als Seitenhieb auf den Moderator verstehen k\u00f6nnte. <\/p>\n<p class=\"Typography_text-default__P3otY Typography_weight-normal__pqUbH storyline_paragraph_p__qSR5N\">Als es um Geschenke geht, berichtet Amira Aly dann aber von einem, das ihr der zwei Jahre \u00e4ltere D\u00fcren k\u00fcrzlich gemacht hat und das ihr viel bedeute. Auf die Frage von Lambert, ob es ein Pr\u00e4sent gebe, das sie nachhaltig beeindruckt habe, antwortet sie ohne lange zu \u00fcberlegen: &#8222;Ja. Gerade erst k\u00fcrzlich nat\u00fcrlich &#8211; das mit dem Fl\u00fcgel war schon wirklich krass. Ich laufe jeden Tag daran vorbei und sage: &#8218;Wow, was f\u00fcr ein krasses Geschenk&#8216;, weil es auch einen emotionalen Wert hat nat\u00fcrlich.&#8220;<\/p>\n<p class=\"Typography_text-default__P3otY Typography_weight-normal__pqUbH storyline_paragraph_p__qSR5N\">Dabei handelt es sich um einen schwarzen Fl\u00fcgel, den D\u00fcren seiner Liebsten im August, kurz vor dem Einzug in ihr neues Haus in K\u00f6ln, geschenkt hat. Eine Aktion, die Aly zu Tr\u00e4nen r\u00fchrte, wie in einem Instagram-Video zu sehen war. Im Podcast betont sie nun, sie habe in ihrem Leben schon viele gro\u00dfartige Geschenke bekommen und sei daf\u00fcr &#8222;sehr, sehr dankbar&#8220;. Besonders liebe sie \u00dcberraschungen, etwa wenn Freunde unangek\u00fcndigt vor der T\u00fcr st\u00fcnden. In diesem Zusammenhang erw\u00e4hnt sie D\u00fcren noch einmal. Zu ihrem letzten Geburtstag habe &#8222;Christian ja organisiert&#8220;, dass ihre Freunde abends \u00fcberraschend in einem Restaurant auf sie gewartet h\u00e4tten. F\u00fcr sie ein Volltreffer: &#8222;Es wird nie langweilig, ich liebe das.&#8220; Nach Trennung klingt das nicht wirklich.<\/p>\n<p>Weihnachten ohne Familie<\/p>\n<p class=\"Typography_text-default__P3otY Typography_weight-normal__pqUbH storyline_paragraph_p__qSR5N\">W\u00e4hrend Paula Lambert erz\u00e4hlt, dass ihr Geschenke zu Weihnachten nichts bedeuteten und sie es besser finde, nichts auspacken zu m\u00fcssen, sieht Aly das g\u00e4nzlich anders. &#8222;Ich f\u00e4nde das richtig schei\u00dfe, wahrscheinlich bl\u00fcht mir das dieses Weihnachten, nichts auszupacken. Du hast kein Paket unterm Baum, das ist doch kein Weihnachten.&#8220; <\/p>\n<p class=\"Typography_text-default__P3otY Typography_weight-normal__pqUbH storyline_paragraph_p__qSR5N\">F\u00fcr die Moderatorin und Influencerin wird dieses Jahr Weihnachten n\u00e4mlich anders als \u00fcblich. Wie sie dem Magazin &#8222;Bunte&#8220; erz\u00e4hlte, wird sie &#8222;allein mit den Kindern zu Hause&#8220; sitzen, was sie &#8222;sehr traurig&#8220; mache. Das hat vor allem organisatorische Gr\u00fcnde: Bruder Hima wird \u00fcber die Feiertage nach London reisen, Alys Mutter arbeitet an Heiligabend in \u00d6sterreich und ihr Stiefvater fliegt zu seiner Familie in die USA. Was Christian D\u00fcren an diesem besonderen Abend vorhat, lie\u00df Amira Aly \u00fcbrigens offen. <\/p>\n<p class=\"Typography_text-s__wu_cm Typography_weight-normal__pqUbH Typography_color-darkgrey__sZEnP article-detail-footer_source__KslPc\">Quelle: ntv.de, nan<\/p>\n","protected":false},"excerpt":{"rendered":"Seitenhieb in D\u00fcrens Richtung?Amira Aly heizt Trennungsger\u00fcchte an 11.12.2025, 16:57 Uhr Artikel anh\u00f6ren(03:34 min) Amira Aly und Christian&hellip;\n","protected":false},"author":2,"featured_media":639592,"comment_status":"","ping_status":"","sticky":false,"template":"","format":"standard","meta":{"footnotes":""},"categories":[1776],"tags":[1801,29,214,30,152,811,1802,684,215,12289],"class_list":{"0":"post-639591","1":"post","2":"type-post","3":"status-publish","4":"format-standard","5":"has-post-thumbnail","7":"category-prominente","8":"tag-celebrities","9":"tag-deutschland","10":"tag-entertainment","11":"tag-germany","12":"tag-instagram","13":"tag-promi-paare","14":"tag-prominente","15":"tag-tv","16":"tag-unterhaltung","17":"tag-weihnachten"},"share_on_mastodon":{"url":"https:\/\/pubeurope.com\/@de\/115701988489951164","error":""},"_links":{"self":[{"href":"https:\/\/www.europesays.com\/de\/wp-json\/wp\/v2\/posts\/639591","targetHints":{"allow":["GET"]}}],"collection":[{"href":"https:\/\/www.europesays.com\/de\/wp-json\/wp\/v2\/posts"}],"about":[{"href":"https:\/\/www.europesays.com\/de\/wp-json\/wp\/v2\/types\/post"}],"author":[{"embeddable":true,"href":"https:\/\/www.europesays.com\/de\/wp-json\/wp\/v2\/users\/2"}],"replies":[{"embeddable":true,"href":"https:\/\/www.europesays.com\/de\/wp-json\/wp\/v2\/comments?post=639591"}],"version-history":[{"count":0,"href":"https:\/\/www.europesays.com\/de\/wp-json\/wp\/v2\/posts\/639591\/revisions"}],"wp:featuredmedia":[{"embeddable":true,"href":"https:\/\/www.europesays.com\/de\/wp-json\/wp\/v2\/media\/639592"}],"wp:attachment":[{"href":"https:\/\/www.europesays.com\/de\/wp-json\/wp\/v2\/media?parent=639591"}],"wp:term":[{"taxonomy":"category","embeddable":true,"href":"https:\/\/www.europesays.com\/de\/wp-json\/wp\/v2\/categories?post=639591"},{"taxonomy":"post_tag","embeddable":true,"href":"https:\/\/www.europesays.com\/de\/wp-json\/wp\/v2\/tags?post=639591"}],"curies":[{"name":"wp","href":"https:\/\/api.w.org\/{rel}","templated":true}]}}