{"id":639595,"date":"2025-12-11T16:58:16","date_gmt":"2025-12-11T16:58:16","guid":{"rendered":"https:\/\/www.europesays.com\/de\/639595\/"},"modified":"2025-12-11T16:58:16","modified_gmt":"2025-12-11T16:58:16","slug":"make-love-fake-love-johannes-veraergert-elena-miras-unterhaltung","status":"publish","type":"post","link":"https:\/\/www.europesays.com\/de\/639595\/","title":{"rendered":"\u201eMake Love Fake Love\u201c: Johannes ver\u00e4rgert Elena Miras | Unterhaltung"},"content":{"rendered":"<p>Athen \u2013 <b>Die Masken fallen \u2013 und das wird einigen zum Verh\u00e4ngnis. Single-Mama Elena Miras (33) \u00f6ffnet sich bei der RTL-Show \u201eMake Love, Fake Love\u201c immer mehr \u2013 und mit ihr \u00f6ffnen sich auch die M\u00e4nner. Doch einer redet sich dabei um Kopf und Kragen!<\/b><\/p>\n<p>Das Konzept der Show (aktuell abrufbar bei RTL+): Elena sucht \u2013 \u00e4hnlich wie bei der \u201eBachelorette\u201c \u2013 unter mehreren M\u00e4nnern ihren Partner. Der Haken: Einige Kandidaten sind in festen H\u00e4nden. Wer es schafft, das zu verheimlichen, gewinnt ein Preisgeld. Wer verd\u00e4chtig erscheint, kassiert hingegen eine (verbale) Ohrfeige von Elena.<\/p>\n<p>Kandidat Johannes (32) tritt n\u00e4mlich bei der fr\u00fcheren Dschungelcamperin ins Fettn\u00e4pfchen \u2013 und zwar mit Vollgas!<\/p>\n<p><img decoding=\"async\" width=\"992\" height=\"1458\" alt=\"\" src=\"https:\/\/www.europesays.com\/de\/wp-content\/uploads\/2025\/12\/119b451e22876c3e95bf7108f212b990,74b89f95\"   class=\"dynamic\" loading=\"lazy\"\/><\/p>\n<p>Foto: RTL\/Strojny <\/p>\n<p>Im Einzelgespr\u00e4ch mit Miras will Johannes eigentlich nur erkl\u00e4ren, wie er im Reality-TV gelandet ist. Doch dann sagt er pl\u00f6tzlich: \u201eDa hab\u2019 ich \u00fcberlegt, was man machen kann, und dachte ans Sommerhaus.\u201c<\/p>\n<p>Klare Ansage von Elena Miras an Johannes<\/p>\n<p>Das Problem: Single-Format und Sommerhaus passen so gar nicht zusammen. Elena ist sofort alarmiert: \u201eEy, Sommerhaus kannst du nicht machen. Dann hast du eine Freundin.\u201c In der RTL-Show treten schlie\u00dflich nur Paare gemeinsam an. In diesem Jahr mussten etwa <a href=\"https:\/\/www.bild.de\/unterhaltung\/tv-fernsehformate\/das-sommerhaus-der-stars-promi-paar-trennt-sich-kurz-vor-drehstart-6836d2af65affa2cddcddcf8\" class=\"text-link\" target=\"_blank\" rel=\"noopener\">Schauspielerin Jenefer Riili (32, \u201eBerlin Tag &amp; Nacht\u201c) und Fu\u00dfballer Daniel Wein (31, u. a. TSV 1860 M\u00fcnchen) <\/a>vor dem Start aussortiert werden, weil sie sich trennten. <\/p>\n<p>Mehr zum Thema<\/p>\n<p>Johannes ist baff und begriffsstutzig in einem: \u201eWie?\u201c Er schiebt schnell hinterher: \u201eIch habe keine Freundin.\u201c Doch die Kurve kriegt er nicht mehr. Das Misstrauen bei der temperamentvollen Schweizerin ist geweckt. <\/p>\n<p>Als Johannes dann auch noch beteuert, er habe keine Ahnung von Trash-TV, ist f\u00fcr Elena der Fall klar: \u201eJetzt glaub\u2019 ich dir auch nicht mehr.\u201c<\/p>\n<p>\u201eIch hab\u2019 ihren Kopf gerade gefickt\u201c<\/p>\n<p>Was bleibt, ist ein bel\u00e4mmerter Johannes \u2013 und ein peinliches Gest\u00e4ndnis unter den Jungs. \u201eIch habe ihren Kopf gerade gefickt\u201c, platzt es aus ihm heraus. Die Unsicherheit w\u00e4chst, der R\u00fcckstand zu den anderen wohl auch. Immerhin: Am Ende der Folge sortierte Elena nicht ihn aus, sondern Konkurrent Marvin. Denn auch bei ihm hat sie den Verdacht: \u201eIch glaube, dass er in einer Beziehung ist.\u201c Gl\u00fcck gehabt!<\/p>\n<p>In der neuen \u201eMake Love Fake Love\u201c-Folge betrat aber auch ein Neuer die B\u00fchne: Patrick, genannt \u201ePapa\u201c (27). Der Spitzname passt \u2013 der Sonnyboy hat bereits zwei Kinder. F\u00fcr Elena ein Volltreffer! \u201eSch\u00f6n, dass du Kinder hast. Mag ich\u201c, sagt sie und strahlt \u00fcbers ganze Gesicht.<\/p>\n<p> An dieser Stelle findest du Inhalte aus Instagram <\/p>\n<p> Um mit Inhalten aus Instagram und anderen sozialen Netzwerken zu interagieren oder diese darzustellen, brauchen wir deine Zustimmung. <\/p>\n<p> soziale Netzwerke aktivieren  Um eingebettete Inhalte anzuzeigen, ist Ihre jederzeit widerrufliche Einwilligung (\u00fcber den Schalter oder \u00fcber &#8220; <a class=\"embed-placeholder__text-link\" href=\"#\" rel=\"noopener noreferrer\" title=\"Tracking widerrufen\"> Widerruf Tracking und Cookies<\/a> &#8220; am Seitenende) zur Verarbeitung personenbezogener Daten n\u00f6tig.  Dabei k\u00f6nnen Daten in Drittl\u00e4nder wie die USA \u00fcbermittelt werden (Art. 49 Abs. 1 lit. a DSGVO). Mit dem Aktivieren des Inhalts stimmen Sie zu. Weitere Infos finden Sie <a class=\"embed-placeholder__text-link\" href=\"#\" rel=\"noopener noreferrer\" title=\"Zu den Privatsph\u00e4re Einstellungen\"> hier<\/a>. <\/p>\n<p>Sie ist schlie\u00dflich selbst Mutter einer Tochter. Aylen (7) stammt aus ihrer Beziehung mit Reality-Kollege Mike Heiter (33, heute mit Leyla verheiratet).<\/p>\n<p>Mit dem war sie \u00fcbrigens im \u201eSommerhaus\u201c \u2013 falls Johannes anhand ihrer Staffel noch einmal recherchieren m\u00f6chte, was f\u00fcr eine Show das genau ist. <\/p>\n","protected":false},"excerpt":{"rendered":"Athen \u2013 Die Masken fallen \u2013 und das wird einigen zum Verh\u00e4ngnis. Single-Mama Elena Miras (33) \u00f6ffnet sich&hellip;\n","protected":false},"author":2,"featured_media":639596,"comment_status":"","ping_status":"","sticky":false,"template":"","format":"standard","meta":{"footnotes":""},"categories":[1773],"tags":[29,933,65726,214,30,12015,640,471,1780,9812,138370,45,215],"class_list":{"0":"post-639595","1":"post","2":"type-post","3":"status-publish","4":"format-standard","5":"has-post-thumbnail","7":"category-serien","8":"tag-deutschland","9":"tag-dschungelcamp","10":"tag-elena-miras","11":"tag-entertainment","12":"tag-germany","13":"tag-reality-show","14":"tag-rtl","15":"tag-serien","16":"tag-series","17":"tag-sommerhaus-der-stars","18":"tag-team-first","19":"tag-texttospeech","20":"tag-unterhaltung"},"share_on_mastodon":{"url":"https:\/\/pubeurope.com\/@de\/115702000938218587","error":""},"_links":{"self":[{"href":"https:\/\/www.europesays.com\/de\/wp-json\/wp\/v2\/posts\/639595","targetHints":{"allow":["GET"]}}],"collection":[{"href":"https:\/\/www.europesays.com\/de\/wp-json\/wp\/v2\/posts"}],"about":[{"href":"https:\/\/www.europesays.com\/de\/wp-json\/wp\/v2\/types\/post"}],"author":[{"embeddable":true,"href":"https:\/\/www.europesays.com\/de\/wp-json\/wp\/v2\/users\/2"}],"replies":[{"embeddable":true,"href":"https:\/\/www.europesays.com\/de\/wp-json\/wp\/v2\/comments?post=639595"}],"version-history":[{"count":0,"href":"https:\/\/www.europesays.com\/de\/wp-json\/wp\/v2\/posts\/639595\/revisions"}],"wp:featuredmedia":[{"embeddable":true,"href":"https:\/\/www.europesays.com\/de\/wp-json\/wp\/v2\/media\/639596"}],"wp:attachment":[{"href":"https:\/\/www.europesays.com\/de\/wp-json\/wp\/v2\/media?parent=639595"}],"wp:term":[{"taxonomy":"category","embeddable":true,"href":"https:\/\/www.europesays.com\/de\/wp-json\/wp\/v2\/categories?post=639595"},{"taxonomy":"post_tag","embeddable":true,"href":"https:\/\/www.europesays.com\/de\/wp-json\/wp\/v2\/tags?post=639595"}],"curies":[{"name":"wp","href":"https:\/\/api.w.org\/{rel}","templated":true}]}}