{"id":639597,"date":"2025-12-11T16:59:15","date_gmt":"2025-12-11T16:59:15","guid":{"rendered":"https:\/\/www.europesays.com\/de\/639597\/"},"modified":"2025-12-11T16:59:15","modified_gmt":"2025-12-11T16:59:15","slug":"haftbefehl-kuendigt-comeback-tour-an-und-kommt-in-die-frankfurter-festhalle","status":"publish","type":"post","link":"https:\/\/www.europesays.com\/de\/639597\/","title":{"rendered":"Haftbefehl k\u00fcndigt Comeback-Tour an \u2013 und kommt in die Frankfurter Festhalle"},"content":{"rendered":"<ol class=\"id-DonaldBreadcrumb lp_west_breadcrumb id-DonaldBreadcrumb--default\" data-k5a-pos=\"west_breadcrumb\">\n<li class=\"id-Breadcrumb-item\"><a href=\"https:\/\/www.fr.de\/\" class=\"id-Breadcrumb-link\" data-id-ec=\"{\" shn=\"\" textlink=\"\" data-k5a-pos=\"1_startseite\" target=\"_blank\" rel=\"noopener\">Startseite<\/a><\/li>\n<li class=\"id-Breadcrumb-item\"><a href=\"https:\/\/www.fr.de\/frankfurt\/\" class=\"id-Breadcrumb-link\" data-id-ec=\"{\" shn=\"\" textlink=\"\" data-k5a-pos=\"2_frankfurt\" target=\"_blank\" rel=\"noopener\">Frankfurt<\/a><\/li>\n<\/ol>\n<p class=\"id-Story-timestamp id-Story-timestamp--default\">Stand: 11.12.2025, 15:00 Uhr<\/p>\n<p class=\"id-Story-authors id-Story-authors--default\">Von: <a class=\"id-Story-authors-link lp_west_author\" href=\"https:\/\/www.fr.de\/autor\/niklas-hecht-r5gua4g5.html\" title=\"Zur Autorenseite von Niklas Hecht\" data-id-ec=\"{\" shn=\"\" author-link=\"\" hecht=\"\" data-k5a-pos=\"west_author\" target=\"_blank\" rel=\"noopener\">Niklas Hecht<\/a><\/p>\n<p class=\"id-Story-interactionBar id-Story-interactionBar--default\">DruckenTeilen<\/p>\n<p><img decoding=\"async\" class=\"id-RatioPlaceholder-element wv_story_el_image\" src=\"https:\/\/www.europesays.com\/de\/wp-content\/uploads\/2025\/12\/40544352-haftbefehl-nach-der-gefeierten-babo-doku-bei-netflix-praesentiert-haftbefehl-jetzt-auch-neu.jpeg\" loading=\"eager\" fetchpriority=\"high\"   height=\"792\" width=\"1408\" alt=\"Haftbefehl - Nach der gefeierten &quot;Babo&quot;-Doku bei Netflix pr&#xE4;sentiert Haftbefehl jetzt auch neue Musik: die t&#xFC;rkische Single &quot;D&#xFC;nya Garip&quot;.\"\/>Nach der gefeierten &#8222;Babo&#8220;-Doku bei Netflix pr\u00e4sentiert Haftbefehl jetzt auch neue Musik: die t\u00fcrkische Single &#8222;d\u00fcnya garip&#8220;. \u00a9\u00a0Tarek Mawad<\/p>\n<p class=\"id-StoryElement-leadText\">Erst neue Musik, jetzt eine Tour-Ank\u00fcndigung: Rapper Haftbefehl meldet sich nach Netflixdoku und Entzug zur\u00fcck. 2026 spielt er in der Festhalle.<\/p>\n<p class=\"id-StoryElement-paragraph\">Frankfurt \u2013 Kann das klappen? In \u201eBabo \u2013 Die Haftbefehl-Story\u201c haben wir zuletzt gesehen, wie seine <a href=\"https:\/\/www.fr.de\/hessen\/doku-ueber-rapper-haftbefehl-aykut-koennen-wir-das-zeigen-erschuetternde-netflix-zr-94009787.html\" class=\"id-import-Link\" data-id-ec=\"{&quot;sht&quot;:&quot;Container&quot;,&quot;shn&quot;:&quot;Story&quot;,&quot;p&quot;:{&quot;containerType&quot;:&quot;Paragraph&quot;,&quot;displayType&quot;:&quot;Paragraph InlineLink&quot;,&quot;type&quot;:&quot;INLINE_LINK&quot;,&quot;value&quot;:&quot;Kokainsucht den Rapper v&#xF6;llig zerst&#xF6;rt hat&quot;,&quot;variant&quot;:&quot;standardLink&quot;,&quot;sponsored&quot;:false,&quot;linkHref&quot;:&quot;https:\/\/www.fr.de\/hessen\/doku-ueber-rapper-haftbefehl-aykut-koennen-wir-das-zeigen-erschuetternde-netflix-zr-94009787.html&quot;,&quot;storyElementPosition&quot;:8,&quot;storyElementCount&quot;:14}}\" target=\"_blank\" rel=\"noopener\">Kokainsucht den Rapper v\u00f6llig zerst\u00f6rt hat<\/a>, bis er Auftritte abbrechen und mit seiner Familie nicht mehr in den Urlaub fahren konnte. Nun hat Aykut Anhan f\u00fcr 2026 eine kleine Arena-Tour angek\u00fcndigt. Am 20. September will \u201eBaba Haft\u201c in der Frankfurter Festhalle auftreten, au\u00dferdem in D\u00fcsseldorf und K\u00f6ln spielen.<\/p>\n<p class=\"id-StoryElement-paragraph\">Die Doku verl\u00e4sst den 39-J\u00e4hrigen im November 2024, da hat ihn sein Bruder gerade gegen seinen Willen in eine Entzugsklinik in der T\u00fcrkei eingewiesen. Diese scheint Fr\u00fcchte zu tragen. Interviews gibt Haftbefehl aktuell nicht, aber der Zeit  erz\u00e4hlte er per Sprachnachricht zuletzt von der Entstehung seiner neuen Single \u201ed\u00fcnya garip\u201c. Erstmals singt er da ausschlie\u00dflich auf T\u00fcrkisch. Der Rapper habe sich \u201ereinvertieft\u201c in die Zeit, als er mit 18 eine Weile in Istanbul gelebt habe, sagte er der Wochenzeitung. Der Song sei \u201eaus der Sicht eines jungen Typen, der da\u00a0lost\u00a0ist, ohne Perspektive. Das kann aber jeder sein. Auch in Frankfurt. \u00dcberall.\u201c <\/p>\n<p>Haftbefehl spielt 2026 in der Festhalle Frankfurt<\/p>\n<p class=\"id-StoryElement-paragraph\">Auch aufgetreten ist der Offenbacher Rapper seit Erscheinen der Doku schon. Es waren kleine Clubauftritte in Osnabr\u00fcck und Gie\u00dfen. Nach <a href=\"https:\/\/www.giessener-allgemeine.de\/giessen\/war-das-trotz-kuerze-loest-haftbefehl-konzert-in-giessen-begeisterungsstuerme-aus-94040345.html\" class=\"id-import-Link id-pageApi-Link--externalDomain\" data-id-ec=\"{&quot;sht&quot;:&quot;Container&quot;,&quot;shn&quot;:&quot;Story&quot;,&quot;p&quot;:{&quot;containerType&quot;:&quot;Paragraph&quot;,&quot;displayType&quot;:&quot;Paragraph InlineLink&quot;,&quot;type&quot;:&quot;INLINE_LINK&quot;,&quot;value&quot;:&quot;vier Songs war die Show im Gie&#xDF;ener Club La Louve allerdings auch schon wieder beendet&quot;,&quot;variant&quot;:&quot;standardLink&quot;,&quot;sponsored&quot;:false,&quot;linkHref&quot;:&quot;https:\/\/www.giessener-allgemeine.de\/giessen\/war-das-trotz-kuerze-loest-haftbefehl-konzert-in-giessen-begeisterungsstuerme-aus-94040345.html&quot;,&quot;storyElementPosition&quot;:12,&quot;storyElementCount&quot;:14}}\" target=\"_blank\" rel=\"noopener\">vier Songs war die Show im Gie\u00dfener Club La Louve allerdings auch schon wieder beendet<\/a>. Doch allein das w\u00e4re vor einem Jahr unvorstellbar gewesen, wenn man der Doku Glauben schenken kann.<\/p>\n<p class=\"id-StoryElement-paragraph\">Seine deformierte Nase verbirgt \u201eHafti\u201c seit der Doku-Premiere Ende Oktober stets unter einer Maske. Er hat aber deutlich abgenommen, seit Ende der Dreharbeiten. \u201eHaftbefehl kehrt 2026 zur\u00fcck auf die gro\u00dfe B\u00fchne!\u201c, hei\u00dft es in der Tour-Ank\u00fcndigung. Einen Testlauf daf\u00fcr gibt es schon im Sommer. Da tritt der Rapper auf dem Frankfurter Festival World Club Dome auf. Und will zeigen, dass er den Kampf gegen die Drogen gewonnen hat.<\/p>\n","protected":false},"excerpt":{"rendered":"Startseite Frankfurt Stand: 11.12.2025, 15:00 Uhr Von: Niklas Hecht DruckenTeilen Nach der gefeierten &#8222;Babo&#8220;-Doku bei Netflix pr\u00e4sentiert Haftbefehl&hellip;\n","protected":false},"author":2,"featured_media":639598,"comment_status":"","ping_status":"","sticky":false,"template":"","format":"standard","meta":{"footnotes":""},"categories":[1772],"tags":[29,214,30,1779,810,215],"class_list":{"0":"post-639597","1":"post","2":"type-post","3":"status-publish","4":"format-standard","5":"has-post-thumbnail","7":"category-musik","8":"tag-deutschland","9":"tag-entertainment","10":"tag-germany","11":"tag-music","12":"tag-musik","13":"tag-unterhaltung"},"share_on_mastodon":{"url":"https:\/\/pubeurope.com\/@de\/115702004894290557","error":""},"_links":{"self":[{"href":"https:\/\/www.europesays.com\/de\/wp-json\/wp\/v2\/posts\/639597","targetHints":{"allow":["GET"]}}],"collection":[{"href":"https:\/\/www.europesays.com\/de\/wp-json\/wp\/v2\/posts"}],"about":[{"href":"https:\/\/www.europesays.com\/de\/wp-json\/wp\/v2\/types\/post"}],"author":[{"embeddable":true,"href":"https:\/\/www.europesays.com\/de\/wp-json\/wp\/v2\/users\/2"}],"replies":[{"embeddable":true,"href":"https:\/\/www.europesays.com\/de\/wp-json\/wp\/v2\/comments?post=639597"}],"version-history":[{"count":0,"href":"https:\/\/www.europesays.com\/de\/wp-json\/wp\/v2\/posts\/639597\/revisions"}],"wp:featuredmedia":[{"embeddable":true,"href":"https:\/\/www.europesays.com\/de\/wp-json\/wp\/v2\/media\/639598"}],"wp:attachment":[{"href":"https:\/\/www.europesays.com\/de\/wp-json\/wp\/v2\/media?parent=639597"}],"wp:term":[{"taxonomy":"category","embeddable":true,"href":"https:\/\/www.europesays.com\/de\/wp-json\/wp\/v2\/categories?post=639597"},{"taxonomy":"post_tag","embeddable":true,"href":"https:\/\/www.europesays.com\/de\/wp-json\/wp\/v2\/tags?post=639597"}],"curies":[{"name":"wp","href":"https:\/\/api.w.org\/{rel}","templated":true}]}}