{"id":639600,"date":"2025-12-11T17:01:27","date_gmt":"2025-12-11T17:01:27","guid":{"rendered":"https:\/\/www.europesays.com\/de\/639600\/"},"modified":"2025-12-11T17:01:27","modified_gmt":"2025-12-11T17:01:27","slug":"ich-hatte-angst-als-verfressene-dicke-patientin-abgestempelt-zu-werden","status":"publish","type":"post","link":"https:\/\/www.europesays.com\/de\/639600\/","title":{"rendered":"\u201eIch hatte Angst, als \u201averfressene, dicke Patientin\u2018 abgestempelt zu werden\u201c\u00a0"},"content":{"rendered":"<p class=\"tspCBne tspCBnf\">Pl\u00f6tzlich und scheinbar ohne Grund legte Janine Schulze aus Magdeburg deutlich an Gewicht zu. \u201eIm Jahr 2020 habe ich rund 20 Kilogramm zugenommen, obwohl sich an meinem Lebensstil und meiner Ern\u00e4hrung nichts ge\u00e4ndert hatte\u201c, erz\u00e4hlt die 28-j\u00e4hrige B\u00fcrokauffrau, deren Namen und Alter wir auf ihren Wunsch hin ge\u00e4ndert haben. Unglaublich und auch beunruhigend erschien ihr diese Entwicklung: \u201eVor allem, weil ich sogar t\u00e4glich Bewegung machte.\u201c <\/p>\n","protected":false},"excerpt":{"rendered":"Pl\u00f6tzlich und scheinbar ohne Grund legte Janine Schulze aus Magdeburg deutlich an Gewicht zu. \u201eIm Jahr 2020 habe&hellip;\n","protected":false},"author":2,"featured_media":639601,"comment_status":"","ping_status":"","sticky":false,"template":"","format":"standard","meta":{"footnotes":""},"categories":[137],"tags":[29,30,141,232,4328],"class_list":{"0":"post-639600","1":"post","2":"type-post","3":"status-publish","4":"format-standard","5":"has-post-thumbnail","7":"category-gesundheit","8":"tag-deutschland","9":"tag-germany","10":"tag-gesundheit","11":"tag-health","12":"tag-herz-und-kreislauf"},"share_on_mastodon":{"url":"https:\/\/pubeurope.com\/@de\/115702011227069309","error":""},"_links":{"self":[{"href":"https:\/\/www.europesays.com\/de\/wp-json\/wp\/v2\/posts\/639600","targetHints":{"allow":["GET"]}}],"collection":[{"href":"https:\/\/www.europesays.com\/de\/wp-json\/wp\/v2\/posts"}],"about":[{"href":"https:\/\/www.europesays.com\/de\/wp-json\/wp\/v2\/types\/post"}],"author":[{"embeddable":true,"href":"https:\/\/www.europesays.com\/de\/wp-json\/wp\/v2\/users\/2"}],"replies":[{"embeddable":true,"href":"https:\/\/www.europesays.com\/de\/wp-json\/wp\/v2\/comments?post=639600"}],"version-history":[{"count":0,"href":"https:\/\/www.europesays.com\/de\/wp-json\/wp\/v2\/posts\/639600\/revisions"}],"wp:featuredmedia":[{"embeddable":true,"href":"https:\/\/www.europesays.com\/de\/wp-json\/wp\/v2\/media\/639601"}],"wp:attachment":[{"href":"https:\/\/www.europesays.com\/de\/wp-json\/wp\/v2\/media?parent=639600"}],"wp:term":[{"taxonomy":"category","embeddable":true,"href":"https:\/\/www.europesays.com\/de\/wp-json\/wp\/v2\/categories?post=639600"},{"taxonomy":"post_tag","embeddable":true,"href":"https:\/\/www.europesays.com\/de\/wp-json\/wp\/v2\/tags?post=639600"}],"curies":[{"name":"wp","href":"https:\/\/api.w.org\/{rel}","templated":true}]}}