{"id":639602,"date":"2025-12-11T17:02:12","date_gmt":"2025-12-11T17:02:12","guid":{"rendered":"https:\/\/www.europesays.com\/de\/639602\/"},"modified":"2025-12-11T17:02:12","modified_gmt":"2025-12-11T17:02:12","slug":"schwerer-sturz-michelle-gisin-im-training-in-st-moritz-gestuerzt","status":"publish","type":"post","link":"https:\/\/www.europesays.com\/de\/639602\/","title":{"rendered":"Schwerer Sturz: Michelle Gisin im Training in St.Moritz gest\u00fcrzt"},"content":{"rendered":"<p class=\"metatextline\">Stand: 11.12.2025 17:17 Uhr<\/p>\n<p class=\"article-head__shorttext\">\n        <strong>Den Schweizer Skirennl\u00e4uferinnen droht nach Lara Gut-Behrami und Corinne Suter der n\u00e4chste prominente Ausfall. Am Donnerstag ist die zweimalige Olympiasiegerin Michelle Gisin im zweiten Training f\u00fcr die Weltcup-Abfahrten in St. Moritz schwer gest\u00fcrzt. Sie musste mit dem Helikopter ins Krankenhaus gebracht werden &#8211; von dort ging es sp\u00e4ter weiter in eine Spezialklinik nach Z\u00fcrich. <\/strong>\n    <\/p>\n","protected":false},"excerpt":{"rendered":"Stand: 11.12.2025 17:17 Uhr Den Schweizer Skirennl\u00e4uferinnen droht nach Lara Gut-Behrami und Corinne Suter der n\u00e4chste prominente Ausfall.&hellip;\n","protected":false},"author":2,"featured_media":639603,"comment_status":"","ping_status":"","sticky":false,"template":"","format":"standard","meta":{"footnotes":""},"categories":[136],"tags":[29,30,5548,265,864],"class_list":{"0":"post-639602","1":"post","2":"type-post","3":"status-publish","4":"format-standard","5":"has-post-thumbnail","7":"category-sport","8":"tag-deutschland","9":"tag-germany","10":"tag-ski-alpin","11":"tag-sport","12":"tag-wintersport"},"share_on_mastodon":{"url":"https:\/\/pubeurope.com\/@de\/115702015169116466","error":""},"_links":{"self":[{"href":"https:\/\/www.europesays.com\/de\/wp-json\/wp\/v2\/posts\/639602","targetHints":{"allow":["GET"]}}],"collection":[{"href":"https:\/\/www.europesays.com\/de\/wp-json\/wp\/v2\/posts"}],"about":[{"href":"https:\/\/www.europesays.com\/de\/wp-json\/wp\/v2\/types\/post"}],"author":[{"embeddable":true,"href":"https:\/\/www.europesays.com\/de\/wp-json\/wp\/v2\/users\/2"}],"replies":[{"embeddable":true,"href":"https:\/\/www.europesays.com\/de\/wp-json\/wp\/v2\/comments?post=639602"}],"version-history":[{"count":0,"href":"https:\/\/www.europesays.com\/de\/wp-json\/wp\/v2\/posts\/639602\/revisions"}],"wp:featuredmedia":[{"embeddable":true,"href":"https:\/\/www.europesays.com\/de\/wp-json\/wp\/v2\/media\/639603"}],"wp:attachment":[{"href":"https:\/\/www.europesays.com\/de\/wp-json\/wp\/v2\/media?parent=639602"}],"wp:term":[{"taxonomy":"category","embeddable":true,"href":"https:\/\/www.europesays.com\/de\/wp-json\/wp\/v2\/categories?post=639602"},{"taxonomy":"post_tag","embeddable":true,"href":"https:\/\/www.europesays.com\/de\/wp-json\/wp\/v2\/tags?post=639602"}],"curies":[{"name":"wp","href":"https:\/\/api.w.org\/{rel}","templated":true}]}}