{"id":639608,"date":"2025-12-11T17:05:23","date_gmt":"2025-12-11T17:05:23","guid":{"rendered":"https:\/\/www.europesays.com\/de\/639608\/"},"modified":"2025-12-11T17:05:23","modified_gmt":"2025-12-11T17:05:23","slug":"entwertung-befuerchtet-keine-lindt-schoko-bei-aldi-und-lidl-news","status":"publish","type":"post","link":"https:\/\/www.europesays.com\/de\/639608\/","title":{"rendered":"\u201eEntwertung\u201c bef\u00fcrchtet: Keine Lindt-Schoko bei Aldi und Lidl | News"},"content":{"rendered":"<p>Kilchberg \u2013 <b>In den Regalen der Discounter Aldi und Lidl werden die Schokoladentafeln des Unternehmens vorerst nicht zu finden sein. Gesch\u00e4ftsf\u00fchrer Lechner erkl\u00e4rt, warum.<\/b><\/p>\n<p>Der Schweizer Schokoladenhersteller lehnt eine Zusammenarbeit mit den deutschen Lebensmitteldiscountern <a href=\"https:\/\/www.bild.de\/themen\/organisationen\/aldi\/der-milliarden-discounter-02-42676220.bild.html\" class=\"text-link\" rel=\"nofollow noopener\" target=\"_blank\">Aldi<\/a> und <a href=\"https:\/\/www.bild.de\/themen\/organisationen\/lidl\/lidl-news-fotos-videos-20313166.bild.html\" class=\"text-link\" rel=\"nofollow noopener\" target=\"_blank\">Lidl<\/a> ab. Im Interview mit der \u201eZeit\u201c sagte Unternehmenschef Adalbert Lechner: \u201eSonst enden wir bei immer mehr und st\u00e4rkeren Sonderangeboten und entwerten unsere Marke.\u201c <\/p>\n<p>In Superm\u00e4rkten erhalte Lindt \u201eeine Premiumplatzierung, die der Marke Raum gibt\u201c, sagte Lechner. Die <a href=\"https:\/\/www.bild.de\/themen\/organisationen\/lebensmittel-discounter\/news-fotos-videos-17020086.bild.html\" class=\"text-link\" rel=\"nofollow noopener\" target=\"_blank\">Discounter<\/a> verschleuderten die Produkte dagegen zum Tiefpreis. Lidl, Aldi Nord und Aldi S\u00fcd wollten sich auf Nachfrage nicht \u00e4u\u00dfern.<\/p>\n<p>Mehr zum ThemaSchokolade deutlich teurer als vor f\u00fcnf Jahren<\/p>\n<p>Schokoladenhersteller wie Lindt &amp; Spr\u00fcngli, Mondelez (Milka) oder Ritter Sport haben mit steigenden Rohkakaopreisen aufgrund schlechter Ernten zu k\u00e4mpfen. F\u00fcr Verbraucher hat dies sp\u00fcrbare Folgen: Schokolade ist deutlich teurer geworden. F\u00fcr eine Tafel zahlten Kunden im Oktober dieses Jahres im Schnitt etwa 77 Prozent mehr als 2020. Laut Marktforschern wie YouGov wird deshalb weniger Schokolade gekauft.<\/p>\n<p>Zuletzt sind die Preise an den Rohstoffb\u00f6rsen zwar wieder gesunken, liegen aber weiterhin vergleichsweise hoch. Lechner rechnet nicht damit, dass Schokolade bald wieder billiger wird. \u201eSelbst, wenn der Kakaopreis sinken sollte, erwarte ich nicht, dass die Preise f\u00fcr Schokolade sinken\u201c, sagte er der \u201eZeit\u201c.<\/p>\n","protected":false},"excerpt":{"rendered":"Kilchberg \u2013 In den Regalen der Discounter Aldi und Lidl werden die Schokoladentafeln des Unternehmens vorerst nicht zu&hellip;\n","protected":false},"author":2,"featured_media":639609,"comment_status":"","ping_status":"","sticky":false,"template":"","format":"standard","meta":{"footnotes":""},"categories":[134],"tags":[364,175,170,169,29,30,702,11445,2939,66950,171,174,18850,138370,45,173,172],"class_list":{"0":"post-639608","1":"post","2":"type-post","3":"status-publish","4":"format-standard","5":"has-post-thumbnail","7":"category-unternehmen-maerkte","8":"tag-aldi","9":"tag-business","10":"tag-companies","11":"tag-companies-markets","12":"tag-deutschland","13":"tag-germany","14":"tag-lebensmittel","15":"tag-lebensmittel-discounter","16":"tag-lidl","17":"tag-lindt-spruengli","18":"tag-markets","19":"tag-maerkte","20":"tag-schokolade","21":"tag-team-first","22":"tag-texttospeech","23":"tag-unternehmen","24":"tag-unternehmen-maerkte"},"share_on_mastodon":{"url":"https:\/\/pubeurope.com\/@de\/115702027046066328","error":""},"_links":{"self":[{"href":"https:\/\/www.europesays.com\/de\/wp-json\/wp\/v2\/posts\/639608","targetHints":{"allow":["GET"]}}],"collection":[{"href":"https:\/\/www.europesays.com\/de\/wp-json\/wp\/v2\/posts"}],"about":[{"href":"https:\/\/www.europesays.com\/de\/wp-json\/wp\/v2\/types\/post"}],"author":[{"embeddable":true,"href":"https:\/\/www.europesays.com\/de\/wp-json\/wp\/v2\/users\/2"}],"replies":[{"embeddable":true,"href":"https:\/\/www.europesays.com\/de\/wp-json\/wp\/v2\/comments?post=639608"}],"version-history":[{"count":0,"href":"https:\/\/www.europesays.com\/de\/wp-json\/wp\/v2\/posts\/639608\/revisions"}],"wp:featuredmedia":[{"embeddable":true,"href":"https:\/\/www.europesays.com\/de\/wp-json\/wp\/v2\/media\/639609"}],"wp:attachment":[{"href":"https:\/\/www.europesays.com\/de\/wp-json\/wp\/v2\/media?parent=639608"}],"wp:term":[{"taxonomy":"category","embeddable":true,"href":"https:\/\/www.europesays.com\/de\/wp-json\/wp\/v2\/categories?post=639608"},{"taxonomy":"post_tag","embeddable":true,"href":"https:\/\/www.europesays.com\/de\/wp-json\/wp\/v2\/tags?post=639608"}],"curies":[{"name":"wp","href":"https:\/\/api.w.org\/{rel}","templated":true}]}}