{"id":639625,"date":"2025-12-11T17:14:11","date_gmt":"2025-12-11T17:14:11","guid":{"rendered":"https:\/\/www.europesays.com\/de\/639625\/"},"modified":"2025-12-11T17:14:11","modified_gmt":"2025-12-11T17:14:11","slug":"altstadt-gladbach-feiert-bei-alle-lampen-an-2025","status":"publish","type":"post","link":"https:\/\/www.europesays.com\/de\/639625\/","title":{"rendered":"Altstadt Gladbach feiert bei &#8222;Alle Lampen an&#8220; 2025"},"content":{"rendered":"<p class=\"text_ohne_einzug richtext text-em-55 !leading-serif mx-6 desktop:mx-0\">Die Vorbereitungen sind in den letzten Z\u00fcgen. Vor den L\u00e4den legen die Mitarbeiter noch schnell Holzscheite in Feuerschalen und z\u00fcnden diese an. Sie richten noch einmal die Sitzm\u00f6bel und legen die ersten W\u00fcrstchen auf den Grill. Zum vierten Mal findet die Aktion \u201eAlle Lampen an\u201c in der Gladbacher Altstadt statt. Zuvor hatte die Kulturk\u00fcche auf der Waldhausener Stra\u00dfe ein \u00e4hnliches Format veranstaltet. Mittlerweile hat die Altstadtinitiative die Organisation \u00fcbernommen.<\/p>\n<p>Ein gem\u00fctliches Beisammensein      <\/p>\n<p class=\"richtext text-em-55 !leading-serif mx-6 desktop:mx-0\">Aus den Boxen vor dem \u201eK\u00f6ntges\u201c ist an diesem Mittwochabend entspannte House Musik zu h\u00f6ren. Ein DJ legt dort auf. Er steht im Laden, ist aber durch die gro\u00dfe Glasfront f\u00fcr die Besucher zu sehen. Direkt davor haben es sich mehrere Frauen auf St\u00fchlen gem\u00fctlich gemacht. Eine von ihnen ist Vivian Knieper. Sie ist Vorstandsmitglied des Kunstvereins \u201eMonnike con Moto\u201c. Der Verein organisiert Kunstprojekte und ist seit diesem Sommer Kooperationspartner der Altstadtinitiative. \u201eEs ist sch\u00f6n, zu sehen, dass hier im \u201aK\u00f6ntges\u2018 so viele bereit waren zu helfen, obwohl die generelle Besucherzahl in der Altstadt zur\u00fcckgeht\u201c, sagt Vivian Knieper. \u201eIm \u201aK\u00f6ntges\u2018 steht nicht das Feiern im Vordergrund, sondern das gem\u00fctliche Beisammensein\u201c, sagt sie.<\/p>\n<p class=\"richtext text-em-55 !leading-serif mx-6 desktop:mx-0\">F\u00fcr die Atmosph\u00e4re sorgt nicht nur die entspannte Musik. Sofasessel und St\u00fchle stehen vor dem Ladenlokal an der Waldhausener Stra\u00dfe. Manche der M\u00f6bel stehen an einer der Feuerschalen, an der die Besucher sitzen und sich aufw\u00e4rmen. Der Geruch von dem verbrannten Holz liegt in der Luft.<\/p>\n<p>Auch die Initiative Altstadt nimmt aktiv teil      <\/p>\n<p class=\"richtext text-em-55 !leading-serif mx-6 desktop:mx-0\">Ein St\u00fcck weiter unten auf der Waldhausener Stra\u00dfe steht ein Getr\u00e4nkewagen der \u201eHensen Brauerei\u201c. Auch dort wurde eine Feuerschale aufgebaut. Direkt daneben, unter einem mit Lichterketten geschm\u00fcckten Pavillon, steht eine kleine Gruppe Menschen. Sie unterhalten sich, haben Getr\u00e4nke in der Hand und essen Pommes und Bratw\u00fcrstchen. Sie sind aus der Nachbarschaft gekommen, um an der Aktion teilzunehmen. \u201eWir wollen ein Alternativprogramm zum Weihnachtsmarkt anbieten\u201c, sagt Stephan R\u00fcland, Vorstandsmitglied der Altstadtinitiative. Viele Besucher lockt das winterliche Fest an diesem Abend nicht an. Doch aber darum gehe es auch nicht: \u201eEs geht nicht darum, dass es voll wird. Es ist einfach ein ruhiger Abschluss des Jahres\u201c, sagt R\u00fcland. Norbert Kamps, Mitglied der Initiative und Mitinhaber der Hensen Brauerei, stimmt R\u00fcland zu: \u201eEs geht eher darum, mit seinen Nachbarn zusammenzustehen.\u201c Aber auch \u00fcber andere Besucher, die vorbeikommen, freuen sie sich.<\/p>\n<p>\u201eEine g\u00fcnstige alternative zum Weihnachtsmarkt\u201c      <\/p>\n<p class=\"richtext text-em-55 !leading-serif mx-6 desktop:mx-0\">Mit der Altstadt-Aktion m\u00f6chte die Initiative eine weitere Veranstaltung f\u00fcr alle Interessierten in M\u00f6nchengladbach anbieten. \u201eHier l\u00e4uft alles \u00fcber Spenden\u201c, sagt Stephan R\u00fcland. Beim \u201eK\u00f6ntges\u201c und dem Stand der Hensen Brauerei k\u00f6nnen die Besucher selber entscheiden, was sie f\u00fcr ein Getr\u00e4nk oder ein Snack zahlen m\u00f6chten. \u201eEs geht hier nichts um das Geld einnehmen, sondern um das Miteinander\u201c, sagt Norbert Kamps. Der Erl\u00f6s geht am Ende an die Altstadtinitiative. Einen wirklichen Gewinn w\u00fcrde der Verein allerdings nicht machen, sagt R\u00fcland. Das sei ihm aber auch nicht wichtig, es ginge eher darum den Besuchern etwas zu bieten und sich mit den Menschen zu unterhalten.<\/p>\n","protected":false},"excerpt":{"rendered":"Die Vorbereitungen sind in den letzten Z\u00fcgen. Vor den L\u00e4den legen die Mitarbeiter noch schnell Holzscheite in Feuerschalen&hellip;\n","protected":false},"author":2,"featured_media":639626,"comment_status":"","ping_status":"","sticky":false,"template":"","format":"standard","meta":{"footnotes":""},"categories":[1849],"tags":[3951,2922,6151,43138,3364,29,548,663,3934,30,13,6821,15033,125954,4455,14,15,1209,150749,12,524,125241],"class_list":{"0":"post-639625","1":"post","2":"type-post","3":"status-publish","4":"format-standard","5":"has-post-thumbnail","7":"category-moenchengladbach","8":"tag-aktion","9":"tag-altstadt","10":"tag-besucher","11":"tag-besucherzahl","12":"tag-de","13":"tag-deutschland","14":"tag-eu","15":"tag-europa","16":"tag-europe","17":"tag-germany","18":"tag-headlines","19":"tag-initiative","20":"tag-laden","21":"tag-lampen","22":"tag-moenchengladbach","23":"tag-nachrichten","24":"tag-news","25":"tag-nordrhein-westfalen","26":"tag-rueland","27":"tag-schlagzeilen","28":"tag-strasse","29":"tag-waldhausener"},"share_on_mastodon":{"url":"https:\/\/pubeurope.com\/@de\/115702062578214047","error":""},"_links":{"self":[{"href":"https:\/\/www.europesays.com\/de\/wp-json\/wp\/v2\/posts\/639625","targetHints":{"allow":["GET"]}}],"collection":[{"href":"https:\/\/www.europesays.com\/de\/wp-json\/wp\/v2\/posts"}],"about":[{"href":"https:\/\/www.europesays.com\/de\/wp-json\/wp\/v2\/types\/post"}],"author":[{"embeddable":true,"href":"https:\/\/www.europesays.com\/de\/wp-json\/wp\/v2\/users\/2"}],"replies":[{"embeddable":true,"href":"https:\/\/www.europesays.com\/de\/wp-json\/wp\/v2\/comments?post=639625"}],"version-history":[{"count":0,"href":"https:\/\/www.europesays.com\/de\/wp-json\/wp\/v2\/posts\/639625\/revisions"}],"wp:featuredmedia":[{"embeddable":true,"href":"https:\/\/www.europesays.com\/de\/wp-json\/wp\/v2\/media\/639626"}],"wp:attachment":[{"href":"https:\/\/www.europesays.com\/de\/wp-json\/wp\/v2\/media?parent=639625"}],"wp:term":[{"taxonomy":"category","embeddable":true,"href":"https:\/\/www.europesays.com\/de\/wp-json\/wp\/v2\/categories?post=639625"},{"taxonomy":"post_tag","embeddable":true,"href":"https:\/\/www.europesays.com\/de\/wp-json\/wp\/v2\/tags?post=639625"}],"curies":[{"name":"wp","href":"https:\/\/api.w.org\/{rel}","templated":true}]}}