{"id":639640,"date":"2025-12-11T17:22:13","date_gmt":"2025-12-11T17:22:13","guid":{"rendered":"https:\/\/www.europesays.com\/de\/639640\/"},"modified":"2025-12-11T17:22:13","modified_gmt":"2025-12-11T17:22:13","slug":"new-elephants-grevenbroich-starten-in-muenster-in-die-rueckrunde","status":"publish","type":"post","link":"https:\/\/www.europesays.com\/de\/639640\/","title":{"rendered":"NEW Elephants Grevenbroich starten in M\u00fcnster in die R\u00fcckrunde"},"content":{"rendered":"<p class=\"text_ohne_einzug richtext text-em-55 !leading-serif mx-6 desktop:mx-0\"> Und jetzt das Ganze noch mal von vorn. Bis Weihnachten sind die NEW Elephants noch zweimal gefordert: Am Samstag (Anpfiff 18 Uhr) beginnt in der Ballsporthalle am Pascal-Gymnasium mit der Partie beim UBC M\u00fcnster II die R\u00fcckrunde in der Basketball-Regionalliga. Und am 20. Dezember (19.30 Uhr) sind die Grevenbroicher in Gustorf Gastgeber des TSV <a href=\"https:\/\/rp-online.de\/thema\/bayer-04-leverkusen\/\" rel=\"nofollow noopener\" target=\"_blank\">Bayer 04 Leverkusen<\/a> II. Zum Saisonstart hatte der seit mittlerweile elf Partien ungeschlagene Tabellenf\u00fchrer die Zweitvertretung der in der Pro A spielenden Profis des UBC zwar recht locker mit 90:62 geschlagen, doch so easy d\u00fcrfte es im R\u00fcckspiel nicht werden. Im ersten Match fehlte den Westfalen n\u00e4mlich eine Reihe wichtiger Spieler.<\/p>\n","protected":false},"excerpt":{"rendered":"Und jetzt das Ganze noch mal von vorn. Bis Weihnachten sind die NEW Elephants noch zweimal gefordert: Am&hellip;\n","protected":false},"author":2,"featured_media":639641,"comment_status":"","ping_status":"","sticky":false,"template":"","format":"standard","meta":{"footnotes":""},"categories":[1843],"tags":[3364,29,108248,30,4059,8970,1209,150751,16522],"class_list":{"0":"post-639640","1":"post","2":"type-post","3":"status-publish","4":"format-standard","5":"has-post-thumbnail","7":"category-muenster","8":"tag-de","9":"tag-deutschland","10":"tag-elephants","11":"tag-germany","12":"tag-gewinnen","13":"tag-muenster","14":"tag-nordrhein-westfalen","15":"tag-straub","16":"tag-ubc"},"share_on_mastodon":{"url":"https:\/\/pubeurope.com\/@de\/115702093987148355","error":""},"_links":{"self":[{"href":"https:\/\/www.europesays.com\/de\/wp-json\/wp\/v2\/posts\/639640","targetHints":{"allow":["GET"]}}],"collection":[{"href":"https:\/\/www.europesays.com\/de\/wp-json\/wp\/v2\/posts"}],"about":[{"href":"https:\/\/www.europesays.com\/de\/wp-json\/wp\/v2\/types\/post"}],"author":[{"embeddable":true,"href":"https:\/\/www.europesays.com\/de\/wp-json\/wp\/v2\/users\/2"}],"replies":[{"embeddable":true,"href":"https:\/\/www.europesays.com\/de\/wp-json\/wp\/v2\/comments?post=639640"}],"version-history":[{"count":0,"href":"https:\/\/www.europesays.com\/de\/wp-json\/wp\/v2\/posts\/639640\/revisions"}],"wp:featuredmedia":[{"embeddable":true,"href":"https:\/\/www.europesays.com\/de\/wp-json\/wp\/v2\/media\/639641"}],"wp:attachment":[{"href":"https:\/\/www.europesays.com\/de\/wp-json\/wp\/v2\/media?parent=639640"}],"wp:term":[{"taxonomy":"category","embeddable":true,"href":"https:\/\/www.europesays.com\/de\/wp-json\/wp\/v2\/categories?post=639640"},{"taxonomy":"post_tag","embeddable":true,"href":"https:\/\/www.europesays.com\/de\/wp-json\/wp\/v2\/tags?post=639640"}],"curies":[{"name":"wp","href":"https:\/\/api.w.org\/{rel}","templated":true}]}}