{"id":639662,"date":"2025-12-11T17:38:17","date_gmt":"2025-12-11T17:38:17","guid":{"rendered":"https:\/\/www.europesays.com\/de\/639662\/"},"modified":"2025-12-11T17:38:17","modified_gmt":"2025-12-11T17:38:17","slug":"europa-in-gefahr-warum-die-neue-us-strategie-eine-kanmpfansage-ist","status":"publish","type":"post","link":"https:\/\/www.europesays.com\/de\/639662\/","title":{"rendered":"Europa in Gefahr: Warum die neue US-Strategie eine Kanmpfansage ist"},"content":{"rendered":"<p>        Podcast &#8222;Die Lage \u2013 International&#8220;<br \/>\n      M\u00f6lling zu neuem US-Strategiepapier: &#8222;Europa k\u00e4mpft ums \u00dcberleben&#8220;<\/p>\n<p>            Artikel anh\u00f6ren<\/p>\n<p>            Kopiere den aktuellen Link<\/p>\n<p>          Zur Merkliste hinzuf\u00fcgen<\/p>\n<p>Washingtons Feindseligkeit den alten Partnern gegen\u00fcber l\u00e4sst nur einen Schluss zu: Europa muss st\u00e4rker werden \u2013 mit, ohne oder notfalls gegen die USA. Doch das hat einen Preis.<\/p>\n<\/p>\n<p class=\"typo-body-sc-md\">\u00a0Wie viel Aufregung ist gerechtfertigt, wenn Trumps Amerika den Demokratien <a class=\"taxonomy-entity place\" data-target-type=\"article\" href=\"https:\/\/www.stern.de\/politik\/ausland\/themen\/europa-4154998.html\" target=\"_blank\" rel=\"noopener\">Europas<\/a> offen den Kampf ansagt? Diese Frage spaltet die Republik, seit die 33 Seiten lange &#8222;Nationale Sicherheitsstrategie&#8220; (NSS) der US-Regierung mit Unterschrift und Amtssiegel von Donald Trump auf der Webseite des Wei\u00dfen Hauses ver\u00f6ffentlicht wurde. Hat Trump das Dokument \u00fcberhaupt gelesen? Werden den harschen Worten je Taten folgen? \u00c4ndert der notorisch wankelm\u00fctige Pr\u00e4sident seine Ansichten vielleicht bald wieder?<\/p>\n<p class=\"typo-body-sc-md\">Der Sicherheitsexperte <a class=\"\" data-target-type=\"article\" href=\"https:\/\/www.stern.de\/politik\/ausland\/themen\/christian-moelling-31657034.html\" target=\"_blank\" rel=\"noopener\">Christian M\u00f6lling<\/a> h\u00e4lt diese Debatte nicht f\u00fcr sinnvoll. &#8222;Den USA geht es seit Jahrzehnten darum, die Europ\u00e4er als starken Partner zu haben. Und das sind wir nicht&#8220;, stellt M\u00f6lling, Senior Advisor beim Br\u00fcsseler Thinktank &#8222;European Policy Center&#8220; in der neuesten Ausgabe des stern-Podcasts &#8222;Die Lage \u2013 International&#8220; fest. Handlungsdruck f\u00fcr Europa ergebe sich unabh\u00e4ngig davon, wie viel Niederschlag die NSS in der US-Politik der kommenden Jahre finde. &#8222;Mit Blick auf die Art und Weise, wie wir in Europa leben \u2013 nicht nur auf unseren Wohlstand, sondern auch die Freiheit \u2013 stehen wir in einem \u00dcberlebenskampf. Wir werden st\u00e4rker werden m\u00fcssen, ob mit, ohne oder sogar gegen die Amerikaner&#8220;, sagt M\u00f6lling. Das bringe zwar unausweichlich Einschr\u00e4nkungen des eigenen Wohlstands mit sich. Nur: &#8222;Wenn wir das selbst nicht machen, dann werden uns andere einschr\u00e4nken, auch in unserer Freiheit.&#8220;<\/p>\n<p>  Europa, Amerika und m\u00f6gliche Wahlen in der Ukraine<\/p>\n<p class=\"typo-body-sc-md\">Inhaltlich ist das Strategiepapier der US-Regierung nach M\u00f6llings Ansicht zwar &#8222;grottig inkonsistent&#8220;. Die erkl\u00e4rte Absicht, in Europa rechten Parteien mithilfe der USA zur Macht zu verhelfen, finde aber bereits Niederschlag in systematischer Unterst\u00fctzung der <a class=\"\" data-target-type=\"article\" href=\"https:\/\/www.stern.de\/lifestyle\/leute\/themen\/donald-trump-4540962.html\" target=\"_blank\" rel=\"noopener\">Trump<\/a>-Regierung etwa f\u00fcr die AfD in Deutschland. &#8222;Das sind keine Unf\u00e4lle&#8220;, so M\u00f6lling.<\/p>\n<p class=\"typo-body-sc-md\">Die Ank\u00fcndigung des ukrainischen Pr\u00e4sidenten Wolodymyr Selenskyj, binnen 60 bis 90 Tagen Wahlen abhalten zu wollen, h\u00e4lt M\u00f6lling f\u00fcr ebenso smart wie riskant. Einerseits sei der Vorschlag an die Bedingung gekn\u00fcpft, dass der Westen die Sicherheit einer solchen Wahl garantiere \u2013 &#8222;und wir d\u00fcrfen davon ausgehen, dass das nicht eintreten wird&#8220;. Andererseits trete Selenskyj damit wom\u00f6glich eine Debatte um die eigene Nachfolge los, die ihm in der aktuellen Lage zu entgleiten drohe. &#8222;Das ist nat\u00fcrlich ein Einfallstor f\u00fcr die Russen, mehr Chaos zu s\u00e4en oder sogar eigene Kandidaten einzuschleusen&#8220;, so M\u00f6lling.<\/p>\n","protected":false},"excerpt":{"rendered":"Podcast &#8222;Die Lage \u2013 International&#8220; M\u00f6lling zu neuem US-Strategiepapier: &#8222;Europa k\u00e4mpft ums \u00dcberleben&#8220; Artikel anh\u00f6ren Kopiere den aktuellen&hellip;\n","protected":false},"author":2,"featured_media":639663,"comment_status":"","ping_status":"","sticky":false,"template":"","format":"standard","meta":{"footnotes":""},"categories":[3933],"tags":[331,332,548,663,158,3934,3935,13,14,15,12],"class_list":{"0":"post-639662","1":"post","2":"type-post","3":"status-publish","4":"format-standard","5":"has-post-thumbnail","7":"category-eu","8":"tag-aktuelle-nachrichten","9":"tag-aktuelle-news","10":"tag-eu","11":"tag-europa","12":"tag-europaeische-union","13":"tag-europe","14":"tag-european-union","15":"tag-headlines","16":"tag-nachrichten","17":"tag-news","18":"tag-schlagzeilen"},"share_on_mastodon":{"url":"https:\/\/pubeurope.com\/@de\/115702157913948517","error":""},"_links":{"self":[{"href":"https:\/\/www.europesays.com\/de\/wp-json\/wp\/v2\/posts\/639662","targetHints":{"allow":["GET"]}}],"collection":[{"href":"https:\/\/www.europesays.com\/de\/wp-json\/wp\/v2\/posts"}],"about":[{"href":"https:\/\/www.europesays.com\/de\/wp-json\/wp\/v2\/types\/post"}],"author":[{"embeddable":true,"href":"https:\/\/www.europesays.com\/de\/wp-json\/wp\/v2\/users\/2"}],"replies":[{"embeddable":true,"href":"https:\/\/www.europesays.com\/de\/wp-json\/wp\/v2\/comments?post=639662"}],"version-history":[{"count":0,"href":"https:\/\/www.europesays.com\/de\/wp-json\/wp\/v2\/posts\/639662\/revisions"}],"wp:featuredmedia":[{"embeddable":true,"href":"https:\/\/www.europesays.com\/de\/wp-json\/wp\/v2\/media\/639663"}],"wp:attachment":[{"href":"https:\/\/www.europesays.com\/de\/wp-json\/wp\/v2\/media?parent=639662"}],"wp:term":[{"taxonomy":"category","embeddable":true,"href":"https:\/\/www.europesays.com\/de\/wp-json\/wp\/v2\/categories?post=639662"},{"taxonomy":"post_tag","embeddable":true,"href":"https:\/\/www.europesays.com\/de\/wp-json\/wp\/v2\/tags?post=639662"}],"curies":[{"name":"wp","href":"https:\/\/api.w.org\/{rel}","templated":true}]}}