{"id":639666,"date":"2025-12-11T17:40:19","date_gmt":"2025-12-11T17:40:19","guid":{"rendered":"https:\/\/www.europesays.com\/de\/639666\/"},"modified":"2025-12-11T17:40:19","modified_gmt":"2025-12-11T17:40:19","slug":"neue-regelung-soll-kommen-bericht-eu-kommission-kippt-verbrenner-aus-ab-2035","status":"publish","type":"post","link":"https:\/\/www.europesays.com\/de\/639666\/","title":{"rendered":"Neue Regelung soll kommen: Bericht: EU-Kommission kippt Verbrenner-Aus ab 2035"},"content":{"rendered":"<p>Neue Regelung soll kommenBericht: EU-Kommission kippt Verbrenner-Aus ab 2035<img decoding=\"async\" class=\"Image_img__fQCi0 Image_Img_16_9__4BLfH widget-picture-inline_maximizable__t_E7h\" loading=\"eager\" fetchpriority=\"high\" src=\"https:\/\/www.europesays.com\/de\/wp-content\/uploads\/2025\/12\/Ursula-von-der-Leyen-r-CDU-Praesidentin-der-Europaeischen-Kommission-steht-im-Gebaeude-des-Europaeis.webp\" alt=\"Ursula-von-der-Leyen-r-CDU-Praesidentin-der-Europaeischen-Kommission-steht-im-Gebaeude-des-Europaeischen-Parlaments-und-begruesst-Manfred-Weber-l-CSU-Fraktionsvorsitzender-der-Fraktion-EVP-Das-EU-Parlament-diskutiert-voraussichtlich-die-aktuellen-Friedensgespraeche-im-Ukrainekrieg-Die-Teilnahme-an-dieser-Debatte-von-EU-Kommissionspraesidentin-von-der-Leyen-ist-angekuendigt-Die-Abgeordneten-entscheiden-darueber-hinaus-ueber-die-Vereinfachung-des-EU-Entwaldungsgesetzes-und-letzte-Teile-des-EU-Haushalts-fuer-das-naechste-Jahr-Ausserdem-will-das-Parlament-einen-Vorschlag-annehmen-der-die-Berichtspflichten-beim-InvestEU-Programm-vereinfacht-und-seine-finanziellen-Kapazitaeten-ausbaut-Es-wird-zudem-unter-anderem-ueber-einen-Bericht-zur-diplomatischen-Strategie-und-geopolitischen-Zusammenarbeit-der-EU-in-der-Arktis-sowie-einen-Bericht-ueber-den-Zugang-zu-Finanzmitteln-fuer-kleine-und-mittlere-sowie-expandierende-junge-Unternehmen-abgestimmt\"\/>Ursula von der Leyen und Manfred Weber sollen sich auf die neue Regelung geeinigt haben. (Foto: picture alliance\/dpa)TeilenFolgen auf:<a href=\"https:\/\/www.whatsapp.com\/channel\/0029Va5cdVJD8SDp5YZgYF01\" title=\"Auf WhatsApp folgen\" target=\"_blank\" rel=\"noopener\"><img decoding=\"async\" src=\"https:\/\/www.n-tv.de\/socialIcons\/whatsapp.svg\" alt=\"whatsapp\" class=\"ArticleShare_icon__FsrC2\"\/><\/a><a href=\"https:\/\/news.google.com\/publications\/CAAiEPMdif5mpRNxiLOeUpHCwwsqFAgKIhDzHYn-ZqUTcYiznlKRwsML?hl=de&amp;gl=DE&amp;ceid=DE%3Ade\" title=\"Auf Google News folgen\" target=\"_blank\" rel=\"noopener\"><img decoding=\"async\" src=\"https:\/\/www.n-tv.de\/socialIcons\/google.svg\" alt=\"whatsapp\" class=\"ArticleShare_icon__FsrC2\"\/><\/a><\/p>\n<p class=\"Typography_text-m__XI0da Typography_weight-bold__uT6mq storyline_lead_text_leadtext__q_wg8\">Gegen das von der EU beschlossene Verbot f\u00fcr Neuwagen mit Verbrennungsmotoren ab 2035 regt sich heftiger Widerstand. Neben dem EVP-Fraktionschef Manfred Weber sprechen sich auch Kanzler Merz und die Regierungschefs von Italien und Polen dagegen aus. Nun scheint es eine Wende zu geben. <\/p>\n<p class=\"Typography_text-default__P3otY Typography_weight-normal__pqUbH storyline_paragraph_p__qSR5N\">Die EU-Kommission will nach Angaben des EVP-Fraktionsvorsitzenden Manfred Weber das Verbrenner-Aus kippen. &#8222;Bei Neuzulassungen ab 2035 soll nun statt 100 Prozent eine 90-prozentige Reduktion des CO2-Aussto\u00dfes f\u00fcr die Flottenziele der Automobilhersteller verpflichtend werden&#8220;, sagte Weber der &#8222;Bild&#8220;-Zeitung. Auch ab 2040 wird es Webers Angaben zufolge kein 100-Prozent-Ziel geben. Weber hatte seit Langem gefordert, das von der EU beschlossene Verbot f\u00fcr Neuwagen mit Verbrennungsmotoren ab 2035 zu kippen. <\/p>\n<p class=\"Typography_text-default__P3otY Typography_weight-normal__pqUbH storyline_paragraph_p__qSR5N\">Kommissionspr\u00e4sidentin Ursula von der Leyen und Weber haben sich dem Bericht zufolge nach intensiven Verhandlungen in n\u00e4chtlicher Runde in Br\u00fcssel geeinigt. \u00dcber den Tag hinweg seien dann wichtige Details festgezurrt worden. Zur Einigung habe die klare Positionierung von Bundeskanzler Friedrich Merz und ein Brief der italienischen Ministerpr\u00e4sidentin Giorgia Meloni zusammen mit Polens Premier Donald Tusk beigetragen, hei\u00dft es weiter in dem Bericht. Auch sie hatten mit Nachdruck die Verbrenner-Wende gefordert. &#8222;Wir l\u00f6sen damit unsere beiden wichtigsten Versprechen ein: Wir bleiben auf dem Weg der Klimaneutralit\u00e4t. Aber wir sorgen f\u00fcr Technologie-Neutralit\u00e4t. Das ist ein wichtiges Signal an die gesamte Autobranche. Und sichert zigtausende Industriearbeitspl\u00e4tze&#8220;, wird Weber weiter in dem Bericht zitiert. <\/p>\n<p class=\"Typography_text-default__P3otY Typography_weight-normal__pqUbH storyline_paragraph_p__qSR5N\">Die EU-Kommission wollte den Bericht auf Anfrage zun\u00e4chst nicht kommentieren. Sollten auch das Europaparlament und die EU-Staaten dem Plan, wie Weber ihn beschreibt, zustimmen, w\u00e4re das sogenannte Verbrenner-Aus vom Tisch. Vertreter der EU-Staaten und des Europaparlaments hatten eigentlich beschlossen, dass Neuwagen in der EU ab 2035 im Betrieb kein klimasch\u00e4dliches Kohlenstoffdioxid (CO2) mehr aussto\u00dfen d\u00fcrfen.<\/p>\n<p class=\"Typography_text-default__P3otY Typography_weight-normal__pqUbH storyline_paragraph_p__qSR5N\">Das h\u00e4tte faktisch zur Folge, dass Neuwagen mit Verbrennungsmotor in rund zehn Jahren nicht mehr zugelassen werden d\u00fcrften. Ziel ist es, die Emissionen im Verkehrssektor zu senken. Die EU-Kommission hatte nach Druck aus der Industrie und aus Mitgliedstaaten angek\u00fcndigt, die Verordnung zum Verbrenner-Aus \u00fcberpr\u00fcfen zu wollen.<\/p>\n<p class=\"Typography_text-default__P3otY Typography_weight-normal__pqUbH storyline_paragraph_p__qSR5N\">Die Br\u00fcsseler Beh\u00f6rde will ihre Vorschl\u00e4ge f\u00fcr m\u00f6gliche \u00c4nderungen am sogenannten Verbrenner-Aus n\u00e4chste Woche vorstellen. Neben Vorschl\u00e4gen zum Verbrenner-Aus sollen demnach auch weitere Ma\u00dfnahmen wie eine Batterie-Strategie und Vorschl\u00e4ge f\u00fcr umweltfreundlichere Dienstwagen vorgelegt werden.<\/p>\n<p>Industrie dringt auf Aufweichung<\/p>\n<p class=\"Typography_text-default__P3otY Typography_weight-normal__pqUbH storyline_paragraph_p__qSR5N\">Das sogenannte Verbrenner-Aus sieht bislang vor, dass ab 2035 in der EU keine Neuwagen mehr zugelassen werden d\u00fcrfen, die CO2 aussto\u00dfen. Die EU-Vorgabe sollte aus Klimaschutzgr\u00fcnden eine vollst\u00e4ndige Umstellung auf emissionsfreie Neuwagen bewirken und faktisch das Ende von Benzin- und Dieselantrieben bedeuten.<\/p>\n<p class=\"Typography_text-default__P3otY Typography_weight-normal__pqUbH storyline_paragraph_p__qSR5N\">Durch eine Absenkung des Zielwerts auf eine CO2-Reduktion um 90 Prozent k\u00f6nnten Hersteller weiter herk\u00f6mmliche Motoren bauen und verkaufen, sofern sie die Flottengrenzen im Durchschnitt erf\u00fcllen. Autohersteller und mehrere Regierungen, darunter auch die Bundesregierung, hatten eine \u00dcberarbeitung der EU-Vorschriften gefordert. Laut einem Entwurf f\u00fcr die Tagesordnung der EU-Kommission sollen die neuen Regelungen zur Autobranche am Dienstag auf den Weg gebracht werden.<\/p>\n<p class=\"Typography_text-default__P3otY Typography_weight-normal__pqUbH storyline_paragraph_p__qSR5N\">Die Koalition aus CDU, CSU und SPD hatte gefordert, dass &#8222;hocheffiziente Verbrenner&#8220;, Plug-in-Hybride und Elektrofahrzeuge mit sogenanntem Range Extender auch nach 2035 zugelassen werden d\u00fcrfen.<\/p>\n<p class=\"Typography_text-s__wu_cm Typography_weight-normal__pqUbH Typography_color-darkgrey__sZEnP article-detail-footer_source__KslPc\">Quelle: ntv.de, gut\/dpa\/rts<\/p>\n","protected":false},"excerpt":{"rendered":"Neue Regelung soll kommenBericht: EU-Kommission kippt Verbrenner-Aus ab 2035Ursula von der Leyen und Manfred Weber sollen sich auf&hellip;\n","protected":false},"author":2,"featured_media":639667,"comment_status":"","ping_status":"","sticky":false,"template":"","format":"standard","meta":{"footnotes":""},"categories":[5],"tags":[331,332,371,3364,29,548,30,13,7062,14,15,16,12,1493,1547],"class_list":{"0":"post-639666","1":"post","2":"type-post","3":"status-publish","4":"format-standard","5":"has-post-thumbnail","7":"category-nachrichten","8":"tag-aktuelle-nachrichten","9":"tag-aktuelle-news","10":"tag-autoindustrie","11":"tag-de","12":"tag-deutschland","13":"tag-eu","14":"tag-germany","15":"tag-headlines","16":"tag-manfred-weber","17":"tag-nachrichten","18":"tag-news","19":"tag-politik","20":"tag-schlagzeilen","21":"tag-ursula-von-der-leyen","22":"tag-verbrenner-aus"},"share_on_mastodon":{"url":"","error":""},"_links":{"self":[{"href":"https:\/\/www.europesays.com\/de\/wp-json\/wp\/v2\/posts\/639666","targetHints":{"allow":["GET"]}}],"collection":[{"href":"https:\/\/www.europesays.com\/de\/wp-json\/wp\/v2\/posts"}],"about":[{"href":"https:\/\/www.europesays.com\/de\/wp-json\/wp\/v2\/types\/post"}],"author":[{"embeddable":true,"href":"https:\/\/www.europesays.com\/de\/wp-json\/wp\/v2\/users\/2"}],"replies":[{"embeddable":true,"href":"https:\/\/www.europesays.com\/de\/wp-json\/wp\/v2\/comments?post=639666"}],"version-history":[{"count":0,"href":"https:\/\/www.europesays.com\/de\/wp-json\/wp\/v2\/posts\/639666\/revisions"}],"wp:featuredmedia":[{"embeddable":true,"href":"https:\/\/www.europesays.com\/de\/wp-json\/wp\/v2\/media\/639667"}],"wp:attachment":[{"href":"https:\/\/www.europesays.com\/de\/wp-json\/wp\/v2\/media?parent=639666"}],"wp:term":[{"taxonomy":"category","embeddable":true,"href":"https:\/\/www.europesays.com\/de\/wp-json\/wp\/v2\/categories?post=639666"},{"taxonomy":"post_tag","embeddable":true,"href":"https:\/\/www.europesays.com\/de\/wp-json\/wp\/v2\/tags?post=639666"}],"curies":[{"name":"wp","href":"https:\/\/api.w.org\/{rel}","templated":true}]}}