{"id":639668,"date":"2025-12-11T17:41:15","date_gmt":"2025-12-11T17:41:15","guid":{"rendered":"https:\/\/www.europesays.com\/de\/639668\/"},"modified":"2025-12-11T17:41:15","modified_gmt":"2025-12-11T17:41:15","slug":"deutlich-mehr-rentner-in-deutschland-bis-2035","status":"publish","type":"post","link":"https:\/\/www.europesays.com\/de\/639668\/","title":{"rendered":"Deutlich mehr Rentner in Deutschland bis 2035"},"content":{"rendered":"<p class=\"text\">\nBis 2035 wird jeder vierte Mensch in Deutschland mindestens 67 Jahre alt sein. Das geht aus der <a href=\"https:\/\/www.destatis.de\/DE\/Presse\/Pressemitteilungen\/2025\/12\/PD25_446_12.html?nn=2110\" title=\"Bev\u00f6lkerungsvorausberechnung bis 2070\" data-ctrl-link=\"{&#039;id&#039;: &#039;e091b121-bc58-4b76-8615-3e0e129f5be2&#039;,&#039;type&#039;:&#039;external&#039;,&#039;window&#039;:{&#039;type&#039;:&#039;blank&#039;,&#039;config&#039;:{&#039;title&#039;:&#039;Bev\u00f6lkerungsvorausberechnung bis 2070&#039;,&#039;top&#039;:&#039;0&#039;,&#039;left&#039;:&#039;0&#039;,&#039;width&#039;:&#039;0&#039;,&#039;height&#039;:&#039;0&#039;,&#039;status&#039;:&#039;0&#039;,&#039;menubar&#039;:&#039;0&#039;,&#039;location&#039;:&#039;0&#039;,&#039;scroll&#039;:&#039;0&#039;,&#039;toolbar&#039;:&#039;0&#039;,&#039;resizable&#039;:&#039;0&#039;}}}\" target=\"_blank\" rel=\"noopener\">Bev\u00f6lkerungsvorausberechnung des Statistischen Bundesamtes<\/a> hervor. Der Leiter der Bev\u00f6lkerungsabteilung, Karsten Lummer, sagte in Berlin: &#8222;Die Generation der Babyboomer befindet sich mitten im \u00dcbergang von Erwerbsleben in den Ruhestand. Auf sie folgen deutlich kleinere Jahrg\u00e4nge.&#8220; Demnach ist momentan jede f\u00fcnfte Person \u00e4lter als 67 Jahre.\n<\/p>\n<p class=\"text\">\nLummer verweist daher auch auf die schwierige Finanzierung der Rente. Kommen derzeit auf 100 Personen im Erwerbsalter 33 Rentner, k\u00f6nnte dieses Verh\u00e4ltnis laut den Berechnungen bis 2070 im ung\u00fcnstigsten Fall auf 61 Renter steigen. Dem Statistiker zufolge k\u00e4men dann auf einen Leistungsbezieher weniger als zwei Arbeitnehmer.\n<\/p>\n<p><a name=\"Lebensalter\">Lebensalter<\/a> steigt, Geburtenrate sinkt<\/p>\n<p class=\"text\">\nDas liegt einerseits an der steigenden Lebenserwartung der Bev\u00f6lkerung und andererseits auch daran, dass weniger Babys geboren werden. Den Berechnungen zufolge erlebte Deutschland zwischen 2016 und 2021 eine Phase mit relativ hoher Geburtenh\u00e4ufigkeit von 1,6 Kindern je Frau. Ab 2022 sank die Geburtenziffer jedoch deutlich und lag 2024 nur noch bei 1,35 Kindern je Frau.\n<\/p>\n<p class=\"text\">\nReferentin Olga P\u00f6tzsch erkl\u00e4rt dies etwa mit &#8222;einer allgemeinen Verunsicherung durch Inflation und Rezession, Knappheit an bezahlbarem Wohnraum und die politische Unsicherheit&#8220;. Auch durch Zuwanderung sehe sie weniger Potenzial, die Bev\u00f6lkerungszahlen stabil zu halten. Lummer sagte, der verj\u00fcngende Effekt nehme ab, da weniger Menschen nach Deutschland einwandern. Selbst bei hoher Zuwanderung und moderater Geburtenentwicklung werde die Zahl der Menschen im Erwerbsalter von heute 51,2 Millionen auf 45,3 Millionen im Jahr 2070 sinken \u2013 bei niedriger Zuwanderung sogar auf 37,1 Millionen.<\/p>\n","protected":false},"excerpt":{"rendered":"Bis 2035 wird jeder vierte Mensch in Deutschland mindestens 67 Jahre alt sein. Das geht aus der Bev\u00f6lkerungsvorausberechnung&hellip;\n","protected":false},"author":2,"featured_media":639669,"comment_status":"","ping_status":"","sticky":false,"template":"","format":"standard","meta":{"footnotes":""},"categories":[2],"tags":[331,3924,332,3922,14125,3364,29,52537,30,13,81,14,3923,15,3921,859,860,12,924,861,103],"class_list":{"0":"post-639668","1":"post","2":"type-post","3":"status-publish","4":"format-standard","5":"has-post-thumbnail","7":"category-deutschland","8":"tag-aktuelle-nachrichten","9":"tag-aktuelle-nachrichten-aus-deutschland","10":"tag-aktuelle-news","11":"tag-aktuelle-news-aus-deutschland","12":"tag-bevoelkerung","13":"tag-de","14":"tag-deutschland","15":"tag-einwohner","16":"tag-germany","17":"tag-headlines","18":"tag-mdr","19":"tag-nachrichten","20":"tag-nachrichten-aus-deutschland","21":"tag-news","22":"tag-news-aus-deutschland","23":"tag-sachsen","24":"tag-sachsen-anhalt","25":"tag-schlagzeilen","26":"tag-statistik","27":"tag-thueringen","28":"tag-welt"},"share_on_mastodon":{"url":"https:\/\/pubeurope.com\/@de\/115702168603990632","error":""},"_links":{"self":[{"href":"https:\/\/www.europesays.com\/de\/wp-json\/wp\/v2\/posts\/639668","targetHints":{"allow":["GET"]}}],"collection":[{"href":"https:\/\/www.europesays.com\/de\/wp-json\/wp\/v2\/posts"}],"about":[{"href":"https:\/\/www.europesays.com\/de\/wp-json\/wp\/v2\/types\/post"}],"author":[{"embeddable":true,"href":"https:\/\/www.europesays.com\/de\/wp-json\/wp\/v2\/users\/2"}],"replies":[{"embeddable":true,"href":"https:\/\/www.europesays.com\/de\/wp-json\/wp\/v2\/comments?post=639668"}],"version-history":[{"count":0,"href":"https:\/\/www.europesays.com\/de\/wp-json\/wp\/v2\/posts\/639668\/revisions"}],"wp:featuredmedia":[{"embeddable":true,"href":"https:\/\/www.europesays.com\/de\/wp-json\/wp\/v2\/media\/639669"}],"wp:attachment":[{"href":"https:\/\/www.europesays.com\/de\/wp-json\/wp\/v2\/media?parent=639668"}],"wp:term":[{"taxonomy":"category","embeddable":true,"href":"https:\/\/www.europesays.com\/de\/wp-json\/wp\/v2\/categories?post=639668"},{"taxonomy":"post_tag","embeddable":true,"href":"https:\/\/www.europesays.com\/de\/wp-json\/wp\/v2\/tags?post=639668"}],"curies":[{"name":"wp","href":"https:\/\/api.w.org\/{rel}","templated":true}]}}