{"id":63967,"date":"2025-04-26T23:17:09","date_gmt":"2025-04-26T23:17:09","guid":{"rendered":"https:\/\/www.europesays.com\/de\/63967\/"},"modified":"2025-04-26T23:17:09","modified_gmt":"2025-04-26T23:17:09","slug":"paul-und-ich-schauspieler-winfried-glatzeder-zum-80-geburtstag-ndr-de-kultur","status":"publish","type":"post","link":"https:\/\/www.europesays.com\/de\/63967\/","title":{"rendered":"Paul und ich: Schauspieler Winfried Glatzeder zum 80. Geburtstag | NDR.de &#8211; Kultur"},"content":{"rendered":"<p>\nStand: 27.04.2025 00:01 Uhr\n<\/p>\n<p class=\"preface\">Seit mehr als 55 Jahren steht der Schauspieler Winfried Glatzeder auf Theaterb\u00fchnen und vor Filmkameras. Am 26. April feierte er seinen 80. Geburtstag und sprach zu diesem Anlass \u00fcber seine Karriere.<\/p>\n<p>Mit seiner Rolle als Paul in der <a href=\"https:\/\/www.ndr.de\/kultur\/film\/textlink105216-splash.html\" title=\"Link: DEFA auf Youtube: &quot;Die Legende von Paul und Paula&quot; als Trailer\" rel=\"noopener\" class=\"showSplashPage\" target=\"_blank\">DEFA-Produktion &#8222;Die Legende von Paul und Paula&#8220;<\/a>hat sich Winfried Glatzeder 1973 unsterblich gemacht. Im Interview spricht der &#8222;Belmondo des Ostens&#8220;, wie er genannt wurde, \u00fcber diesen Film und auch dar\u00fcber, wie er 1982 die DDR verlie\u00df, am D\u00fcsseldorfer Schauspielhaus eine neue Theaterheimat fand und im Kino unter anderem in Margarete von Trottas &#8222;Rosa Luxemburg&#8220; an der Seite von Barbara Sukowa zu sehen war.<\/p>\n<p><strong>Herr Glatzeder, Ihre Karriere hatte eine DDR-Seite und anschlie\u00dfend eine West-Seite. W\u00fcrden Sie das auch so sehen?<\/strong><\/p>\n<p><strong>Winfried Glatzeder:<\/strong> Nein, ich w\u00fcrde das nicht ganz so sehen. Ich w\u00fcrde erst einmal sehen, dass ich ein Beispiel f\u00fcr 80 Jahre Friedenszeit in Deutschland bin. Wenn man dann erst mal 80 ist, ist man nat\u00fcrlich in der letzten Phase seines Lebens. Das ist eine harte Herausforderung, weil der K\u00f6rper schon lange nicht mehr mitmachen will. Aber ich bin bereit, diesen Kampf aufzunehmen &#8211; das ist spannender als jeder Film.<\/p>\n<p>Weitere Informationen<\/p>\n<p><img decoding=\"async\" src=\"https:\/\/www.europesays.com\/de\/wp-content\/uploads\/2025\/04\/sendungsbild91384_v-contentgross.jpg\" alt=\"Die &quot;Ballas&quot; - eine Zimmermannsbrigade auf der DDR-Gro\u00dfbaustelle Schkona - gehen f\u00fcr ihren Chef durch dick und d\u00fcnn, mitunter auch auf unerlaubten Pfaden. Gemeinsam stellen sie die sozialistische Planwirtschaft auf den Kopf. \u00a9 NDR\/MDR\/BR \" title=\"Die &quot;Ballas&quot; - eine Zimmermannsbrigade auf der DDR-Gro\u00dfbaustelle Schkona - gehen f\u00fcr ihren Chef durch dick und d\u00fcnn, mitunter auch auf unerlaubten Pfaden. Gemeinsam stellen sie die sozialistische Planwirtschaft auf den Kopf.\" class=\"responsive\"\/><\/p>\n<p>\nMehr als 20 Filme wurden in der Geschichte der DEFA verboten. Mit dabei &#8222;Spur der Steine&#8220; mit Manfred Krug.<br \/>\n<a title=\"Zum Artikel: DEFA - Zwischen Propaganda und Verboten\" href=\"https:\/\/www.ndr.de\/kultur\/film\/DEFA-Zwischen-Propaganda-und-Verboten,defajubilaeum104.html\" class=\"cta \" target=\"_blank\" rel=\"noopener\">mehr<\/a>\n<\/p>\n<p><strong>W\u00fcrden Sie sagen, die Ost-Seite Ihrer k\u00fcnstlerischen Biografie war die erfolgreichere?<\/strong><\/p>\n<p><strong>Glatzeder:<\/strong> Ich w\u00fcrde schon sagen, dass ich das Gl\u00fcck hatte, mit drei Filmen zu DDR-Zeiten in die Herzen und den Verstand der Leute gedrungen zu sein. Das war &#8222;Die Legende von Paul und Paula&#8220;, &#8222;Zeit der St\u00f6rche&#8220; war auch nicht schlecht, und &#8222;Der Mann, der nach der Oma kam&#8220; war ein Film, wo die Gro\u00dfm\u00fctter mit ihren Enkelkindern hingingen. Es ging darum, ein Publikum zu finden und das meiste Publikum. Dass das angekommen ist, das sind Gl\u00fccksf\u00e4lle. Man macht 100 Filme, und am Ende bleiben vielleicht vier, vor denen man sich auch heute noch, wenn die Leute davon reden, nicht so sehr geniert.<\/p>\n<p><strong>Die &#8222;Legende von Paul und Paula&#8220; von 1973 z\u00e4hlt unbestritten zu einem der erfolgreichsten Defa-Produktionen. Ihre Autobiografie hei\u00dft &#8222;Paul und ich&#8220; &#8211; ist dieser Film tats\u00e4chlich Ihr Lieblingsfilm in Ihrer Karriere, Ihre beste schauspielerische Leistung? Oder gibt es m\u00f6glicherweise noch etwas anderes?<\/strong><\/p>\n<p><strong>Glatzeder:<\/strong> Jeder Handwerker sieht all die Fehler, die er an einem M\u00f6belst\u00fcck h\u00e4tte besser machen k\u00f6nnen. Auch ich sehe, wenn ich einen Film sehe, den nicht vor 50 Jahren gemacht habe, die Fehler. Aber ich war wirklich in der Schlottrigkeit und in dem Ehrgeiz, erfolgreich zu sein, sehr authentisch. Darum geht es \u00fcberhaupt, weil man nur mit den authentischen Gedanken und mit dem in dem Moment erzeugten, wahren Gef\u00fchl auch die Zuschauer erreicht. Insofern bin ich da nicht nur dankbar, sondern sage: &#8222;Ja, hast du ganz gut gemacht.&#8220;<\/p>\n<p>Das Gespr\u00e4ch wurde gef\u00fchrt von <a href=\"https:\/\/www.ndr.de\/kultur\/seitz136.html\" title=\"Zum Artikel: Axel Seitz\" target=\"_blank\" rel=\"noopener\">Axel Seitz<\/a>. Das komplette Interview k\u00f6nnen Sie in der ARD Audiothek h\u00f6ren und \u00fcberall, wo es Podcasts gibt.<\/p>\n<p>Weitere Informationen<\/p>\n<p><img decoding=\"async\" src=\"https:\/\/www.europesays.com\/de\/wp-content\/uploads\/2025\/04\/corinnaharfouch140_v-contentgross.jpg\" alt=\"Schauspielerin Corinna Harfouch l\u00e4chelt seitlich in die Kamera. \u00a9 picture alliance\/dpa | Sven Hoppe Foto: Sven Hoppe\" title=\"Schauspielerin Corinna Harfouch l\u00e4chelt seitlich in die Kamera.\" class=\"responsive\"\/><\/p>\n<p>\nDie 70-J\u00e4hrige z\u00e4hlt zu den gro\u00dfen Charakter-Darstellerinnen der DDR. Auch im Westen wird Corinna Harfouch mit gro\u00dfen Rollen bekannt.<br \/>\n<a title=\"Zum Artikel: Corinna Harfouch blickt auf eindrucksvolle Karriere zur\u00fcck\" href=\"https:\/\/www.ndr.de\/kultur\/film\/Corinna-Harfouch-blickt-auf-eindrucksvolle-Karriere-zurueck,corinnaharfouch134.html\" class=\"cta \" target=\"_blank\" rel=\"noopener\">mehr<\/a>\n<\/p>\n<p><img decoding=\"async\" src=\"https:\/\/www.europesays.com\/de\/wp-content\/uploads\/2025\/04\/harfouch144_v-contentgross.jpg\" alt=\"Eine Frau mit hellen Haaren und gr\u00fcnem Oberteil h\u00e4lt eine Hand erhoben, die andere h\u00e4lt ein Mikrofon (Corinna Harfouch) \u00a9 picture alliance\/dpa | Christophe Gateau Foto: Christophe Gateau\" title=\"Eine Frau mit hellen Haaren und gr\u00fcnem Oberteil h\u00e4lt eine Hand erhoben, die andere h\u00e4lt ein Mikrofon (Corinna Harfouch)\" class=\"responsive\"\/><\/p>\n<p>\nDie 70-j\u00e4hrige Schauspielerin las im Schauspiel Hannover aufw\u00fchlend aus dem Text &#8222;In einer Kriegszeit leben&#8220; von Etel Adnan.<br \/>\n<a title=\"Zum Artikel: Wie ein Faustschlag: Corinna Harfouchs Kriegstext-Lesung\" href=\"https:\/\/www.ndr.de\/kultur\/buehne\/Wie-ein-Faustschlag-Corinna-Harfouchs-Kriegstext-Lesung,harfouch142.html\" class=\"cta \" target=\"_blank\" rel=\"noopener\">mehr<\/a>\n<\/p>\n<p>Dieses Thema im Programm:<\/p>\n<p>NDR Kultur |<br \/>\nDas Gespr\u00e4ch |<br \/>\n27.04.2025 | 15:00 Uhr<\/p>\n<p><img decoding=\"async\" src=\"https:\/\/www.europesays.com\/de\/wp-content\/uploads\/2025\/03\/ndr_printlogo.gif\" alt=\"NDR Logo\" title=\"NDR Logo\"\/><\/p>\n","protected":false},"excerpt":{"rendered":"Stand: 27.04.2025 00:01 Uhr Seit mehr als 55 Jahren steht der Schauspieler Winfried Glatzeder auf Theaterb\u00fchnen und vor&hellip;\n","protected":false},"author":2,"featured_media":63968,"comment_status":"","ping_status":"","sticky":false,"template":"","format":"standard","meta":{"footnotes":""},"categories":[155],"tags":[29,214,30,2699,2134,438,439,440,28792,471,5284,94,215,28791],"class_list":{"0":"post-63967","1":"post","2":"type-post","3":"status-publish","4":"format-standard","5":"has-post-thumbnail","7":"category-unterhaltung","8":"tag-deutschland","9":"tag-entertainment","10":"tag-germany","11":"tag-gespraech","12":"tag-interview","13":"tag-ndr","14":"tag-norddeutscher-rundfunk","15":"tag-norddeutschland","16":"tag-paul-und-paula","17":"tag-serien","18":"tag-spielfilm","19":"tag-theater","20":"tag-unterhaltung","21":"tag-winfried-glatzeder"},"share_on_mastodon":{"url":"https:\/\/pubeurope.com\/@de\/114406820880404028","error":""},"_links":{"self":[{"href":"https:\/\/www.europesays.com\/de\/wp-json\/wp\/v2\/posts\/63967","targetHints":{"allow":["GET"]}}],"collection":[{"href":"https:\/\/www.europesays.com\/de\/wp-json\/wp\/v2\/posts"}],"about":[{"href":"https:\/\/www.europesays.com\/de\/wp-json\/wp\/v2\/types\/post"}],"author":[{"embeddable":true,"href":"https:\/\/www.europesays.com\/de\/wp-json\/wp\/v2\/users\/2"}],"replies":[{"embeddable":true,"href":"https:\/\/www.europesays.com\/de\/wp-json\/wp\/v2\/comments?post=63967"}],"version-history":[{"count":0,"href":"https:\/\/www.europesays.com\/de\/wp-json\/wp\/v2\/posts\/63967\/revisions"}],"wp:featuredmedia":[{"embeddable":true,"href":"https:\/\/www.europesays.com\/de\/wp-json\/wp\/v2\/media\/63968"}],"wp:attachment":[{"href":"https:\/\/www.europesays.com\/de\/wp-json\/wp\/v2\/media?parent=63967"}],"wp:term":[{"taxonomy":"category","embeddable":true,"href":"https:\/\/www.europesays.com\/de\/wp-json\/wp\/v2\/categories?post=63967"},{"taxonomy":"post_tag","embeddable":true,"href":"https:\/\/www.europesays.com\/de\/wp-json\/wp\/v2\/tags?post=63967"}],"curies":[{"name":"wp","href":"https:\/\/api.w.org\/{rel}","templated":true}]}}