{"id":639674,"date":"2025-12-11T17:44:11","date_gmt":"2025-12-11T17:44:11","guid":{"rendered":"https:\/\/www.europesays.com\/de\/639674\/"},"modified":"2025-12-11T17:44:11","modified_gmt":"2025-12-11T17:44:11","slug":"moers-krimifestival-2026-das-erwartet-die-besucher","status":"publish","type":"post","link":"https:\/\/www.europesays.com\/de\/639674\/","title":{"rendered":"Moers: Krimifestival 2026 &#8211; das erwartet die Besucher"},"content":{"rendered":"<p class=\"text_ohne_einzug richtext text-em-55 !leading-serif mx-6 desktop:mx-0\"> Vier Tage lang Mord und Totschlag, Betrug, Verrat und Hinterlist: Auch im kommenden Jahr d\u00fcrfen sich Fans der b\u00f6sen Taten wieder auf ein zwar k\u00fcrzeres, aber nichtsdestotrotz spannendes Krimi-Festival in <a href=\"https:\/\/rp-online.de\/thema\/moers\/\" target=\"_blank\" rel=\"noopener\">Moers<\/a> freuen.<\/p>\n<p class=\"richtext text-em-55 !leading-serif mx-6 desktop:mx-0\">F\u00fcr die verk\u00fcrzte Version des Festivals, das seit 2004 alle zwei Jahre stattfindet, gibt es eine Erkl\u00e4rung: Denn nur ein Jahr sp\u00e4ter, 2027, wird die Stadt Moers im Rahmen der Internationalen Gartenausstellung im <a href=\"https:\/\/rp-online.de\/thema\/ruhrgebiet\/\" target=\"_blank\" rel=\"noopener\">Ruhrgebiet<\/a> \u2013 IGA 2027 \u2013 ein gro\u00dfes Krimifestival unter dem Arbeitstitel \u201aGreen\u2018 zum Gesamtprogramm beisteuern.<\/p>\n<p class=\"richtext text-em-55 !leading-serif mx-6 desktop:mx-0\">\u201eDabei wird es in erster Linie um Krimis aus dem Bereich Natur, G\u00e4rten, Klima und \u00d6kologie gehen. Ein Krimifestival mit solch einer speziellen Ausrichtung hat es meines Wissens nach bisher noch nirgends gegeben\u201c, erkl\u00e4rte die auch schon f\u00fcr die Gestaltung des jetzt kommenden Festivals zust\u00e4ndige Kuratorin Rita Mielke am Mittwoch bei einem Pressetermin in den R\u00e4umen der Sparkasse am Niederrhein.<\/p>\n<p class=\"richtext text-em-55 !leading-serif mx-6 desktop:mx-0\">Deren Kulturstiftung unterst\u00fctzt das Moerser Krimifestival seit 2004 als Hauptsponsor und wird \u201ein dieser Funktion auch weiterhin dabei sein\u201c, versprach der Vorstandsvorsitzende Giovanni Malaponti bei der Gelegenheit.<\/p>\n<p class=\"richtext text-em-55 !leading-serif mx-6 desktop:mx-0\">Doch jetzt zu dem was, die Besucher des Moerser Krimifestival 2026 erwartet. Den Auftakt macht am Donnerstag, 13. M\u00e4rz, der bekannte, aus dem Saarland stammende Krimiautor Andreas Pfl\u00fcger in der Kundenhalle der Sparkasse am Ostring 4-5. Dort wird er ab 19.30 Uhr aus seinem neuesten Buch \u201eK\u00e4lter\u201c lesen, wobei ihm der nicht minder bekannte Journalist und Krimispezialist Ulrich Noller als Moderator zur Seite stehen wird.<\/p>\n<p class=\"richtext text-em-55 !leading-serif mx-6 desktop:mx-0\">Einen Tag sp\u00e4ter, am Freitag, geht es dann ab 19 Uhr im Alten Moerser Landratsamt, Kastell 5, unter dem Titel \u201eDame Agatha\u201c mit einer von dem Autor, Verleger, Karikaturisten, und Besitzer der gr\u00f6\u00dften, zusammenh\u00e4ngenden Krimisammlung Deutschlands Ralf Kamp gestalteten Hommage an die vor 50 Jahren verstorbene \u201eQueen of Crime\u201c Agatha Christie weiter.<\/p>\n<p class=\"richtext text-em-55 !leading-serif mx-6 desktop:mx-0\">Der n\u00e4chste Festivaltag, also der 14. M\u00e4rz, bietet gleich zwei Veranstaltungen. Die erste ist eine um 17 Uhr im Foyer der Moerser Bibliothek, Wilhelm-Schroeder-Stra\u00dfe 10, angebotene Spenden- und Tauschb\u00f6rse f\u00fcr ausgelesene Krimis und Psychothriller, bei der man nicht nur seine B\u00fccherregale frei machen, sondern sie f\u00fcr gerade mal 2 Euro pro Buch erneut wieder mit spannenden Mordgeschichten f\u00fcllen kann. Die Abgabe der ausgelesenen B\u00fccher ist vom 2. bis 7. M\u00e4rz 2026 zu den regul\u00e4ren \u00d6ffnungszeiten der Bibliothek m\u00f6glich.<\/p>\n<p class=\"richtext text-em-55 !leading-serif mx-6 desktop:mx-0\">Ab 18 Uhr reist dann \u2013 diesmal in den Ausleihr\u00e4umen der Moerser Bibliothek \u2013 Festival-Kuratorin Rita Mielke mit Ulrich Noller, einem der wohl besten Kenner des deutschen und internationalen Krimi-Genres, \u201ein zwanzig Krimis um die Welt\u201c.<\/p>\n<p class=\"richtext text-em-55 !leading-serif mx-6 desktop:mx-0\">\u201eDiese Reise bietet den Besuchern die M\u00f6glichkeit, auf eine besonders spannende Weise andere Kulturen und deren Umgang mit Verbrechen kennen zu lernen\u201c, verprach Mielke am Mittwoch.<\/p>\n<p class=\"richtext text-em-55 !leading-serif mx-6 desktop:mx-0\">Die f\u00fcnfte und letzte Veranstaltung des Moerser Krimifestivals 2026 findet schlie\u00dflich wieder in der Kundenhalle der Sparkasse am Niederrhein statt. Dort stellen sich dem Publikum unter dem Titel \u201eWomen in Crime\u201c ab 17 Uhr mit der Journalistin und Giftpflanzenkennerin Noemi Harnickel, der Verlegerin und Herausgeberin Else Laudan und der jungen Sozialarbeiterin und Krimi-Newcomerin Justine Pust gleich drei weibliche Verbrechensexpertinnen vor.<\/p>\n<p class=\"richtext text-em-55 !leading-serif mx-6 desktop:mx-0\">\u201eIch denke, das ist ein tolle Mischung\u201c, fand die ebenfalls am Mittwoch anwesende Gesch\u00e4ftsf\u00fchrerin der st\u00e4dtischen, eigenbetriebs\u00e4hnlichen Einrichtung \u201eBildung und Museumsleitung\u201c Diana Finkele. In diesem Zusammenhang bedankte sie sich vor allem bei der Moerser Bibliotheksleiterin Ursula Wiltsch und bei der Vorsitzenden der \u201eMoerser Gesellschaft zur F\u00f6rderung des literarischen Lebens\u201c Fania Burger f\u00fcr deren Beitr\u00e4ge zur Erhaltung und Fortsetzung des Moerser Krimifestivals.<\/p>\n","protected":false},"excerpt":{"rendered":"Vier Tage lang Mord und Totschlag, Betrug, Verrat und Hinterlist: Auch im kommenden Jahr d\u00fcrfen sich Fans der&hellip;\n","protected":false},"author":2,"featured_media":639675,"comment_status":"","ping_status":"","sticky":false,"template":"","format":"standard","meta":{"footnotes":""},"categories":[1838],"tags":[3807,242,150763,3894,150767,3364,29,3715,5561,31279,30,1472,150766,128445,9559,150765,150764,150762,25500,3716,1209,4787],"class_list":{"0":"post-639674","1":"post","2":"type-post","3":"status-publish","4":"format-standard","5":"has-post-thumbnail","7":"category-duisburg","8":"tag-moers","9":"tag-242","10":"tag-bibliothe","11":"tag-bibliothek","12":"tag-bibliotheksleiterin","13":"tag-de","14":"tag-deutschland","15":"tag-duisburg","16":"tag-festival","17":"tag-festivaltag","18":"tag-germany","19":"tag-krimi","20":"tag-krimiautor","21":"tag-krimifestival","22":"tag-krimis","23":"tag-krimisammlung","24":"tag-krimispezialist","25":"tag-mielke","26":"tag-moerser","27":"tag-niederrhein","28":"tag-nordrhein-westfalen","29":"tag-sparkasse"},"share_on_mastodon":{"url":"https:\/\/pubeurope.com\/@de\/115702180358593497","error":""},"_links":{"self":[{"href":"https:\/\/www.europesays.com\/de\/wp-json\/wp\/v2\/posts\/639674","targetHints":{"allow":["GET"]}}],"collection":[{"href":"https:\/\/www.europesays.com\/de\/wp-json\/wp\/v2\/posts"}],"about":[{"href":"https:\/\/www.europesays.com\/de\/wp-json\/wp\/v2\/types\/post"}],"author":[{"embeddable":true,"href":"https:\/\/www.europesays.com\/de\/wp-json\/wp\/v2\/users\/2"}],"replies":[{"embeddable":true,"href":"https:\/\/www.europesays.com\/de\/wp-json\/wp\/v2\/comments?post=639674"}],"version-history":[{"count":0,"href":"https:\/\/www.europesays.com\/de\/wp-json\/wp\/v2\/posts\/639674\/revisions"}],"wp:featuredmedia":[{"embeddable":true,"href":"https:\/\/www.europesays.com\/de\/wp-json\/wp\/v2\/media\/639675"}],"wp:attachment":[{"href":"https:\/\/www.europesays.com\/de\/wp-json\/wp\/v2\/media?parent=639674"}],"wp:term":[{"taxonomy":"category","embeddable":true,"href":"https:\/\/www.europesays.com\/de\/wp-json\/wp\/v2\/categories?post=639674"},{"taxonomy":"post_tag","embeddable":true,"href":"https:\/\/www.europesays.com\/de\/wp-json\/wp\/v2\/tags?post=639674"}],"curies":[{"name":"wp","href":"https:\/\/api.w.org\/{rel}","templated":true}]}}