{"id":639676,"date":"2025-12-11T17:45:22","date_gmt":"2025-12-11T17:45:22","guid":{"rendered":"https:\/\/www.europesays.com\/de\/639676\/"},"modified":"2025-12-11T17:45:22","modified_gmt":"2025-12-11T17:45:22","slug":"a3-bei-duisburg-schwertransporter-brennt","status":"publish","type":"post","link":"https:\/\/www.europesays.com\/de\/639676\/","title":{"rendered":"A3 bei Duisburg: Schwertransporter brennt"},"content":{"rendered":"<p class=\"richtext text-em-55 !leading-serif mx-6 desktop:mx-0\">Schlechte Nachrichten f\u00fcr Pendler im <a href=\"https:\/\/rp-online.de\/thema\/ruhrgebiet\/\" target=\"_blank\" rel=\"noopener\">Ruhrgebiet<\/a> und am Niederrhein: Auf der <a href=\"https:\/\/rp-online.de\/thema\/a3\/\" target=\"_blank\" rel=\"noopener\">A3<\/a> zwischen <a href=\"https:\/\/rp-online.de\/thema\/duisburg\/\" target=\"_blank\" rel=\"noopener\">Duisburg<\/a> und <a href=\"https:\/\/rp-online.de\/thema\/oberhausen\/\" target=\"_blank\" rel=\"noopener\">Oberhausen<\/a> geht derzeit nach einem Unfall mit einem Schwertransporter in beide Fahrtrichtungen nichts mehr. Richtung K\u00f6ln und Oberhausen ist die Autobahn weitr\u00e4umig gesperrt.<\/p>\n<p class=\"richtext text-em-55 !leading-serif mx-6 desktop:mx-0\">Grund daf\u00fcr ist ein Lkw, der aus noch unbekannter Ursache Feuer fing. Wie die <a href=\"https:\/\/rp-online.de\/thema\/polizei\/\" target=\"_blank\" rel=\"noopener\">Polizei<\/a> auf Anfrage best\u00e4tigte, war der Schwerlasttransporter, der einen Bagger geladen hatte, am Kreuz Kaiserberg in Flammen geraten. Menschen seien bei dem Einsatz nicht verletzt worden, teilte der Sprecher der Polizei weiter mit.<\/p>\n<p class=\"richtext text-em-55 !leading-serif mx-6 desktop:mx-0\">Mittlerweile ist auch klar, dass die Sperrung heute nicht mehr aufgehoben wird. Wie die Autobahnpolizei mitteilt, wird die A3 an der Unfallstelle in beide Richtung bis mindestens Samstagmittag gesperrt, hei\u00dft es. Nach dem Brand muss nun eine Br\u00fccke auf ihre Statik gepr\u00fcft werden.<\/p>\n<p class=\"richtext text-em-55 !leading-serif mx-6 desktop:mx-0\">Nach der Bergung des Lastwagens werde \u2013 voraussichtlich am Freitag \u2013 der Asphalt an der Unfallstelle abgefr\u00e4st, so die zust\u00e4ndige Autobahn GmbH. Die Br\u00fccke werde \u201eumfassend statisch untersucht\u201c. Falls der Beton an der Br\u00fccke unbesch\u00e4digt ist, k\u00f6nne sie am Samstagmittag wieder f\u00fcr den Verkehr freigegeben werden.<\/p>\n<p class=\"richtext text-em-55 !leading-serif mx-6 desktop:mx-0\">\u201eSollten Sch\u00e4den festgestellt werden, m\u00fcssen die Ergebnisse bewertet und das weitere Vorgehen abgestimmt werden. Eine Prognose w\u00e4re erst nach Abschluss der Statikpr\u00fcfung m\u00f6glich\u201c, so die Autobahn-Gesellschaft.<\/p>\n<p class=\"richtext text-em-55 !leading-serif mx-6 desktop:mx-0\">Das d\u00fcrfte insbesondere am Wochenende zu massiven Verkehrseinschr\u00e4nkungen in Duisburg f\u00fchren. Denn dann wird auch die <a href=\"https:\/\/rp-online.de\/thema\/a40\/\" target=\"_blank\" rel=\"noopener\">A40<\/a> gesperrt. Wegen Bauarbeiten ist die Autobahn von Freitag, 12. Dezember, 20 Uhr, bis Montag, 15. Dezember, 5 Uhr dicht. Betroffen sind beide Fahrtrichtungen zwischen den Anschlussstellen Duisburg-Rheinhausen und Duisburg-H\u00e4fen (Fahrtrichtung Essen) und zwischen dem Autobahnkreuz Duisburg und der Anschlussstelle Rheinhausen (Fahrtrichtung Venlo).<\/p>\n<p class=\"richtext text-em-55 !leading-serif mx-6 desktop:mx-0\">Der Unfall ereignete sich gegen 5.30 Uhr. Die Feuerwehr war bereits am fr\u00fchen Morgen am Kreuz Kaiserberg vor Ort und konnte den Brand z\u00fcgig l\u00f6schen. \u201eDie Statik der Br\u00fcckenteile muss noch \u00fcberpr\u00fcft werden\u201c, hie\u00df es bereits kurz nach dem Brand \u201eDaf\u00fcr muss der Statiker rausfahren\u201c, so ein Sprecher der Polizei D\u00fcsseldorf. Derzeit werde der angestaute Verkehr aber durch die Einsatzkr\u00e4fte zur\u00fcckgef\u00fchrt.<\/p>\n<p class=\"richtext text-em-55 !leading-serif mx-6 desktop:mx-0\">Zudem muss auch der Lkw noch geborgen werden. Auch das k\u00f6nne einige Zeit in Anspruch nehmen, so der Polizeisprecher. Derzeit l\u00e4uft dieser Einsatz noch.<\/p>\n","protected":false},"excerpt":{"rendered":"Schlechte Nachrichten f\u00fcr Pendler im Ruhrgebiet und am Niederrhein: Auf der A3 zwischen Duisburg und Oberhausen geht derzeit&hellip;\n","protected":false},"author":2,"featured_media":639677,"comment_status":"","ping_status":"","sticky":false,"template":"","format":"standard","meta":{"footnotes":""},"categories":[1838],"tags":[17324,3364,29,3715,150753,987,985,2993,30,5783,1962,1209,102162],"class_list":{"0":"post-639676","1":"post","2":"type-post","3":"status-publish","4":"format-standard","5":"has-post-thumbnail","7":"category-duisburg","8":"tag-bagger","9":"tag-de","10":"tag-deutschland","11":"tag-duisburg","12":"tag-fahrtrichtungen","13":"tag-feuer","14":"tag-feuerwehr","15":"tag-flammen","16":"tag-germany","17":"tag-gesperrt","18":"tag-lkw","19":"tag-nordrhein-westfalen","20":"tag-richtungen"},"share_on_mastodon":{"url":"https:\/\/pubeurope.com\/@de\/115702184154655515","error":""},"_links":{"self":[{"href":"https:\/\/www.europesays.com\/de\/wp-json\/wp\/v2\/posts\/639676","targetHints":{"allow":["GET"]}}],"collection":[{"href":"https:\/\/www.europesays.com\/de\/wp-json\/wp\/v2\/posts"}],"about":[{"href":"https:\/\/www.europesays.com\/de\/wp-json\/wp\/v2\/types\/post"}],"author":[{"embeddable":true,"href":"https:\/\/www.europesays.com\/de\/wp-json\/wp\/v2\/users\/2"}],"replies":[{"embeddable":true,"href":"https:\/\/www.europesays.com\/de\/wp-json\/wp\/v2\/comments?post=639676"}],"version-history":[{"count":0,"href":"https:\/\/www.europesays.com\/de\/wp-json\/wp\/v2\/posts\/639676\/revisions"}],"wp:featuredmedia":[{"embeddable":true,"href":"https:\/\/www.europesays.com\/de\/wp-json\/wp\/v2\/media\/639677"}],"wp:attachment":[{"href":"https:\/\/www.europesays.com\/de\/wp-json\/wp\/v2\/media?parent=639676"}],"wp:term":[{"taxonomy":"category","embeddable":true,"href":"https:\/\/www.europesays.com\/de\/wp-json\/wp\/v2\/categories?post=639676"},{"taxonomy":"post_tag","embeddable":true,"href":"https:\/\/www.europesays.com\/de\/wp-json\/wp\/v2\/tags?post=639676"}],"curies":[{"name":"wp","href":"https:\/\/api.w.org\/{rel}","templated":true}]}}