{"id":639678,"date":"2025-12-11T17:47:11","date_gmt":"2025-12-11T17:47:11","guid":{"rendered":"https:\/\/www.europesays.com\/de\/639678\/"},"modified":"2025-12-11T17:47:11","modified_gmt":"2025-12-11T17:47:11","slug":"retterspitz-traditionelle-heilmittel-aus-nuernberg-neu-inszeniert","status":"publish","type":"post","link":"https:\/\/www.europesays.com\/de\/639678\/","title":{"rendered":"Retterspitz: Traditionelle Heilmittel aus N\u00fcrnberg neu inszeniert"},"content":{"rendered":"<p>Ein paar Milliliter Arnikatinktur, dazu \u00d6le aus Zitronen, Orangenbl\u00fcten, Rosmarin und Thymian, etwas Weins\u00e4ure, Seife, noch ein paar andere Zutaten und Alkohol. Irgendwann am Ende des 19. Jahrhunderts ist ein Arzt im Raum N\u00fcrnberg auf die Idee gekommen, all das zu einem Mittel zu verr\u00fchren, wohl in der Hoffnung, es m\u00f6ge der Haut guttun und auf Wickeln gegen alle m\u00f6glichen Leiden wie Muskelschmerzen helfen.\u00a0<\/p>\n","protected":false},"excerpt":{"rendered":"Ein paar Milliliter Arnikatinktur, dazu \u00d6le aus Zitronen, Orangenbl\u00fcten, Rosmarin und Thymian, etwas Weins\u00e4ure, Seife, noch ein paar&hellip;\n","protected":false},"author":2,"featured_media":639679,"comment_status":"","ping_status":"","sticky":false,"template":"","format":"standard","meta":{"footnotes":""},"categories":[1837],"tags":[772,3364,29,30,141,150770,150768,8902,3783,150769,3877,173],"class_list":{"0":"post-639678","1":"post","2":"type-post","3":"status-publish","4":"format-standard","5":"has-post-thumbnail","7":"category-nuernberg","8":"tag-bayern","9":"tag-de","10":"tag-deutschland","11":"tag-germany","12":"tag-gesundheit","13":"tag-heilmittel","14":"tag-nrnberger-land","15":"tag-nrnberg","16":"tag-nuernberg","17":"tag-retterspitz","18":"tag-sddeutsche-zeitung","19":"tag-unternehmen"},"share_on_mastodon":{"url":"https:\/\/pubeurope.com\/@de\/115702192182230679","error":""},"_links":{"self":[{"href":"https:\/\/www.europesays.com\/de\/wp-json\/wp\/v2\/posts\/639678","targetHints":{"allow":["GET"]}}],"collection":[{"href":"https:\/\/www.europesays.com\/de\/wp-json\/wp\/v2\/posts"}],"about":[{"href":"https:\/\/www.europesays.com\/de\/wp-json\/wp\/v2\/types\/post"}],"author":[{"embeddable":true,"href":"https:\/\/www.europesays.com\/de\/wp-json\/wp\/v2\/users\/2"}],"replies":[{"embeddable":true,"href":"https:\/\/www.europesays.com\/de\/wp-json\/wp\/v2\/comments?post=639678"}],"version-history":[{"count":0,"href":"https:\/\/www.europesays.com\/de\/wp-json\/wp\/v2\/posts\/639678\/revisions"}],"wp:featuredmedia":[{"embeddable":true,"href":"https:\/\/www.europesays.com\/de\/wp-json\/wp\/v2\/media\/639679"}],"wp:attachment":[{"href":"https:\/\/www.europesays.com\/de\/wp-json\/wp\/v2\/media?parent=639678"}],"wp:term":[{"taxonomy":"category","embeddable":true,"href":"https:\/\/www.europesays.com\/de\/wp-json\/wp\/v2\/categories?post=639678"},{"taxonomy":"post_tag","embeddable":true,"href":"https:\/\/www.europesays.com\/de\/wp-json\/wp\/v2\/tags?post=639678"}],"curies":[{"name":"wp","href":"https:\/\/api.w.org\/{rel}","templated":true}]}}