{"id":639686,"date":"2025-12-11T17:51:31","date_gmt":"2025-12-11T17:51:31","guid":{"rendered":"https:\/\/www.europesays.com\/de\/639686\/"},"modified":"2025-12-11T17:51:31","modified_gmt":"2025-12-11T17:51:31","slug":"schlag-gegen-mutmasslichen-drogenhandel-und-zukunft-des-oepnv-in-dresden-%c2%b7-leipziger-zeitung","status":"publish","type":"post","link":"https:\/\/www.europesays.com\/de\/639686\/","title":{"rendered":"Schlag gegen mutma\u00dflichen Drogenhandel und Zukunft des \u00d6PNV in Dresden \u00b7 Leipziger Zeitung"},"content":{"rendered":"<p>Wie heute bekannt wurde, haben Ermittler f\u00fcnf mutma\u00dfliche Mitglieder einer Drogenbande hinter Gitter gebracht. Und: Der Stadtrat von Dresden entscheidet \u00fcber die Zul\u00e4ssigkeit eines B\u00fcrgerbegehrens, das K\u00fcrzungen im \u00d6PNV stoppen will. Die LZ fasst zusammen, was am Donnerstag, dem 11. Dezember 2025, in Leipzig, Sachsen und dar\u00fcber hinaus wichtig war.<\/p>\n<p>Verdacht auf Falschgeld und Drogenhandel: Mutma\u00dfliche Straft\u00e4ter in U-Haft<\/p>\n<p>Nach Razzien in Eilenburg und Leipzig am 26. November dieses Jahres sitzen nun f\u00fcnf M\u00e4nner zwischen 21 und 40 Jahren hinter Gittern: <a href=\"https:\/\/www.l-iz.de\/melder\/polizeimelder\/2025\/12\/funf-manner-in-haft-eisenbahnstrasse-641071\" target=\"_blank\" rel=\"noopener\">Dies teilte die Polizeidirektion (PD) Leipzig heute mit<\/a>.\u00a0Gegen die Betroffenen habe aufgrund von Zeugenhinweisen der Verdacht auf Drogenhandel bestanden.<img decoding=\"async\" src=\"https:\/\/www.europesays.com\/de\/wp-content\/uploads\/2025\/12\/c9cfeaf24fe0477cab53a31c1b4b71e9.gif\" alt=\"\" width=\"https:\/\/www.l-iz.de\/der-tag\/2025\/12\/1\" height=\"https:\/\/www.l-iz.de\/der-tag\/2025\/12\/1\"\/><\/p>\n<p>Die Vermutung habe sich nach monatelangen Ermittlungen erh\u00e4rtet \u2013 die M\u00e4nner sollen insbesondere im Bereich der Eisenbahnstra\u00dfe aus verschiedenen Lokalit\u00e4ten arbeitsteilig Bet\u00e4ubungsmittel verkauft haben.<\/p>\n<p>Daraufhin r\u00fcckten Ermittler am 26. November 2025 zu Razzien an: \u201eHierbei wurden insgesamt rund zwei Kilogramm Kokain, mehr als 100 Gramm Crystal Meth und circa 400 g Heroin sichergestellt. Au\u00dferdem fanden die Ermittler mehrere tausend Euro Falschgeld und pyrotechnische Erzeugnisse, f\u00fcr die keine Erlaubnis vorlag. Zudem wurden umfangreiche Speichermedien sichergestellt und mehr als 20.000 Euro Bargeld in Verwahrung genommen.\u201c<\/p>\n<p>Am Ende kam es zur Festnahme von sechs M\u00e4nnern, von denen f\u00fcnf in U-Haft mussten, ein sechster (38) sei wegen mangelnder Haftgr\u00fcnde wieder auf freien Fu\u00df gesetzt worden. Zudem wurde ein Lokal versiegelt. Die Untersuchungen dauern an.<\/p>\n<p>Kommt es zum massiven Kahlschlag? Entscheidung \u00fcber Dresdener B\u00fcrgerbegehren zum \u00d6PNV<\/p>\n<p>Bei der letzten Dresdener Stadtratssitzung in diesem Jahr ab heute wird unter anderem eine Entscheidung mit Tragweite f\u00fcr die Zukunft des dortigen \u00d6PNV erwartet: Ein von Linken initiiertes B\u00fcrgerbegehren will das bereits ausged\u00fcnnte Angebot der Dresdener Verkehrsbetriebe (DVB) <a href=\"https:\/\/www.mdr.de\/nachrichten\/sachsen\/dresden\/dresden-radebeul\/dvb-buergerbegehren-stadtrat-sparen-100.html\" target=\"_blank\" rel=\"noopener\">auf dem Stand von 2024 erhalten<\/a>.<\/p>\n<p><a href=\"https:\/\/www.europesays.com\/de\/wp-content\/uploads\/2025\/12\/dvb.jpg\"><img loading=\"lazy\" decoding=\"async\" class=\"wp-image-621390 size-full\" src=\"https:\/\/www.europesays.com\/de\/wp-content\/uploads\/2025\/12\/dvb.jpg\" alt=\"\" width=\"5073\" height=\"3382\"  \/><\/a>Stra\u00dfenbahn in Dresden. Foto: DVB<\/p>\n<p>Doch trotz der 40.000 Unterschriften f\u00fcr jenes <a href=\"https:\/\/www.l-iz.de\/wirtschaft\/mobilitaet\/2025\/06\/burgerbegehren-nahverkehr-627119\" target=\"_blank\" rel=\"noopener\">B\u00fcrgerbegehren<\/a> regt sich Kritik, weil die Vorschl\u00e4ge zur \u00d6PNV-Finanzierung dort laut Stadtverwaltung unrealistisch und finanzielle Konsequenzen nicht richtig ausgewiesen seien. Diese Linie vertritt unter anderem Dresdens OBM Dirk Hilbert (54, FDP), der deswegen das B\u00fcrgerbegehren f\u00fcr unzul\u00e4ssig h\u00e4lt. \u00dcber diese Frage soll der Stadtrat der Landeshauptstadt abstimmen. Eine Entscheidung stand zun\u00e4chst noch aus.<\/p>\n<p>Bereits in diesem Jahr waren in Dresden erste Einsparungen bei Bus und Bahn vorgenommen worden, weitere k\u00f6nnten folgen. Bef\u00fcrworter verweisen auf n\u00f6tige Sanierungsma\u00dfnahmen des defizit\u00e4ren Verkehrsunternehmens, w\u00e4hrend Kritiker von einem Kahlschlag zulasten der Fahrg\u00e4ste sprechen. Zudem drohe mehr als 100 DVB-Mitarbeitern der Jobverlust.<\/p>\n<p><strong>Wor\u00fcber die LZ heute berichtet hat:<\/strong><\/p>\n<p><a class=\"post-link\" href=\"https:\/\/www.l-iz.de\/politik\/engagement\/2025\/12\/nabu-resolution-geplantes-zukunftsgesetz-natur-gesellschaft-641022\" target=\"_blank\" rel=\"noopener\">NABU-Resolution: Das geplante \u201eZukunftsgesetz\u201c bedroht Natur und Gesellschaft<\/a><\/p>\n<p><a class=\"post-link\" href=\"https:\/\/www.l-iz.de\/politik\/sachsen\/2025\/12\/wohnarmut-in-sachsen-wachst-linke-landtagsabgeordnete-reaktionen-staatsregierung-641012\" target=\"_blank\" rel=\"noopener\">Wohnarmut in Sachsen w\u00e4chst: Linke Landtagsabgeordnete fordert Reaktionen von der Staatsregierung<\/a><\/p>\n<p><a class=\"post-link\" href=\"https:\/\/www.l-iz.de\/kultur\/lebensart\/2025\/12\/steigende-kosten-in-leipzigs-stadtbibliothek-jahresgebuhr-bibliotheksausweis-marz-640977\" target=\"_blank\" rel=\"noopener\">Steigende Kosten in Leipzigs Stadtbibliothek: Jahresgeb\u00fchr f\u00fcr Bibliotheksausweis soll ab M\u00e4rz steigen<\/a><\/p>\n<p><a class=\"post-link\" href=\"https:\/\/www.l-iz.de\/politik\/europa\/2025\/12\/kniefall-friedrich-merz-donald-trump-eu-maga-zug-kommentar-640966\" target=\"_blank\" rel=\"noopener\">Kniefall von Friedrich Merz vor Donald Trump: Will er die EU vor den MAGA-Zug werfen? \u2013 Ein Kommentar<\/a><\/p>\n<p><a class=\"post-link\" href=\"https:\/\/www.l-iz.de\/politik\/leipzig\/2025\/12\/wildtiere-vor-silvesterbollerei-schutzen-leipzigs-umweltverbande-offener-brief-640973\" target=\"_blank\" rel=\"noopener\">Wildtiere vor Silvesterb\u00f6llerei sch\u00fctzen: Leipzigs Umweltverb\u00e4nde schreiben einen Offenen Brief<\/a><\/p>\n<p><a class=\"post-link\" href=\"https:\/\/www.l-iz.de\/bildung\/buecher\/2025\/12\/demagogie-lange-geschichte-kunst-demokratien-zerstorung-640990\" target=\"_blank\" rel=\"noopener\">Demagogie: Die lange Geschichte einer Kunst, mit der man Demokratien zerst\u00f6ren kann<\/a><\/p>\n<p><strong>Was sonst noch wichtig war:<\/strong><\/p>\n<p>Bei angeblichen Neuentdeckungen aus diesem Jahr zum Werk Johann Sebastian Bachs <a href=\"https:\/\/www.mdr.de\/nachrichten\/sachsen\/leipzig\/leipzig-leipzig-land\/bach-neue-werke-orgel-zweifel-kritik-kultur-news-100.html\" target=\"_blank\" rel=\"noopener\">gibt es Zweifel<\/a>.<\/p>\n<p>Der <a href=\"https:\/\/www.deutschlandfunk.de\/rutte-wir-sind-russlands-naechstes-ziel-104.html\" target=\"_blank\" rel=\"noopener\">NATO-Generalsekret\u00e4r warnt<\/a>, dass Putin mit seinem Gro\u00dfangriff auf die Ukraine seit 2022 dort nicht Halt machen wird.<\/p>\n<p>Die Koalition aus Union und SPD im Bund <a href=\"https:\/\/www.tagesschau.de\/inland\/innenpolitik\/koalitionsausschuss-290.html\" target=\"_blank\" rel=\"noopener\">bem\u00fcht sich um demonstrative Geschlossenheit<\/a>.<\/p>\n","protected":false},"excerpt":{"rendered":"Wie heute bekannt wurde, haben Ermittler f\u00fcnf mutma\u00dfliche Mitglieder einer Drogenbande hinter Gitter gebracht. Und: Der Stadtrat von&hellip;\n","protected":false},"author":2,"featured_media":639687,"comment_status":"","ping_status":"","sticky":false,"template":"","format":"standard","meta":{"footnotes":""},"categories":[1835],"tags":[28779,3364,2409,29,2386,1994,14070,30,5112,1442,859],"class_list":{"0":"post-639686","1":"post","2":"type-post","3":"status-publish","4":"format-standard","5":"has-post-thumbnail","7":"category-dresden","8":"tag-buergerbegehren","9":"tag-de","10":"tag-der-tag","11":"tag-deutschland","12":"tag-dresden","13":"tag-drogenhandel","14":"tag-eisenbahnstrasse","15":"tag-germany","16":"tag-oepnv","17":"tag-razzia","18":"tag-sachsen"},"share_on_mastodon":{"url":"https:\/\/pubeurope.com\/@de\/115702210249340810","error":""},"_links":{"self":[{"href":"https:\/\/www.europesays.com\/de\/wp-json\/wp\/v2\/posts\/639686","targetHints":{"allow":["GET"]}}],"collection":[{"href":"https:\/\/www.europesays.com\/de\/wp-json\/wp\/v2\/posts"}],"about":[{"href":"https:\/\/www.europesays.com\/de\/wp-json\/wp\/v2\/types\/post"}],"author":[{"embeddable":true,"href":"https:\/\/www.europesays.com\/de\/wp-json\/wp\/v2\/users\/2"}],"replies":[{"embeddable":true,"href":"https:\/\/www.europesays.com\/de\/wp-json\/wp\/v2\/comments?post=639686"}],"version-history":[{"count":0,"href":"https:\/\/www.europesays.com\/de\/wp-json\/wp\/v2\/posts\/639686\/revisions"}],"wp:featuredmedia":[{"embeddable":true,"href":"https:\/\/www.europesays.com\/de\/wp-json\/wp\/v2\/media\/639687"}],"wp:attachment":[{"href":"https:\/\/www.europesays.com\/de\/wp-json\/wp\/v2\/media?parent=639686"}],"wp:term":[{"taxonomy":"category","embeddable":true,"href":"https:\/\/www.europesays.com\/de\/wp-json\/wp\/v2\/categories?post=639686"},{"taxonomy":"post_tag","embeddable":true,"href":"https:\/\/www.europesays.com\/de\/wp-json\/wp\/v2\/tags?post=639686"}],"curies":[{"name":"wp","href":"https:\/\/api.w.org\/{rel}","templated":true}]}}