{"id":639703,"date":"2025-12-11T18:01:18","date_gmt":"2025-12-11T18:01:18","guid":{"rendered":"https:\/\/www.europesays.com\/de\/639703\/"},"modified":"2025-12-11T18:01:18","modified_gmt":"2025-12-11T18:01:18","slug":"rb-leipzig-timo-werner-mit-kader-comeback-gegen-union-sport","status":"publish","type":"post","link":"https:\/\/www.europesays.com\/de\/639703\/","title":{"rendered":"RB Leipzig: Timo Werner mit Kader-Comeback gegen Union | Sport"},"content":{"rendered":"<p><b>Die zahlreichen Verletzten im Kader sind seine Chance! Und so machte sich auch Timo Werner (29) am heutigen Donnerstag mit RB Leipzig auf die Reise nach Berlin, steht am Freitagabend beim Spiel gegen Union (20.30 Uhr\/live DAZN) auch im Kader.<\/b><\/p>\n<p>Das war zuletzt Ende September beim 1:0 in Wolfsburg der Fall. Zwischenzeitlich hatte Werner immer mal wieder mit muskul\u00e4ren Problemen zu tun. Nun das Kader-Comeback! Doch es wird wohl eine kurze Abschiedstournee des einstigen DFB-St\u00fcrmers werden, den die Fans in Leipzig immer noch so lieben und der den Klub einst erstmals in die Champions League geschossen hat.<\/p>\n<p><b>Was einst als Erfolgsgeschichte begann, h\u00e4tte sicher einen sch\u00f6neren Abschied verdient gehabt. Im Winter sollen sich die Wege trotz Vertrages bis 2026 endg\u00fcltig trennen.<\/b><\/p>\n<p>Mehr zum Thema<\/p>\n<p><b>Ein gro\u00dfer Fan von Werner war seit jeher Red-Bull-Boss und <\/b><a href=\"https:\/\/www.bild.de\/sport\/fussball\/real-madrid-red-bull-boss-mintzlaff-spricht-ueber-klopp-geruechte-693a6ec211f914c89b859d80\" class=\"text-link\" target=\"_blank\" rel=\"noopener\"><b>Leipzig-Aufsichtsratschef Oliver Mintzlaff (50)<\/b><\/a><b>. Er hat den Ex-Nationalspieler 2016 verpflichtet, ihm 2019 die \u00fcberraschende Vertragsverl\u00e4ngerung entlocken k\u00f6nnen und ihn 2022 von Chelsea zur\u00fcckgeholt.<\/b><\/p>\n<p>Auch interessant<\/p>\n<p>Anzeige<\/p>\n<p>Auch interessant<\/p>\n<p>Anzeige<\/p>\n<p>In einer Talkrunde der \u201eLeipziger Volkszeitung\u201c sagte Mintzlaff nun: \u201eIch habe ja ein spezielles, enges und gutes Verh\u00e4ltnis zu Timo Werner. Daher bin ich wahrscheinlich nicht so richtig objektiv. Ich h\u00e4tte schon gedacht, dass es eine M\u00f6glichkeit gegeben h\u00e4tte, ihm vielleicht ein paar Minuten zu geben, zumal er eine ordentliche Vorbereitung hingelegt hat. Aber das entscheidet der Trainer, das entscheidet die Performance.\u201c<\/p>\n<p><b>Und er gibt ehrlich zu: \u201eTimo Werner ist sicherlich kein einfacher Mensch, zweifelsohne kein einfacher Charakter, aber ein extrem feiner Kerl, dem wir sehr, sehr viel zu verdanken haben. Jeder Trainer hatte seine Probleme mit Timo Werner, ob Ralf Rangnick oder Julian Nagelsmann, aber alle haben ihn aufgestellt.\u201c <\/b><\/p>\n<p><b>Hintergrund: Werner galt nie als Trainings-Weltmeister. Aber wenn das Spiel angepfiffen wurde, war er da! Zu seinen Glanzzeiten war er ein Weltklasse-St\u00fcrmer und mit 113 Treffern in 214 Spielen ist er bis heute Rekordtorsch\u00fctze des Klubs.<\/b><\/p>\n<p>Klopp zu Real?: Das ist dran am Klopp-Ger\u00fccht<a class=\"anchor video-teaser__anchor\" href=\"https:\/\/www.bild.de\/sport\/fussball\/klopp-zu-real-das-ist-dran-am-klopp-geruecht-693a9fd11d9a098be4ca6301\" target=\"_blank\" rel=\"noopener\"><img decoding=\"async\" width=\"992\" height=\"558\" alt=\"\" src=\"https:\/\/www.europesays.com\/de\/wp-content\/uploads\/2025\/12\/6db4f0a5ceaf2a3abe81647572866520,d4acf062\"   class=\"landscape teaser__image\" loading=\"lazy\"\/><\/a><\/p>\n<p>Quelle: BILD11.12.2025<\/p>\n<p>Die aktuelle Situation sieht jedoch so aus: Trainer Ole Werner (37) hatte zuletzt die Quali der Wahl in der Offensive von <a href=\"https:\/\/www.bild.de\/sport\/fussball\/rb-leipzig\/startseite-leipzig-31148870.bild.html\" class=\"text-link\" target=\"_blank\" rel=\"noopener\">RB Leipzig<\/a> \u2013 mit jungen Spielern, die f\u00fcr die Zukunft des Klubs stehen. Werner hingegen muss seine Karriere an anderer Stelle fortsetzen &#8230;<\/p>\n","protected":false},"excerpt":{"rendered":"Die zahlreichen Verletzten im Kader sind seine Chance! Und so machte sich auch Timo Werner (29) am heutigen&hellip;\n","protected":false},"author":2,"featured_media":639704,"comment_status":"","ping_status":"","sticky":false,"template":"","format":"standard","meta":{"footnotes":""},"categories":[1832],"tags":[297,3364,29,538,458,4771,30,71,1655,1651,859,803,3460,45,539,38935],"class_list":{"0":"post-639703","1":"post","2":"type-post","3":"status-publish","4":"format-standard","5":"has-post-thumbnail","7":"category-leipzig","8":"tag-1-fc-union-berlin","9":"tag-de","10":"tag-deutschland","11":"tag-erste-bundesliga","12":"tag-fc-bayern-muenchen","13":"tag-fc-chelsea","14":"tag-germany","15":"tag-leipzig","16":"tag-rb-leipzig","17":"tag-red-bull","18":"tag-sachsen","19":"tag-spielertransfer","20":"tag-sport-leuchtturm-leipzig","21":"tag-texttospeech","22":"tag-werner-ole","23":"tag-werner-timo"},"share_on_mastodon":{"url":"https:\/\/pubeurope.com\/@de\/115702248045555354","error":""},"_links":{"self":[{"href":"https:\/\/www.europesays.com\/de\/wp-json\/wp\/v2\/posts\/639703","targetHints":{"allow":["GET"]}}],"collection":[{"href":"https:\/\/www.europesays.com\/de\/wp-json\/wp\/v2\/posts"}],"about":[{"href":"https:\/\/www.europesays.com\/de\/wp-json\/wp\/v2\/types\/post"}],"author":[{"embeddable":true,"href":"https:\/\/www.europesays.com\/de\/wp-json\/wp\/v2\/users\/2"}],"replies":[{"embeddable":true,"href":"https:\/\/www.europesays.com\/de\/wp-json\/wp\/v2\/comments?post=639703"}],"version-history":[{"count":0,"href":"https:\/\/www.europesays.com\/de\/wp-json\/wp\/v2\/posts\/639703\/revisions"}],"wp:featuredmedia":[{"embeddable":true,"href":"https:\/\/www.europesays.com\/de\/wp-json\/wp\/v2\/media\/639704"}],"wp:attachment":[{"href":"https:\/\/www.europesays.com\/de\/wp-json\/wp\/v2\/media?parent=639703"}],"wp:term":[{"taxonomy":"category","embeddable":true,"href":"https:\/\/www.europesays.com\/de\/wp-json\/wp\/v2\/categories?post=639703"},{"taxonomy":"post_tag","embeddable":true,"href":"https:\/\/www.europesays.com\/de\/wp-json\/wp\/v2\/tags?post=639703"}],"curies":[{"name":"wp","href":"https:\/\/api.w.org\/{rel}","templated":true}]}}