{"id":639707,"date":"2025-12-11T18:03:13","date_gmt":"2025-12-11T18:03:13","guid":{"rendered":"https:\/\/www.europesays.com\/de\/639707\/"},"modified":"2025-12-11T18:03:13","modified_gmt":"2025-12-11T18:03:13","slug":"politiker-wollen-plaene-fuer-kurzzeitparkplaetze-neu-pruefen","status":"publish","type":"post","link":"https:\/\/www.europesays.com\/de\/639707\/","title":{"rendered":"Politiker wollen Pl\u00e4ne f\u00fcr Kurzzeitparkpl\u00e4tze neu pr\u00fcfen"},"content":{"rendered":"<p class=\"text_ohne_einzug richtext text-em-55 !leading-serif mx-6 desktop:mx-0\">  An der K\u00f6lner Landstra\u00dfe will die Stadt eine zus\u00e4tzliche Fl\u00e4che f\u00fcr Kurzzeitparker schaffen. Diese Idee stammt urspr\u00fcnglich aus der Bezirksvertretung (BV) 9. Vor einiger Zeit hatten die Politiker die Verwaltung selbst gebeten, zu pr\u00fcfen, ob eine solche L\u00f6sung m\u00f6glich sei. Die nun vorgestellten Pl\u00e4ne schie\u00dfen aus Sicht der CDU-Fraktion im Stadts\u00fcden allerdings \u00fcber das Ziel hinaus. Sie bittet deshalb um eine \u00dcberarbeitung.<\/p>\n","protected":false},"excerpt":{"rendered":"An der K\u00f6lner Landstra\u00dfe will die Stadt eine zus\u00e4tzliche Fl\u00e4che f\u00fcr Kurzzeitparker schaffen. Diese Idee stammt urspr\u00fcnglich aus&hellip;\n","protected":false},"author":2,"featured_media":639708,"comment_status":"","ping_status":"","sticky":false,"template":"","format":"standard","meta":{"footnotes":""},"categories":[1831],"tags":[10339,49611,3364,29,3405,30,2160,8176,26375,1209,150772,236,15151,150774,55749,524,150773,17075],"class_list":{"0":"post-639707","1":"post","2":"type-post","3":"status-publish","4":"format-standard","5":"has-post-thumbnail","7":"category-duesseldorf","8":"tag-antrag","9":"tag-bezirksvertreter","10":"tag-de","11":"tag-deutschland","12":"tag-duesseldorf","13":"tag-germany","14":"tag-koelner","15":"tag-landstrasse","16":"tag-loesung","17":"tag-nordrhein-westfalen","18":"tag-parkstreifen","19":"tag-plaene","20":"tag-politiker","21":"tag-pruefantrag","22":"tag-pruefen","23":"tag-strasse","24":"tag-ueberpruefen","25":"tag-verwaltung"},"share_on_mastodon":{"url":"","error":""},"_links":{"self":[{"href":"https:\/\/www.europesays.com\/de\/wp-json\/wp\/v2\/posts\/639707","targetHints":{"allow":["GET"]}}],"collection":[{"href":"https:\/\/www.europesays.com\/de\/wp-json\/wp\/v2\/posts"}],"about":[{"href":"https:\/\/www.europesays.com\/de\/wp-json\/wp\/v2\/types\/post"}],"author":[{"embeddable":true,"href":"https:\/\/www.europesays.com\/de\/wp-json\/wp\/v2\/users\/2"}],"replies":[{"embeddable":true,"href":"https:\/\/www.europesays.com\/de\/wp-json\/wp\/v2\/comments?post=639707"}],"version-history":[{"count":0,"href":"https:\/\/www.europesays.com\/de\/wp-json\/wp\/v2\/posts\/639707\/revisions"}],"wp:featuredmedia":[{"embeddable":true,"href":"https:\/\/www.europesays.com\/de\/wp-json\/wp\/v2\/media\/639708"}],"wp:attachment":[{"href":"https:\/\/www.europesays.com\/de\/wp-json\/wp\/v2\/media?parent=639707"}],"wp:term":[{"taxonomy":"category","embeddable":true,"href":"https:\/\/www.europesays.com\/de\/wp-json\/wp\/v2\/categories?post=639707"},{"taxonomy":"post_tag","embeddable":true,"href":"https:\/\/www.europesays.com\/de\/wp-json\/wp\/v2\/tags?post=639707"}],"curies":[{"name":"wp","href":"https:\/\/api.w.org\/{rel}","templated":true}]}}