{"id":639709,"date":"2025-12-11T18:04:16","date_gmt":"2025-12-11T18:04:16","guid":{"rendered":"https:\/\/www.europesays.com\/de\/639709\/"},"modified":"2025-12-11T18:04:16","modified_gmt":"2025-12-11T18:04:16","slug":"schuesse-in-weilimdorf-weiterer-tatverdaechtiger-nach-versuchtem-toetungsdelikt-in-haft","status":"publish","type":"post","link":"https:\/\/www.europesays.com\/de\/639709\/","title":{"rendered":"Sch\u00fcsse in Weilimdorf: Weiterer Tatverd\u00e4chtiger nach versuchtem T\u00f6tungsdelikt in Haft"},"content":{"rendered":"<p>\t\t\t\t\t\t\t\t\t\t\t\t\t\t\t\t\t\t\t\t\t\t\t\t\t\t\t\t      \t\t            \t\t             \t\t\t\t   \t\t\t\t\t   <img decoding=\"async\" id=\"article-image\" fetchpriority=\"high\" alt=\"Sch\u00fcsse in Weilimdorf: Weiterer Tatverd\u00e4chtiger nach versuchtem T\u00f6tungsdelikt in Haft\" title=\"Sch\u00fcsse in Weilimdorf: Weiterer Tatverd\u00e4chtiger nach versuchtem T\u00f6tungsdelikt in Haft\" src=\"https:\/\/www.europesays.com\/de\/wp-content\/uploads\/2025\/12\/media.media.e4330ff0-5c0e-4303-b3f6-2d3e5543ad27.16x9_700.jpg\" data-linkto=\"https:\/\/www.stuttgarter-nachrichten.de\/javascript:void(0);\"\/>\t\t\t\t\t\t\t\t\t\t\t\t\t\t\t\t\t\t\t\t\t\t\t\tDer Spielplatz \u201eBeim Esel\u201c im Park bei der Lindenbachhalle in Stuttgart-Weilimdorf ist von der Polizei als Tatort abgesperrt.\u00a0Foto: Lichtgut\t\t\t<\/p>\n<p>Nach Sch\u00fcssen auf einem Spielplatz am Sonntag in Stuttgart-Weilimdorf hat die Polizei einen zweiten Tatverd\u00e4chtigen verhaftet. Er ist kein Unbekannter.<\/p>\n<p>Polizeibeamte haben am Donnerstag einen 18 Jahre alten Mann in <a href=\"https:\/\/www.stuttgarter-nachrichten.de\/thema\/Stuttgart\" title=\"Stuttgart\" class=\"art_thema\" target=\"_blank\" rel=\"noopener\">Stuttgart<\/a>-Feuerbach festgenommen. Er steht im Verdacht, <a href=\"https:\/\/www.stuttgarter-nachrichten.de\/inhalt.grosseinsatz-in-stuttgart-16-jaehriger-nach-streit-auf-spielplatz-in-weilimdorf-angeschossen.64ddca71-7062-4941-b595-983bcd1d9fc2.html\" target=\"_blank\" rel=\"noopener\">an dem versuchten T\u00f6tungsdelikt am Sonntagabend im Bereich eines Spielplatzes in Stuttgart-Weilimdorf beteiligt gewesen zu sein<\/a>.<\/p>\n<p>Wie die <a href=\"https:\/\/www.stuttgarter-nachrichten.de\/thema\/Polizei\" title=\"Polizei\" class=\"art_thema\" target=\"_blank\" rel=\"noopener\">Polizei<\/a> mitteilt, hatten Beamte den Tatverd\u00e4chtigen zun\u00e4chst <a href=\"https:\/\/www.stuttgarter-nachrichten.de\/inhalt.nach-schuessen-in-weilimdorf-razzien-in-feuerbach-und-gerlingen-polizei-nimmt-zwei-personen-fest.59265b29-cf19-4e08-81cd-19b1909c2f08.html\" target=\"_blank\" rel=\"noopener\">bereits vorl\u00e4ufig festgenommen<\/a>, anschlie\u00dfend jedoch wieder auf freien Fu\u00df gesetzt. Im Zuge der weiteren Ermittlungen erh\u00e4rtete sich der dringende Verdacht gegen den 18-J\u00e4hrigen wegen Anstiftung zu einem versuchten T\u00f6tungsdelikt. <\/p>\n<p>Auf Antrag der Staatsanwaltschaft Stuttgart erlie\u00df das Amtsgericht am Donnerstag einen Haftbefehl, der anschlie\u00dfend durch Kriminalbeamte vollstreckt wurde. Am Donnerstagnachmittag setzte das Amtsgericht den Haftbefehl im Rahmen der Vorf\u00fchrung in Vollzug; der Tatverd\u00e4chtige wurde in eine Justizvollzugsanstalt eingewiesen.<\/p>\n<p>  <img decoding=\"async\" loading=\"lazy\" src=\"https:\/\/www.europesays.com\/de\/wp-content\/uploads\/2025\/12\/media.media.120c7184-a998-429f-9a74-ce5c195d0f7d.original1024.media.jpeg\"\/>     In der Nacht auf Sonntag soll an einem   <a href=\"https:\/\/www.stuttgarter-nachrichten.de\/thema\/Spielplatz\" title=\"Spielplatz\" class=\"art_thema\" target=\"_blank\" rel=\"noopener\">Spielplatz<\/a> in   <a href=\"https:\/\/www.stuttgarter-nachrichten.de\/thema\/Stuttgart-Weilimdorf\" title=\"Weilimdorf\" class=\"art_thema\" target=\"_blank\" rel=\"noopener\">Weilimdorf<\/a> ein 16-J\u00e4hriger angeschossen worden sein.    Foto: Lichtgut    16-J\u00e4hriger auf Spielplatz in Weilimdorf angeschossen  <\/p>\n<p>Bei dem Vorfall am Sonntag war ein 16-J\u00e4hriger auf einem Spielplatz in Weilimdorf angeschossen worden. Der Jugendliche wurde dabei schwer verletzt.<\/p>\n<p>Zuvor soll es in der N\u00e4he der Lindenbachhalle am L\u00f6wenmarkt zu einem Streit zwischen mehreren Personen gekommen sein, in dessen Verlauf mehrere <a href=\"https:\/\/www.stuttgarter-nachrichten.de\/thema\/Sch%C3%BCsse\" title=\"Sch\u00fcsse\" class=\"art_thema\" target=\"_blank\" rel=\"noopener\">Sch\u00fcsse<\/a> gefallen sein sollen. Der 16-J\u00e4hrige wurde sp\u00e4ter mit einer Schussverletzung am rund sieben Kilometer entfernten Nordbahnhof gefunden.<\/p>\n","protected":false},"excerpt":{"rendered":"Der Spielplatz \u201eBeim Esel\u201c im Park bei der Lindenbachhalle in Stuttgart-Weilimdorf ist von der Polizei als Tatort abgesperrt.\u00a0Foto:&hellip;\n","protected":false},"author":2,"featured_media":639710,"comment_status":"","ping_status":"","sticky":false,"template":"","format":"standard","meta":{"footnotes":""},"categories":[1830],"tags":[1634,3364,29,30,121,8248,2688,3445,1441,4994,5329],"class_list":{"0":"post-639709","1":"post","2":"type-post","3":"status-publish","4":"format-standard","5":"has-post-thumbnail","7":"category-stuttgart","8":"tag-baden-wuerttemberg","9":"tag-de","10":"tag-deutschland","11":"tag-germany","12":"tag-polizei","13":"tag-polizeibericht-stuttgart","14":"tag-schuesse","15":"tag-spielplatz","16":"tag-stuttgart","17":"tag-stuttgart-weilimdorf","18":"tag-video"},"share_on_mastodon":{"url":"","error":""},"_links":{"self":[{"href":"https:\/\/www.europesays.com\/de\/wp-json\/wp\/v2\/posts\/639709","targetHints":{"allow":["GET"]}}],"collection":[{"href":"https:\/\/www.europesays.com\/de\/wp-json\/wp\/v2\/posts"}],"about":[{"href":"https:\/\/www.europesays.com\/de\/wp-json\/wp\/v2\/types\/post"}],"author":[{"embeddable":true,"href":"https:\/\/www.europesays.com\/de\/wp-json\/wp\/v2\/users\/2"}],"replies":[{"embeddable":true,"href":"https:\/\/www.europesays.com\/de\/wp-json\/wp\/v2\/comments?post=639709"}],"version-history":[{"count":0,"href":"https:\/\/www.europesays.com\/de\/wp-json\/wp\/v2\/posts\/639709\/revisions"}],"wp:featuredmedia":[{"embeddable":true,"href":"https:\/\/www.europesays.com\/de\/wp-json\/wp\/v2\/media\/639710"}],"wp:attachment":[{"href":"https:\/\/www.europesays.com\/de\/wp-json\/wp\/v2\/media?parent=639709"}],"wp:term":[{"taxonomy":"category","embeddable":true,"href":"https:\/\/www.europesays.com\/de\/wp-json\/wp\/v2\/categories?post=639709"},{"taxonomy":"post_tag","embeddable":true,"href":"https:\/\/www.europesays.com\/de\/wp-json\/wp\/v2\/tags?post=639709"}],"curies":[{"name":"wp","href":"https:\/\/api.w.org\/{rel}","templated":true}]}}