{"id":63973,"date":"2025-04-26T23:20:12","date_gmt":"2025-04-26T23:20:12","guid":{"rendered":"https:\/\/www.europesays.com\/de\/63973\/"},"modified":"2025-04-26T23:20:12","modified_gmt":"2025-04-26T23:20:12","slug":"weitere-festnahmen-in-der-tuerkei-nach-inhaftierung-imamoglus","status":"publish","type":"post","link":"https:\/\/www.europesays.com\/de\/63973\/","title":{"rendered":"Weitere Festnahmen in der T\u00fcrkei nach Inhaftierung \u0130mamo\u011flus"},"content":{"rendered":"<p class=\"metatextline\">Stand: 26.04.2025 19:13 Uhr<\/p>\n<p class=\"textabsatz columns twelve  m-ten  m-offset-one l-eight l-offset-two\">\n        <strong>Gut einen Monat nach der Inhaftierung des damaligen Istanbuler B\u00fcrgermeisters \u0130mamo\u011flu haben die t\u00fcrkischen Beh\u00f6rden weitere 50 Mitglieder der Stadtverwaltung festgenommen. Die Opposition setzte ihre Proteste fort.<\/strong>\n    <\/p>\n<p class=\"textabsatz m-ten m-offset-one l-eight l-offset-two columns twelve\">\nMehrere Menschen aus dem Umfeld der Istanbuler Stadtverwaltung sind im Zusammenhang mit Korruptionsermittlungen festgenommen worden. Die Verhaftungen fanden rund einen Monat nach der Inhaftierung des mittlerweile abgesetzten Istanbuler B\u00fcrgermeisters Ekrem \u0130mamo\u011flu statt.<\/p>\n<p class=\"textabsatz m-ten m-offset-one l-eight l-offset-two columns twelve\">\n50 Personen seien in Gewahrsam genommen worden sein, f\u00fcr drei weitere liegen Haftbefehle vor, wie die Nachrichtenagentur dpa in Berufung auf die staatliche Nachrichtenagentur Anadolu berichtet. Die Festnahmen wurden demnach in den Provinzen Istanbul, Ankara und Tekirdag durchgef\u00fchrt.<\/p>\n<p>    Rechtm\u00e4\u00dfigkeit infrage gestellt<\/p>\n<p class=\"textabsatz m-ten m-offset-one l-eight l-offset-two columns twelve\">\nUnter den nun Festgenommenen sind laut dem t\u00fcrkischen Staatssender TRT etwa die Chefsekret\u00e4rin \u0130mamo\u011flus und sein Personensch\u00fctzer. Auch der Direktor der Istanbuler Wasserwerke wurde festgesetzt.<\/p>\n<p class=\"textabsatz m-ten m-offset-one l-eight l-offset-two columns twelve\">\n\u0130mamo\u011flu war am 19. M\u00e4rz gemeinsam mit weiteren Personen verhaftet und sp\u00e4ter abgesetzt worden. Ihm werden Vorw\u00fcrfe im Zusammenhang mit Korruptions- und Terrorermittlungen gemacht. Beobachter \u00e4u\u00dfern erhebliche Zweifel an der Substanz der Beweislage.<\/p>\n<p class=\"textabsatz m-ten m-offset-one l-eight l-offset-two columns twelve\">\n\u0130mamo\u011flu weist die Vorw\u00fcrfe zur\u00fcck. Das Vorgehen gegen ihn wird weithin als politisch motiviert kritisiert. Er gilt als aussichtsreicher Herausforderer des t\u00fcrkischen Pr\u00e4sidenten Recep Tayyip Erdogan bei einer kommenden Pr\u00e4sidentschaftswahl.<\/p>\n<p>    Die Proteste rei\u00dfen nicht ab<\/p>\n<p class=\"textabsatz m-ten m-offset-one l-eight l-offset-two columns twelve\">\nZugleich gehen die Proteste gegen das Vorgehen der Beh\u00f6rden weiter. \u0130mamo\u011flus Partei CHP hatte zu w\u00f6chentlichen Kundgebungen aufgerufen. Diesmal gingen in der Millionenstadt Mersin nach Angaben t\u00fcrkischer Medien Zehntausende B\u00fcrgerinnen und B\u00fcrger auf die Stra\u00dfe.<\/p>\n<p class=\"textabsatz m-ten m-offset-one l-eight l-offset-two columns twelve\">\nDie Veranstaltung war die dritte ihrer Art. Bereits in den vergangenen Wochen gab es in den St\u00e4dten Samsun und Yozgat Kundgebungen mit mehreren Tausend Teilnehmenden.<\/p>\n","protected":false},"excerpt":{"rendered":"Stand: 26.04.2025 19:13 Uhr Gut einen Monat nach der Inhaftierung des damaligen Istanbuler B\u00fcrgermeisters \u0130mamo\u011flu haben die t\u00fcrkischen&hellip;\n","protected":false},"author":2,"featured_media":63974,"comment_status":"","ping_status":"","sticky":false,"template":"","format":"standard","meta":{"footnotes":""},"categories":[3],"tags":[13,1246,14,15,4330,12,10,8,9,11,143,103,104],"class_list":{"0":"post-63973","1":"post","2":"type-post","3":"status-publish","4":"format-standard","5":"has-post-thumbnail","7":"category-welt","8":"tag-headlines","9":"tag-imamoglu","10":"tag-nachrichten","11":"tag-news","12":"tag-protest","13":"tag-schlagzeilen","14":"tag-top-news","15":"tag-top-meldungen","16":"tag-topmeldungen","17":"tag-topnews","18":"tag-tuerkei","19":"tag-welt","20":"tag-world"},"share_on_mastodon":{"url":"https:\/\/pubeurope.com\/@de\/114406832440967420","error":""},"_links":{"self":[{"href":"https:\/\/www.europesays.com\/de\/wp-json\/wp\/v2\/posts\/63973","targetHints":{"allow":["GET"]}}],"collection":[{"href":"https:\/\/www.europesays.com\/de\/wp-json\/wp\/v2\/posts"}],"about":[{"href":"https:\/\/www.europesays.com\/de\/wp-json\/wp\/v2\/types\/post"}],"author":[{"embeddable":true,"href":"https:\/\/www.europesays.com\/de\/wp-json\/wp\/v2\/users\/2"}],"replies":[{"embeddable":true,"href":"https:\/\/www.europesays.com\/de\/wp-json\/wp\/v2\/comments?post=63973"}],"version-history":[{"count":0,"href":"https:\/\/www.europesays.com\/de\/wp-json\/wp\/v2\/posts\/63973\/revisions"}],"wp:featuredmedia":[{"embeddable":true,"href":"https:\/\/www.europesays.com\/de\/wp-json\/wp\/v2\/media\/63974"}],"wp:attachment":[{"href":"https:\/\/www.europesays.com\/de\/wp-json\/wp\/v2\/media?parent=63973"}],"wp:term":[{"taxonomy":"category","embeddable":true,"href":"https:\/\/www.europesays.com\/de\/wp-json\/wp\/v2\/categories?post=63973"},{"taxonomy":"post_tag","embeddable":true,"href":"https:\/\/www.europesays.com\/de\/wp-json\/wp\/v2\/tags?post=63973"}],"curies":[{"name":"wp","href":"https:\/\/api.w.org\/{rel}","templated":true}]}}