{"id":63975,"date":"2025-04-26T23:21:11","date_gmt":"2025-04-26T23:21:11","guid":{"rendered":"https:\/\/www.europesays.com\/de\/63975\/"},"modified":"2025-04-26T23:21:11","modified_gmt":"2025-04-26T23:21:11","slug":"todes-droge-im-umlauf-polizei-warnt-bewohner","status":"publish","type":"post","link":"https:\/\/www.europesays.com\/de\/63975\/","title":{"rendered":"Todes-Droge im Umlauf? Polizei warnt Bewohner"},"content":{"rendered":"<p>Drei Opfer innerhalb von zwei Tagen <\/p>\n<p>Todes-Droge im Umlauf? Polizei warnt Bewohner deutscher Kleinstadt<\/p>\n<p>Aktualisiert am 25.04.2025Lesedauer: 2 Min.<\/p>\n<p><a href=\"#focus-0\" class=\"transition-colors duration-200 focus-within:text-magenta block text-current relative\" data-sctrack=\"FocusGalleryImage.Reference\"><img fetchpriority=\"high\" data-testid=\"Opener.Image\" style=\"--lqipURL:url('https:\/\/images.t-online.de\/2025\/04\/oVQztXvoMEe1\/0x209:4000x2250\/fit-in\/150x0\/filters:blur(25)\/werkzeug-das-bei-drogenkonsum-zum-einsatz-kommt-in-cham-in-bayern-sorgen-drei-mutmassliche-drogentote-fuer-aufregung.jpg')\"   loading=\"eager\" src=\"https:\/\/www.europesays.com\/de\/wp-content\/uploads\/2025\/04\/werkzeug-das-bei-drogenkonsum-zum-einsatz-kommt-in-cham-in-bayern-sorgen-drei-mutmassliche-drogentot.jpeg\" alt=\"Werkzeug, das bei Drogenkonsum zum Einsatz kommt: In Cham in Bayern sorgen drei mutma\u00dfliche Drogentote f\u00fcr Aufregung.\" title=\"Werkzeug, das bei Drogenkonsum zum Einsatz kommt: In Cham in Bayern sorgen drei mutma\u00dfliche Drogentote f\u00fcr Aufregung.\" width=\"4000\" height=\"2250\" class=\"bg-[url:var(--lqipURL)] bg-cover bg-center flex w-full max-w-full h-full\" decoding=\"async\"\/><img style=\"--width:32;--height:32\" loading=\"lazy\" src=\"https:\/\/www.europesays.com\/de\/wp-content\/uploads\/2025\/03\/zoom-in.f7dae02f.svg.svg+xml\" alt=\"Vergr\u00f6\u00dfern des Bildes\" title=\"Vergr\u00f6\u00dfern des Bildes\" class=\"&#10;        block&#10;        h-[calc(var(--height)_\/_16_*_1rem)]&#10;        w-[calc(var(--width)_\/_16_*_1rem)]&#10;        max-w-none&#10;        absolute bottom-8 right-8 rounded-4 bg-snow p-8\" decoding=\"async\"\/><\/a><\/p>\n<p>Werkzeug, das bei Drogenkonsum zum Einsatz kommt (Symbolbild): In Cham in Bayern haben drei mutma\u00dfliche Drogentote Aufregung ausgel\u00f6st. (Quelle: Michael Bihlmayer\/imago-images-bilder)<\/p>\n<p class=\"font-bold text-18 leading-17\">Die Kleinstadt Cham wird von einer r\u00e4tselhaften Serie von Todesf\u00e4llen ersch\u00fcttert. Die Polizei hat einen Verdacht \u2013 und r\u00e4t dringend zur Vorsicht.<\/p>\n<p class=\"text-18 leading-17\">Die Stadt Cham hat rund 17.000 Einwohner und liegt idyllisch im Bayerischen Wald, nicht weit entfernt von der tschechischen Grenze. Es gibt ein Wellnesshotel, eine B\u00e4ckerei, einen Kleingartenverein. Doch in dieser Woche sind in der bayerischen Kleinstadt gleich mehrere Todesf\u00e4lle zum Fall f\u00fcr die Kripo geworden.<\/p>\n<p class=\"text-18 leading-17\">Die Serie begann laut Polizei am Dienstagmorgen. Beamte fanden einen 33 Jahre alten Mann leblos auf dem Gel\u00e4nde einer Tankstelle. Einen Tag sp\u00e4ter, am Mittwoch, wurden in einer Wohnung zwei weitere Leichen entdeckt. Es handelt sich um einen 24 Jahre alten Mann und eine 20-j\u00e4hrige Frau, wie die Ermittler mitteilten. Der Mann war in der Wohnung gemeldet, die Frau war offenbar zu Besuch. Hinweise auf <a class=\"transition-colors duration-200 cursor-pointer text-inherit no-underline text-salemsfur md:hover:text-magenta md:hover:border-magenta md:focus:text-magenta border-current border-b border-solid break-words\" href=\"https:\/\/www.t-online.de\/themen\/gewaltverbrechen\/\" data-sctrack=\"BodyAnchor\" rel=\"nofollow noopener\" target=\"_blank\">Gewaltverbrechen<\/a> ergaben sich nicht. Vielmehr geht die Polizei von Drogen als Todesursache aus \u2013 und zwar in allen drei F\u00e4llen.<\/p>\n<p class=\"text-18 leading-17\">In der Wohnung der beiden Opfer fanden Polizisten Bet\u00e4ubungsmittel. Sie sollen jetzt mit einem Gutachten untersucht werden. Auch bei dem 33 Jahre alten Toten vom Dienstag gebe es Hinweise auf eine Drogenintoxikation, so die Polizei. Der Leichnam soll jetzt obduziert werden. Alle drei Toten sollen in Zusammenhang mit Drogen schon bei der Polizei aufgefallen sein. In welchem Verh\u00e4ltnis die drei Toten zueinander stehen, ist unbekannt. &#8222;Wir k\u00f6nnen noch nicht genau sagen, was die Todesursache war&#8220;, sagte ein Polizeisprecher der &#8222;Bild&#8220;-Zeitung. Mit dem Gutachten will die Polizei kl\u00e4ren, ob alle drei Opfer an der gleichen Substanz starben.<\/p>\n<p class=\"text-18 leading-17\">Die Polizei warnt: Es k\u00f6nne nicht ausgeschlossen werden, dass im Umlauf befindliche Substanzen verunreinigt seien. Auch sei denkbar, dass die Wirkstoffe st\u00e4rker seien als angegeben. Die Polizei wies auch nochmals darauf hin, dass Bet\u00e4ubungsmittel niemals mit anderen Drogen vermischt werden sollten, &#8222;da die Wirkungen solcher Rauschgiftcocktails unberechenbar sind&#8220;.<\/p>\n","protected":false},"excerpt":{"rendered":"Drei Opfer innerhalb von zwei Tagen Todes-Droge im Umlauf? Polizei warnt Bewohner deutscher Kleinstadt Aktualisiert am 25.04.2025Lesedauer: 2&hellip;\n","protected":false},"author":2,"featured_media":63976,"comment_status":"","ping_status":"","sticky":false,"template":"","format":"standard","meta":{"footnotes":""},"categories":[2],"tags":[1434,23732,772,15687,29,433,30,13,28795,14,15,12,3533,10,8,9,11],"class_list":{"0":"post-63975","1":"post","2":"type-post","3":"status-publish","4":"format-standard","5":"has-post-thumbnail","7":"category-deutschland","8":"tag-1434","9":"tag-bayerischer-wald","10":"tag-bayern","11":"tag-cham","12":"tag-deutschland","13":"tag-drogen","14":"tag-germany","15":"tag-headlines","16":"tag-kleinstadt","17":"tag-nachrichten","18":"tag-news","19":"tag-schlagzeilen","20":"tag-todesfall","21":"tag-top-news","22":"tag-top-meldungen","23":"tag-topmeldungen","24":"tag-topnews"},"share_on_mastodon":{"url":"https:\/\/pubeurope.com\/@de\/114406836425364647","error":""},"_links":{"self":[{"href":"https:\/\/www.europesays.com\/de\/wp-json\/wp\/v2\/posts\/63975","targetHints":{"allow":["GET"]}}],"collection":[{"href":"https:\/\/www.europesays.com\/de\/wp-json\/wp\/v2\/posts"}],"about":[{"href":"https:\/\/www.europesays.com\/de\/wp-json\/wp\/v2\/types\/post"}],"author":[{"embeddable":true,"href":"https:\/\/www.europesays.com\/de\/wp-json\/wp\/v2\/users\/2"}],"replies":[{"embeddable":true,"href":"https:\/\/www.europesays.com\/de\/wp-json\/wp\/v2\/comments?post=63975"}],"version-history":[{"count":0,"href":"https:\/\/www.europesays.com\/de\/wp-json\/wp\/v2\/posts\/63975\/revisions"}],"wp:featuredmedia":[{"embeddable":true,"href":"https:\/\/www.europesays.com\/de\/wp-json\/wp\/v2\/media\/63976"}],"wp:attachment":[{"href":"https:\/\/www.europesays.com\/de\/wp-json\/wp\/v2\/media?parent=63975"}],"wp:term":[{"taxonomy":"category","embeddable":true,"href":"https:\/\/www.europesays.com\/de\/wp-json\/wp\/v2\/categories?post=63975"},{"taxonomy":"post_tag","embeddable":true,"href":"https:\/\/www.europesays.com\/de\/wp-json\/wp\/v2\/tags?post=63975"}],"curies":[{"name":"wp","href":"https:\/\/api.w.org\/{rel}","templated":true}]}}